{"id":77738,"date":"2021-05-06T18:47:50","date_gmt":"2021-05-06T21:47:50","guid":{"rendered":"http:\/\/infoecos.com.ar\/?p=77738"},"modified":"2021-05-06T18:50:30","modified_gmt":"2021-05-06T21:50:30","slug":"habilitan-en-trenque-lauquen-actividades-en-gimnasios-natatorios-y-salones-de-bailes","status":"publish","type":"post","link":"https:\/\/infoecos.com.ar\/index.php\/habilitan-en-trenque-lauquen-actividades-en-gimnasios-natatorios-y-salones-de-bailes\/","title":{"rendered":"Habilitan en Trenque Lauquen actividades en gimnasios, natatorios y salones de bailes"},"content":{"rendered":"\n<p class=\"wp-block-paragraph\">El Municipio de Trenque Lauquen habilit\u00f3 a algunas actividades como gimnasios, natatorios y salones de bailes que hab\u00edan sido vedados en la actualizaci\u00f3n de los prohibiciones de Fase 3 en la que se encuentra Trenque Lauquen.<\/p>\n\n\n\n<p class=\"wp-block-paragraph\">Los mismos seguir\u00e1n funcionando de igual modo que lo hac\u00edan hasta el lunes pasado, hasta las 20 horas y con protocolo que establece no m\u00e1s de 10 alumnos en lugares cerrados.<\/p>\n\n\n\n<div class=\"wp-block-image\"><figure class=\"aligncenter size-medium\"><img loading=\"lazy\" decoding=\"async\" width=\"460\" height=\"460\" src=\"http:\/\/infoecos.com.ar\/wp-content\/uploads\/gimnasiostl-460x460.png\" alt=\"\" class=\"wp-image-63504\" srcset=\"https:\/\/infoecos.com.ar\/wp-content\/uploads\/gimnasiostl-460x460.png 460w, https:\/\/infoecos.com.ar\/wp-content\/uploads\/gimnasiostl-150x150.png 150w, https:\/\/infoecos.com.ar\/wp-content\/uploads\/gimnasiostl.png 685w\" sizes=\"auto, (max-width: 460px) 100vw, 460px\" \/><\/figure><\/div>\n\n\n\n<p class=\"wp-block-paragraph\">Este es el texto difundido por la Municipalidad: \u201cEl d\u00eda lunes 3\/5\/2021 el Intendente Municipal Interino Esteban Vidal, solicit\u00f3 a la Provincia de Buenos Aires se revea la medida adoptada en el \u00e1mbito de las restricciones impuestas por la Resoluci\u00f3n 1555\/2021, entre las que est\u00e1n incluidas la prohibici\u00f3n del desarrollo de actividades deportivas en espacios cerrados, as\u00ed como la de los gimnasios en espacios cerrados y la de las piletas climatizadas.<\/p>\n\n\n\n<p class=\"wp-block-paragraph\">Dicha solicitud se fundamenta en el entendimiento de que la realidad del interior de la Provincia de Buenos Aires en estos \u00e1mbitos, es diametralmente distinta a la que se presenta en similares espacios en CABA o Gran Buenos Aires, y permite, con un riesgo absolutamente menor y controlado, llevar adelante las actividades que en dichos \u00e1mbitos se realizan, en donde conforme hemos podido controlar y constatar como Municipio durante el curso de la pandemia, el cumplimiento de los Protocolos pertinentes en forma estricta.<\/p>\n\n\n\n<p class=\"wp-block-paragraph\">Asimismo entendemos que dichos espacios pueden ser utilizados en forma positiva, esto es, como modelos de conducta a seguir, sitios en donde se difunde y recuerda a la poblaci\u00f3n en forma diaria las medidas de cuidado generales que como comunidad debemos adoptar frente a los riesgos de contagio del virus.<\/p>\n\n\n\n<p class=\"wp-block-paragraph\">Lo expuesto, relativo al bajo riesgo de la actividad y la posibilidad de utilizarlas como medios multiplicadores del mensaje que se pretende hacer llegar a la poblaci\u00f3n, no debe tampoco dejar de hacer notar que las nuevas medidas restrictivas afectan en forma cierta y grave a gran parte de la econom\u00eda local, perjudicando directamente a las familias que de ello viven, se sostienen y motorizan el circuito econ\u00f3mico productivo de nuestra localidad como asimismo la de los alrededores.<\/p>\n\n\n\n<p class=\"wp-block-paragraph\">Advertimos tambi\u00e9n el contraste e inconsistencia que se presenta para sostener la prohibici\u00f3n particularmente cuando vemos que las mismas actividades, en los mismos o similares \u00e1mbitos, y con los mismos actores, continua siendo permitida por el solo hecho de desarrollarse en el marco de la actividad educativa.<\/p>\n\n\n\n<p class=\"wp-block-paragraph\">Es por ello que, teniendo en cuenta las razones expuestas, habiendo analizado \u00edtem por \u00edtem las permisiones y prohibiciones contenidas en el Anexo I de la Resoluci\u00f3n de Jefatura de Gabinete de Ministros citada, y advirtiendo que dicha normativa permite actividades deportivas colectivas con o sin contacto al aire libre o en espacios cerrados con amplia ventilacion hasta 10 personas, con el mismo criterio entonces vamos a permitir que se desarrollen con ese l\u00edmite de 10 personas, nunca superando el aforo del 30%, y hasta las 20 hs:<\/p>\n\n\n\n<p class=\"wp-block-paragraph\">\u2013 Gimnasios y salones de baile<\/p>\n\n\n\n<p class=\"wp-block-paragraph\">\u2013 Piletas climatizadas cerradas<\/p>\n\n\n\n<p class=\"wp-block-paragraph\">\u2013 Deportes en espacios cerrados<\/p>\n","protected":false},"excerpt":{"rendered":"<p>Los mismos seguir\u00e1n funcionando de igual modo que lo hac\u00edan hasta el lunes pasado, hasta las 20 horas y con protocolo que establece no m\u00e1s de 10 alumnos en lugares cerrados<\/p>\n","protected":false},"author":2,"featured_media":63504,"comment_status":"closed","ping_status":"open","sticky":false,"template":"","format":"standard","meta":{"footnotes":""},"categories":[50],"tags":[3608],"class_list":["post-77738","post","type-post","status-publish","format-standard","has-post-thumbnail","hentry","category-c1nota4","tag-hasta-las-20-horas-y-no-mas-de-10-alumnos"],"featured_image_urls":{"full":["https:\/\/infoecos.com.ar\/wp-content\/uploads\/gimnasiostl.png",685,683,false],"thumbnail":["https:\/\/infoecos.com.ar\/wp-content\/uploads\/gimnasiostl-150x150.png",150,150,true],"medium":["https:\/\/infoecos.com.ar\/wp-content\/uploads\/gimnasiostl-460x460.png",460,460,true],"medium_large":["https:\/\/infoecos.com.ar\/wp-content\/uploads\/gimnasiostl.png",640,638,false],"large":["https:\/\/infoecos.com.ar\/wp-content\/uploads\/gimnasiostl.png",640,638,false],"1536x1536":["https:\/\/infoecos.com.ar\/wp-content\/uploads\/gimnasiostl.png",685,683,false],"2048x2048":["https:\/\/infoecos.com.ar\/wp-content\/uploads\/gimnasiostl.png",685,683,false],"covernews-slider-full":["https:\/\/infoecos.com.ar\/wp-content\/uploads\/gimnasiostl.png",685,683,false],"covernews-slider-center":["https:\/\/infoecos.com.ar\/wp-content\/uploads\/gimnasiostl.png",501,500,false],"covernews-featured":["https:\/\/infoecos.com.ar\/wp-content\/uploads\/gimnasiostl.png",685,683,false],"covernews-medium":["https:\/\/infoecos.com.ar\/wp-content\/uploads\/gimnasiostl-685x380.png",540,300,true],"covernews-medium-square":["https:\/\/infoecos.com.ar\/wp-content\/uploads\/gimnasiostl-675x450.png",375,250,true]},"author_info":{"info":["Jorge Matheus"]},"category_info":"<a href=\"https:\/\/infoecos.com.ar\/index.php\/category\/c1nota4\/\" rel=\"category tag\">C1 N4<\/a>","tag_info":"C1 N4","comment_count":"0","_links":{"self":[{"href":"https:\/\/infoecos.com.ar\/index.php\/wp-json\/wp\/v2\/posts\/77738","targetHints":{"allow":["GET"]}}],"collection":[{"href":"https:\/\/infoecos.com.ar\/index.php\/wp-json\/wp\/v2\/posts"}],"about":[{"href":"https:\/\/infoecos.com.ar\/index.php\/wp-json\/wp\/v2\/types\/post"}],"author":[{"embeddable":true,"href":"https:\/\/infoecos.com.ar\/index.php\/wp-json\/wp\/v2\/users\/2"}],"replies":[{"embeddable":true,"href":"https:\/\/infoecos.com.ar\/index.php\/wp-json\/wp\/v2\/comments?post=77738"}],"version-history":[{"count":2,"href":"https:\/\/infoecos.com.ar\/index.php\/wp-json\/wp\/v2\/posts\/77738\/revisions"}],"predecessor-version":[{"id":77740,"href":"https:\/\/infoecos.com.ar\/index.php\/wp-json\/wp\/v2\/posts\/77738\/revisions\/77740"}],"wp:featuredmedia":[{"embeddable":true,"href":"https:\/\/infoecos.com.ar\/index.php\/wp-json\/wp\/v2\/media\/63504"}],"wp:attachment":[{"href":"https:\/\/infoecos.com.ar\/index.php\/wp-json\/wp\/v2\/media?parent=77738"}],"wp:term":[{"taxonomy":"category","embeddable":true,"href":"https:\/\/infoecos.com.ar\/index.php\/wp-json\/wp\/v2\/categories?post=77738"},{"taxonomy":"post_tag","embeddable":true,"href":"https:\/\/infoecos.com.ar\/index.php\/wp-json\/wp\/v2\/tags?post=77738"}],"curies":[{"name":"wp","href":"https:\/\/api.w.org\/{rel}","templated":true}]}}