{"id":77741,"date":"2021-05-07T00:00:51","date_gmt":"2021-05-07T03:00:51","guid":{"rendered":"http:\/\/infoecos.com.ar\/?p=77741"},"modified":"2021-05-07T00:00:55","modified_gmt":"2021-05-07T03:00:55","slug":"agenda-estrategica-de-desarrollo-trenque-lauquen-2030-laburatorio-de-proyectos","status":"publish","type":"post","link":"https:\/\/infoecos.com.ar\/index.php\/agenda-estrategica-de-desarrollo-trenque-lauquen-2030-laburatorio-de-proyectos\/","title":{"rendered":"Agenda Estrat\u00e9gica de Desarrollo Trenque Lauquen 2030: \u00abLaburatorio de proyectos\u00bb"},"content":{"rendered":"\n<p class=\"wp-block-paragraph\">La Agenda Estrat\u00e9gica de Desarrollo Trenque Lauquen 2030 lanza un \u201cLaburatorio de proyectos\u201d, un espacio colaborativo de formaci\u00f3n y experimentaci\u00f3n que propone ir de una idea a un proyecto y del proyecto a la acci\u00f3n.<\/p>\n\n\n\n<p class=\"wp-block-paragraph\">De este espacio, que es gratuito, podr\u00e1n participar proyectos de cualquier tem\u00e1tica mediante la modalidad virtual y se desarrollar\u00e1 durante dos (2) horas por semana.<\/p>\n\n\n\n<div class=\"wp-block-image\"><figure class=\"aligncenter size-medium\"><img decoding=\"async\" src=\"http:\/\/infoecos.com.ar\/wp-content\/uploads\/Arco-de-acceso-2-460x307.jpg\" alt=\"\" class=\"wp-image-45997\"\/><figcaption>Trenque Lauquen &#8211; Arco de acceso<\/figcaption><\/figure><\/div>\n\n\n\n<p class=\"wp-block-paragraph\">Para conocer detalles de la iniciativa, la Agenda 2030 brindar\u00e1 una charla informativa el jueves de la semana que viene (13) y el inicio del Laburatorio est\u00e1 previsto para una semana despu\u00e9s, el jueves 20.<\/p>\n\n\n\n<p class=\"wp-block-paragraph\">Las personas interesadas en la propuesta puedan hacer consultas al siguiente mail: agendatl2030@gmail.com y para acceder al formulario de inscripci\u00f3n hay que ingresar al siguiente <strong>Link:https:\/\/forms.gle\/22z4TudUjxpx8eGY8<\/strong><\/p>\n\n\n\n<p class=\"wp-block-paragraph\">El formulario se deber\u00e1 completar con los datos personales: nombre y apellido, direcci\u00f3n de correo electr\u00f3nico, celular y lugar de residencia.<\/p>\n\n\n\n<p class=\"wp-block-paragraph\">Adem\u00e1s, quienes se inscriban deber\u00e1n elegir la frase que mejor describe su situaci\u00f3n entre las siguientes opciones:<\/p>\n\n\n\n<p class=\"wp-block-paragraph\">. \u201cIdentifico una tem\u00e1tica y me gustar\u00eda desarrollar alg\u00fan proyecto relacionado, pero no tengo una idea concreta\u201d<\/p>\n\n\n\n<p class=\"wp-block-paragraph\">. \u201cTengo una idea de proyecto y me gustar\u00eda poder llevarla a la pr\u00e1ctica\u201d<\/p>\n\n\n\n<p class=\"wp-block-paragraph\">. \u201cTengo un proyecto ya en marcha y me gustar\u00eda mejorarlo\u201d.<\/p>\n\n\n\n<p class=\"wp-block-paragraph\">Tambi\u00e9n deber\u00e1n seleccionar sobre cu\u00e1l\/es de las siguientes tem\u00e1ticas le gustar\u00eda trabajar:<\/p>\n\n\n\n<p class=\"wp-block-paragraph\">. Econ\u00f3mica y productiva<\/p>\n\n\n\n<p class=\"wp-block-paragraph\">. Asociativa, barrial y comunitaria<\/p>\n\n\n\n<p class=\"wp-block-paragraph\">. Ambiente<\/p>\n\n\n\n<p class=\"wp-block-paragraph\">. Cultura e identidad local<\/p>\n","protected":false},"excerpt":{"rendered":"<p>Para conocer detalles de la iniciativa, la Agenda 2030 brindar\u00e1 una charla informativa el jueves de la semana que viene (13) y el inicio del Laburatorio est\u00e1 previsto para una semana despu\u00e9s, el jueves 20<\/p>\n","protected":false},"author":2,"featured_media":45997,"comment_status":"closed","ping_status":"open","sticky":false,"template":"","format":"standard","meta":{"footnotes":""},"categories":[48],"tags":[3609],"class_list":["post-77741","post","type-post","status-publish","format-standard","has-post-thumbnail","hentry","category-c2nota3","tag-mediante-modalidad-virtual"],"featured_image_urls":{"full":"","thumbnail":"","medium":"","medium_large":"","large":"","1536x1536":"","2048x2048":"","covernews-slider-full":"","covernews-slider-center":"","covernews-featured":"","covernews-medium":"","covernews-medium-square":""},"author_info":{"info":["Jorge Matheus"]},"category_info":"<a href=\"https:\/\/infoecos.com.ar\/index.php\/category\/c2nota3\/\" rel=\"category tag\">C2 N3<\/a>","tag_info":"C2 N3","comment_count":"0","_links":{"self":[{"href":"https:\/\/infoecos.com.ar\/index.php\/wp-json\/wp\/v2\/posts\/77741","targetHints":{"allow":["GET"]}}],"collection":[{"href":"https:\/\/infoecos.com.ar\/index.php\/wp-json\/wp\/v2\/posts"}],"about":[{"href":"https:\/\/infoecos.com.ar\/index.php\/wp-json\/wp\/v2\/types\/post"}],"author":[{"embeddable":true,"href":"https:\/\/infoecos.com.ar\/index.php\/wp-json\/wp\/v2\/users\/2"}],"replies":[{"embeddable":true,"href":"https:\/\/infoecos.com.ar\/index.php\/wp-json\/wp\/v2\/comments?post=77741"}],"version-history":[{"count":1,"href":"https:\/\/infoecos.com.ar\/index.php\/wp-json\/wp\/v2\/posts\/77741\/revisions"}],"predecessor-version":[{"id":77742,"href":"https:\/\/infoecos.com.ar\/index.php\/wp-json\/wp\/v2\/posts\/77741\/revisions\/77742"}],"wp:attachment":[{"href":"https:\/\/infoecos.com.ar\/index.php\/wp-json\/wp\/v2\/media?parent=77741"}],"wp:term":[{"taxonomy":"category","embeddable":true,"href":"https:\/\/infoecos.com.ar\/index.php\/wp-json\/wp\/v2\/categories?post=77741"},{"taxonomy":"post_tag","embeddable":true,"href":"https:\/\/infoecos.com.ar\/index.php\/wp-json\/wp\/v2\/tags?post=77741"}],"curies":[{"name":"wp","href":"https:\/\/api.w.org\/{rel}","templated":true}]}}