{"id":77748,"date":"2021-05-07T00:16:11","date_gmt":"2021-05-07T03:16:11","guid":{"rendered":"http:\/\/infoecos.com.ar\/?p=77748"},"modified":"2021-05-07T00:16:16","modified_gmt":"2021-05-07T03:16:16","slug":"iniciaran-las-obras-de-la-autopista-en-ruta-nacional-33-entre-rufino-y-san-eduardo","status":"publish","type":"post","link":"https:\/\/infoecos.com.ar\/index.php\/iniciaran-las-obras-de-la-autopista-en-ruta-nacional-33-entre-rufino-y-san-eduardo\/","title":{"rendered":"Iniciar\u00e1n las obras de la autopista en Ruta Nacional 33 entre Rufino y San Eduardo"},"content":{"rendered":"\n<p>El Intendente municipal de General Villegas, Eduardo Campana, estuvo presente este jueves en el acto en el que\u00a0se firm\u00f3 el convenio de inicio de obras del tramo de la autopista 33 entre Rufino y San Eduardo en el que participaron el Gobernador de la provincia de Santa Fe Omar Perotti, el Administrador General de Vialidad Nacional, Gustavo Arrieta, el Gerente de Regiones de Vialidad Nacional Patricio Garc\u00eda y el Intendente de Rufino Abel Lattanzi.<\/p>\n\n\n\n<div class=\"wp-block-image\"><figure class=\"aligncenter size-medium\"><img loading=\"lazy\" decoding=\"async\" width=\"460\" height=\"259\" src=\"http:\/\/infoecos.com.ar\/wp-content\/uploads\/2021\/05\/WhatsApp-Image-2021-05-06-at-17.07.51-460x259.jpeg\" alt=\"\" class=\"wp-image-77749\" srcset=\"https:\/\/infoecos.com.ar\/wp-content\/uploads\/2021\/05\/WhatsApp-Image-2021-05-06-at-17.07.51-460x259.jpeg 460w, https:\/\/infoecos.com.ar\/wp-content\/uploads\/2021\/05\/WhatsApp-Image-2021-05-06-at-17.07.51-920x518.jpeg 920w, https:\/\/infoecos.com.ar\/wp-content\/uploads\/2021\/05\/WhatsApp-Image-2021-05-06-at-17.07.51-768x432.jpeg 768w, https:\/\/infoecos.com.ar\/wp-content\/uploads\/2021\/05\/WhatsApp-Image-2021-05-06-at-17.07.51-1024x576.jpeg 1024w, https:\/\/infoecos.com.ar\/wp-content\/uploads\/2021\/05\/WhatsApp-Image-2021-05-06-at-17.07.51.jpeg 1032w\" sizes=\"(max-width: 460px) 100vw, 460px\" \/><figcaption>Perotti y Campana<\/figcaption><\/figure><\/div>\n\n\n\n<p>\u201cLe agradezco por encargarse de esta obra tan necesaria y adem\u00e1s le pido por el tramo que une Rufino \u2013 Villegas\u201d, le dijo Campana al finalizar el acto al Administrador de Vialidad.<\/p>\n\n\n\n<p>En este sentido Arrieta contest\u00f3: \u201cya estuvimos hablando, y el Ministro (Gabriel Katopodis) me pidi\u00f3 que comenz\u00e1ramos a trabajar en la apertura presupuestaria de esa obra as\u00ed que con un poco de suerte, mucho trabajo y decisi\u00f3n pol\u00edtica vamos a poder avanzar en eso\u201d.<\/p>\n\n\n\n<p>Por su parte Patricio Garc\u00eda consider\u00f3 que \u201cahora Vialidad toma la obra como propia porque hab\u00eda sido abandonada previamente y nos va a llevar mucho tiempo hasta que terminemos de resolver algunas cuestiones, pero no por eso vamos a dejar de tapar los baches y tratar que est\u00e9 en condiciones mucho mejor de lo que actualmente est\u00e1 y sobre todo a partir de ahora que podemos intervenir\u201d.<\/p>\n\n\n\n<div class=\"wp-block-image\"><figure class=\"aligncenter size-medium\"><img loading=\"lazy\" decoding=\"async\" width=\"460\" height=\"259\" src=\"http:\/\/infoecos.com.ar\/wp-content\/uploads\/2021\/05\/WhatsApp-Image-2021-05-06-at-17.08.53-460x259.jpeg\" alt=\"\" class=\"wp-image-77750\" srcset=\"https:\/\/infoecos.com.ar\/wp-content\/uploads\/2021\/05\/WhatsApp-Image-2021-05-06-at-17.08.53-460x259.jpeg 460w, https:\/\/infoecos.com.ar\/wp-content\/uploads\/2021\/05\/WhatsApp-Image-2021-05-06-at-17.08.53-920x518.jpeg 920w, https:\/\/infoecos.com.ar\/wp-content\/uploads\/2021\/05\/WhatsApp-Image-2021-05-06-at-17.08.53-768x432.jpeg 768w, https:\/\/infoecos.com.ar\/wp-content\/uploads\/2021\/05\/WhatsApp-Image-2021-05-06-at-17.08.53-1024x576.jpeg 1024w, https:\/\/infoecos.com.ar\/wp-content\/uploads\/2021\/05\/WhatsApp-Image-2021-05-06-at-17.08.53.jpeg 1032w\" sizes=\"(max-width: 460px) 100vw, 460px\" \/><figcaption>Intendente de Rufino y Campana<\/figcaption><\/figure><\/div>\n\n\n\n<p>\u201cUna vez resuelto esto vamos a contar con presupuesto para licitar esta obra de unos 3 mil millones de pesos y estimo que eso nos va a llevar todo este a\u00f1o\u201d, agreg\u00f3.<\/p>\n\n\n\n<p>El pedido y las gestiones las realizan conjuntamente con los Intendentes de la regi\u00f3n y entre ellos los Municipios de General Villegas, Trenque Lauquen y Rivadavia.<\/p>\n\n\n\n<div class=\"wp-block-image\"><figure class=\"aligncenter size-medium\"><img loading=\"lazy\" decoding=\"async\" width=\"460\" height=\"307\" src=\"http:\/\/infoecos.com.ar\/wp-content\/uploads\/2021\/05\/WhatsApp-Image-2021-05-06-at-18.27.48-460x307.jpeg\" alt=\"\" class=\"wp-image-77751\" srcset=\"https:\/\/infoecos.com.ar\/wp-content\/uploads\/2021\/05\/WhatsApp-Image-2021-05-06-at-18.27.48-460x307.jpeg 460w, https:\/\/infoecos.com.ar\/wp-content\/uploads\/2021\/05\/WhatsApp-Image-2021-05-06-at-18.27.48.jpeg 600w\" sizes=\"(max-width: 460px) 100vw, 460px\" \/><\/figure><\/div>\n\n\n\n<p>El acto se realiz\u00f3 en el Obrador de las empresas que construir\u00e1n la autopista, a metros de ruta 33 frente al acceso a Rufino. Con la r\u00fabrica del documento, comenzar\u00e1n los plazos de ejecuci\u00f3n del mega proyecto, por un monto de 15.200 millones de pesos, que abarca la duplicaci\u00f3n de la calzada entre Rufino y el acceso a San Eduardo, al suroeste de Venado Tuerto.<\/p>\n","protected":false},"excerpt":{"rendered":"<p>El pedido y las gestiones para la ampliaci\u00f3n de esa autopista las realizan conjuntamente los Intendentes de la regi\u00f3n y entre ellos los Municipios de General Villegas, Trenque Lauquen y Rivadavia<\/p>\n","protected":false},"author":2,"featured_media":77749,"comment_status":"closed","ping_status":"open","sticky":false,"template":"","format":"standard","meta":{"footnotes":""},"categories":[24],"tags":[1196],"class_list":["post-77748","post","type-post","status-publish","format-standard","has-post-thumbnail","hentry","category-c1nota3","tag-obras-viales"],"yoast_head":"<!-- This site is optimized with the Yoast SEO plugin v23.4 - https:\/\/yoast.com\/wordpress\/plugins\/seo\/ -->\n<title>Iniciar\u00e1n las obras de la autopista en Ruta Nacional 33 entre Rufino y San Eduardo - Infoecos<\/title>\n<meta name=\"robots\" content=\"index, follow, max-snippet:-1, max-image-preview:large, max-video-preview:-1\" \/>\n<link rel=\"canonical\" href=\"https:\/\/infoecos.com.ar\/index.php\/iniciaran-las-obras-de-la-autopista-en-ruta-nacional-33-entre-rufino-y-san-eduardo\/\" \/>\n<meta property=\"og:locale\" content=\"es_ES\" \/>\n<meta property=\"og:type\" content=\"article\" \/>\n<meta property=\"og:title\" content=\"Iniciar\u00e1n las obras de la autopista en Ruta Nacional 33 entre Rufino y San Eduardo - Infoecos\" \/>\n<meta property=\"og:description\" content=\"El pedido y las gestiones para la ampliaci\u00f3n de esa autopista las realizan conjuntamente los Intendentes de la regi\u00f3n y entre ellos los Municipios de General Villegas, Trenque Lauquen y Rivadavia\" \/>\n<meta property=\"og:url\" content=\"https:\/\/infoecos.com.ar\/index.php\/iniciaran-las-obras-de-la-autopista-en-ruta-nacional-33-entre-rufino-y-san-eduardo\/\" \/>\n<meta property=\"og:site_name\" content=\"Infoecos\" \/>\n<meta property=\"article:publisher\" content=\"https:\/\/www.facebook.com\/profile.php?id=100063200290284\" \/>\n<meta property=\"article:published_time\" content=\"2021-05-07T03:16:11+00:00\" \/>\n<meta property=\"article:modified_time\" content=\"2021-05-07T03:16:16+00:00\" \/>\n<meta property=\"og:image\" content=\"https:\/\/infoecos.com.ar\/wp-content\/uploads\/2021\/05\/WhatsApp-Image-2021-05-06-at-17.07.51.jpeg\" \/>\n\t<meta property=\"og:image:width\" content=\"1032\" \/>\n\t<meta property=\"og:image:height\" content=\"581\" \/>\n\t<meta property=\"og:image:type\" content=\"image\/jpeg\" \/>\n<meta name=\"author\" content=\"Jorge Matheus\" \/>\n<meta name=\"twitter:card\" content=\"summary_large_image\" \/>\n<meta name=\"twitter:creator\" content=\"@infoecos\" \/>\n<meta name=\"twitter:site\" content=\"@infoecos\" \/>\n<meta name=\"twitter:label1\" content=\"Escrito por\" \/>\n\t<meta name=\"twitter:data1\" content=\"Jorge Matheus\" \/>\n\t<meta name=\"twitter:label2\" content=\"Tiempo de lectura\" \/>\n\t<meta name=\"twitter:data2\" content=\"2 minutos\" \/>\n<script type=\"application\/ld+json\" class=\"yoast-schema-graph\">{\"@context\":\"https:\/\/schema.org\",\"@graph\":[{\"@type\":\"Article\",\"@id\":\"https:\/\/infoecos.com.ar\/index.php\/iniciaran-las-obras-de-la-autopista-en-ruta-nacional-33-entre-rufino-y-san-eduardo\/#article\",\"isPartOf\":{\"@id\":\"https:\/\/infoecos.com.ar\/index.php\/iniciaran-las-obras-de-la-autopista-en-ruta-nacional-33-entre-rufino-y-san-eduardo\/\"},\"author\":{\"name\":\"Jorge Matheus\",\"@id\":\"https:\/\/infoecos.com.ar\/#\/schema\/person\/8f5ace5ce73b4b4aac4b7245aee6f191\"},\"headline\":\"Iniciar\u00e1n las obras de la autopista en Ruta Nacional 33 entre Rufino y San Eduardo\",\"datePublished\":\"2021-05-07T03:16:11+00:00\",\"dateModified\":\"2021-05-07T03:16:16+00:00\",\"mainEntityOfPage\":{\"@id\":\"https:\/\/infoecos.com.ar\/index.php\/iniciaran-las-obras-de-la-autopista-en-ruta-nacional-33-entre-rufino-y-san-eduardo\/\"},\"wordCount\":373,\"publisher\":{\"@id\":\"https:\/\/infoecos.com.ar\/#organization\"},\"image\":{\"@id\":\"https:\/\/infoecos.com.ar\/index.php\/iniciaran-las-obras-de-la-autopista-en-ruta-nacional-33-entre-rufino-y-san-eduardo\/#primaryimage\"},\"thumbnailUrl\":\"https:\/\/infoecos.com.ar\/wp-content\/uploads\/2021\/05\/WhatsApp-Image-2021-05-06-at-17.07.51.jpeg\",\"keywords\":[\"OBRAS VIALES\"],\"articleSection\":[\"C1 N3\"],\"inLanguage\":\"es\"},{\"@type\":\"WebPage\",\"@id\":\"https:\/\/infoecos.com.ar\/index.php\/iniciaran-las-obras-de-la-autopista-en-ruta-nacional-33-entre-rufino-y-san-eduardo\/\",\"url\":\"https:\/\/infoecos.com.ar\/index.php\/iniciaran-las-obras-de-la-autopista-en-ruta-nacional-33-entre-rufino-y-san-eduardo\/\",\"name\":\"Iniciar\u00e1n las obras de la autopista en Ruta Nacional 33 entre Rufino y San Eduardo - Infoecos\",\"isPartOf\":{\"@id\":\"https:\/\/infoecos.com.ar\/#website\"},\"primaryImageOfPage\":{\"@id\":\"https:\/\/infoecos.com.ar\/index.php\/iniciaran-las-obras-de-la-autopista-en-ruta-nacional-33-entre-rufino-y-san-eduardo\/#primaryimage\"},\"image\":{\"@id\":\"https:\/\/infoecos.com.ar\/index.php\/iniciaran-las-obras-de-la-autopista-en-ruta-nacional-33-entre-rufino-y-san-eduardo\/#primaryimage\"},\"thumbnailUrl\":\"https:\/\/infoecos.com.ar\/wp-content\/uploads\/2021\/05\/WhatsApp-Image-2021-05-06-at-17.07.51.jpeg\",\"datePublished\":\"2021-05-07T03:16:11+00:00\",\"dateModified\":\"2021-05-07T03:16:16+00:00\",\"breadcrumb\":{\"@id\":\"https:\/\/infoecos.com.ar\/index.php\/iniciaran-las-obras-de-la-autopista-en-ruta-nacional-33-entre-rufino-y-san-eduardo\/#breadcrumb\"},\"inLanguage\":\"es\",\"potentialAction\":[{\"@type\":\"ReadAction\",\"target\":[\"https:\/\/infoecos.com.ar\/index.php\/iniciaran-las-obras-de-la-autopista-en-ruta-nacional-33-entre-rufino-y-san-eduardo\/\"]}]},{\"@type\":\"ImageObject\",\"inLanguage\":\"es\",\"@id\":\"https:\/\/infoecos.com.ar\/index.php\/iniciaran-las-obras-de-la-autopista-en-ruta-nacional-33-entre-rufino-y-san-eduardo\/#primaryimage\",\"url\":\"https:\/\/infoecos.com.ar\/wp-content\/uploads\/2021\/05\/WhatsApp-Image-2021-05-06-at-17.07.51.jpeg\",\"contentUrl\":\"https:\/\/infoecos.com.ar\/wp-content\/uploads\/2021\/05\/WhatsApp-Image-2021-05-06-at-17.07.51.jpeg\",\"width\":1032,\"height\":581},{\"@type\":\"BreadcrumbList\",\"@id\":\"https:\/\/infoecos.com.ar\/index.php\/iniciaran-las-obras-de-la-autopista-en-ruta-nacional-33-entre-rufino-y-san-eduardo\/#breadcrumb\",\"itemListElement\":[{\"@type\":\"ListItem\",\"position\":1,\"name\":\"Portada\",\"item\":\"https:\/\/infoecos.com.ar\/\"},{\"@type\":\"ListItem\",\"position\":2,\"name\":\"Iniciar\u00e1n las obras de la autopista en Ruta Nacional 33 entre Rufino y San Eduardo\"}]},{\"@type\":\"WebSite\",\"@id\":\"https:\/\/infoecos.com.ar\/#website\",\"url\":\"https:\/\/infoecos.com.ar\/\",\"name\":\"Infoecos\",\"description\":\"Noticias de trenque lauquen y la zona\",\"publisher\":{\"@id\":\"https:\/\/infoecos.com.ar\/#organization\"},\"alternateName\":\"Noticias\",\"potentialAction\":[{\"@type\":\"SearchAction\",\"target\":{\"@type\":\"EntryPoint\",\"urlTemplate\":\"https:\/\/infoecos.com.ar\/?s={search_term_string}\"},\"query-input\":{\"@type\":\"PropertyValueSpecification\",\"valueRequired\":true,\"valueName\":\"search_term_string\"}}],\"inLanguage\":\"es\"},{\"@type\":\"Organization\",\"@id\":\"https:\/\/infoecos.com.ar\/#organization\",\"name\":\"Infoecos\",\"alternateName\":\"Noticias\",\"url\":\"https:\/\/infoecos.com.ar\/\",\"logo\":{\"@type\":\"ImageObject\",\"inLanguage\":\"es\",\"@id\":\"https:\/\/infoecos.com.ar\/#\/schema\/logo\/image\/\",\"url\":\"https:\/\/infoecos.com.ar\/wp-content\/uploads\/2024\/03\/cropped-logo.png\",\"contentUrl\":\"https:\/\/infoecos.com.ar\/wp-content\/uploads\/2024\/03\/cropped-logo.png\",\"width\":374,\"height\":90,\"caption\":\"Infoecos\"},\"image\":{\"@id\":\"https:\/\/infoecos.com.ar\/#\/schema\/logo\/image\/\"},\"sameAs\":[\"https:\/\/www.facebook.com\/profile.php?id=100063200290284\",\"https:\/\/x.com\/infoecos\"]},{\"@type\":\"Person\",\"@id\":\"https:\/\/infoecos.com.ar\/#\/schema\/person\/8f5ace5ce73b4b4aac4b7245aee6f191\",\"name\":\"Jorge Matheus\",\"url\":\"https:\/\/infoecos.com.ar\/index.php\/author\/jomatheus\/\"}]}<\/script>\n<!-- \/ Yoast SEO plugin. -->","yoast_head_json":{"title":"Iniciar\u00e1n las obras de la autopista en Ruta Nacional 33 entre Rufino y San Eduardo - Infoecos","robots":{"index":"index","follow":"follow","max-snippet":"max-snippet:-1","max-image-preview":"max-image-preview:large","max-video-preview":"max-video-preview:-1"},"canonical":"https:\/\/infoecos.com.ar\/index.php\/iniciaran-las-obras-de-la-autopista-en-ruta-nacional-33-entre-rufino-y-san-eduardo\/","og_locale":"es_ES","og_type":"article","og_title":"Iniciar\u00e1n las obras de la autopista en Ruta Nacional 33 entre Rufino y San Eduardo - Infoecos","og_description":"El pedido y las gestiones para la ampliaci\u00f3n de esa autopista las realizan conjuntamente los Intendentes de la regi\u00f3n y entre ellos los Municipios de General Villegas, Trenque Lauquen y Rivadavia","og_url":"https:\/\/infoecos.com.ar\/index.php\/iniciaran-las-obras-de-la-autopista-en-ruta-nacional-33-entre-rufino-y-san-eduardo\/","og_site_name":"Infoecos","article_publisher":"https:\/\/www.facebook.com\/profile.php?id=100063200290284","article_published_time":"2021-05-07T03:16:11+00:00","article_modified_time":"2021-05-07T03:16:16+00:00","og_image":[{"width":1032,"height":581,"url":"https:\/\/infoecos.com.ar\/wp-content\/uploads\/2021\/05\/WhatsApp-Image-2021-05-06-at-17.07.51.jpeg","type":"image\/jpeg"}],"author":"Jorge Matheus","twitter_card":"summary_large_image","twitter_creator":"@infoecos","twitter_site":"@infoecos","twitter_misc":{"Escrito por":"Jorge Matheus","Tiempo de lectura":"2 minutos"},"schema":{"@context":"https:\/\/schema.org","@graph":[{"@type":"Article","@id":"https:\/\/infoecos.com.ar\/index.php\/iniciaran-las-obras-de-la-autopista-en-ruta-nacional-33-entre-rufino-y-san-eduardo\/#article","isPartOf":{"@id":"https:\/\/infoecos.com.ar\/index.php\/iniciaran-las-obras-de-la-autopista-en-ruta-nacional-33-entre-rufino-y-san-eduardo\/"},"author":{"name":"Jorge Matheus","@id":"https:\/\/infoecos.com.ar\/#\/schema\/person\/8f5ace5ce73b4b4aac4b7245aee6f191"},"headline":"Iniciar\u00e1n las obras de la autopista en Ruta Nacional 33 entre Rufino y San Eduardo","datePublished":"2021-05-07T03:16:11+00:00","dateModified":"2021-05-07T03:16:16+00:00","mainEntityOfPage":{"@id":"https:\/\/infoecos.com.ar\/index.php\/iniciaran-las-obras-de-la-autopista-en-ruta-nacional-33-entre-rufino-y-san-eduardo\/"},"wordCount":373,"publisher":{"@id":"https:\/\/infoecos.com.ar\/#organization"},"image":{"@id":"https:\/\/infoecos.com.ar\/index.php\/iniciaran-las-obras-de-la-autopista-en-ruta-nacional-33-entre-rufino-y-san-eduardo\/#primaryimage"},"thumbnailUrl":"https:\/\/infoecos.com.ar\/wp-content\/uploads\/2021\/05\/WhatsApp-Image-2021-05-06-at-17.07.51.jpeg","keywords":["OBRAS VIALES"],"articleSection":["C1 N3"],"inLanguage":"es"},{"@type":"WebPage","@id":"https:\/\/infoecos.com.ar\/index.php\/iniciaran-las-obras-de-la-autopista-en-ruta-nacional-33-entre-rufino-y-san-eduardo\/","url":"https:\/\/infoecos.com.ar\/index.php\/iniciaran-las-obras-de-la-autopista-en-ruta-nacional-33-entre-rufino-y-san-eduardo\/","name":"Iniciar\u00e1n las obras de la autopista en Ruta Nacional 33 entre Rufino y San Eduardo - Infoecos","isPartOf":{"@id":"https:\/\/infoecos.com.ar\/#website"},"primaryImageOfPage":{"@id":"https:\/\/infoecos.com.ar\/index.php\/iniciaran-las-obras-de-la-autopista-en-ruta-nacional-33-entre-rufino-y-san-eduardo\/#primaryimage"},"image":{"@id":"https:\/\/infoecos.com.ar\/index.php\/iniciaran-las-obras-de-la-autopista-en-ruta-nacional-33-entre-rufino-y-san-eduardo\/#primaryimage"},"thumbnailUrl":"https:\/\/infoecos.com.ar\/wp-content\/uploads\/2021\/05\/WhatsApp-Image-2021-05-06-at-17.07.51.jpeg","datePublished":"2021-05-07T03:16:11+00:00","dateModified":"2021-05-07T03:16:16+00:00","breadcrumb":{"@id":"https:\/\/infoecos.com.ar\/index.php\/iniciaran-las-obras-de-la-autopista-en-ruta-nacional-33-entre-rufino-y-san-eduardo\/#breadcrumb"},"inLanguage":"es","potentialAction":[{"@type":"ReadAction","target":["https:\/\/infoecos.com.ar\/index.php\/iniciaran-las-obras-de-la-autopista-en-ruta-nacional-33-entre-rufino-y-san-eduardo\/"]}]},{"@type":"ImageObject","inLanguage":"es","@id":"https:\/\/infoecos.com.ar\/index.php\/iniciaran-las-obras-de-la-autopista-en-ruta-nacional-33-entre-rufino-y-san-eduardo\/#primaryimage","url":"https:\/\/infoecos.com.ar\/wp-content\/uploads\/2021\/05\/WhatsApp-Image-2021-05-06-at-17.07.51.jpeg","contentUrl":"https:\/\/infoecos.com.ar\/wp-content\/uploads\/2021\/05\/WhatsApp-Image-2021-05-06-at-17.07.51.jpeg","width":1032,"height":581},{"@type":"BreadcrumbList","@id":"https:\/\/infoecos.com.ar\/index.php\/iniciaran-las-obras-de-la-autopista-en-ruta-nacional-33-entre-rufino-y-san-eduardo\/#breadcrumb","itemListElement":[{"@type":"ListItem","position":1,"name":"Portada","item":"https:\/\/infoecos.com.ar\/"},{"@type":"ListItem","position":2,"name":"Iniciar\u00e1n las obras de la autopista en Ruta Nacional 33 entre Rufino y San Eduardo"}]},{"@type":"WebSite","@id":"https:\/\/infoecos.com.ar\/#website","url":"https:\/\/infoecos.com.ar\/","name":"Infoecos","description":"Noticias de trenque lauquen y la zona","publisher":{"@id":"https:\/\/infoecos.com.ar\/#organization"},"alternateName":"Noticias","potentialAction":[{"@type":"SearchAction","target":{"@type":"EntryPoint","urlTemplate":"https:\/\/infoecos.com.ar\/?s={search_term_string}"},"query-input":{"@type":"PropertyValueSpecification","valueRequired":true,"valueName":"search_term_string"}}],"inLanguage":"es"},{"@type":"Organization","@id":"https:\/\/infoecos.com.ar\/#organization","name":"Infoecos","alternateName":"Noticias","url":"https:\/\/infoecos.com.ar\/","logo":{"@type":"ImageObject","inLanguage":"es","@id":"https:\/\/infoecos.com.ar\/#\/schema\/logo\/image\/","url":"https:\/\/infoecos.com.ar\/wp-content\/uploads\/2024\/03\/cropped-logo.png","contentUrl":"https:\/\/infoecos.com.ar\/wp-content\/uploads\/2024\/03\/cropped-logo.png","width":374,"height":90,"caption":"Infoecos"},"image":{"@id":"https:\/\/infoecos.com.ar\/#\/schema\/logo\/image\/"},"sameAs":["https:\/\/www.facebook.com\/profile.php?id=100063200290284","https:\/\/x.com\/infoecos"]},{"@type":"Person","@id":"https:\/\/infoecos.com.ar\/#\/schema\/person\/8f5ace5ce73b4b4aac4b7245aee6f191","name":"Jorge Matheus","url":"https:\/\/infoecos.com.ar\/index.php\/author\/jomatheus\/"}]}},"featured_image_urls":{"full":["https:\/\/infoecos.com.ar\/wp-content\/uploads\/2021\/05\/WhatsApp-Image-2021-05-06-at-17.07.51.jpeg",1032,581,false],"thumbnail":["https:\/\/infoecos.com.ar\/wp-content\/uploads\/2021\/05\/WhatsApp-Image-2021-05-06-at-17.07.51-150x150.jpeg",150,150,true],"medium":["https:\/\/infoecos.com.ar\/wp-content\/uploads\/2021\/05\/WhatsApp-Image-2021-05-06-at-17.07.51-460x259.jpeg",460,259,true],"medium_large":["https:\/\/infoecos.com.ar\/wp-content\/uploads\/2021\/05\/WhatsApp-Image-2021-05-06-at-17.07.51-768x432.jpeg",640,360,true],"large":["https:\/\/infoecos.com.ar\/wp-content\/uploads\/2021\/05\/WhatsApp-Image-2021-05-06-at-17.07.51-920x518.jpeg",640,360,true],"1536x1536":["https:\/\/infoecos.com.ar\/wp-content\/uploads\/2021\/05\/WhatsApp-Image-2021-05-06-at-17.07.51.jpeg",1032,581,false],"2048x2048":["https:\/\/infoecos.com.ar\/wp-content\/uploads\/2021\/05\/WhatsApp-Image-2021-05-06-at-17.07.51.jpeg",1032,581,false],"covernews-slider-full":["https:\/\/infoecos.com.ar\/wp-content\/uploads\/2021\/05\/WhatsApp-Image-2021-05-06-at-17.07.51.jpeg",1032,581,false],"covernews-slider-center":["https:\/\/infoecos.com.ar\/wp-content\/uploads\/2021\/05\/WhatsApp-Image-2021-05-06-at-17.07.51-936x581.jpeg",800,497,true],"covernews-featured":["https:\/\/infoecos.com.ar\/wp-content\/uploads\/2021\/05\/WhatsApp-Image-2021-05-06-at-17.07.51-1024x576.jpeg",1024,576,true],"covernews-medium":["https:\/\/infoecos.com.ar\/wp-content\/uploads\/2021\/05\/WhatsApp-Image-2021-05-06-at-17.07.51-720x380.jpeg",540,285,true],"covernews-medium-square":["https:\/\/infoecos.com.ar\/wp-content\/uploads\/2021\/05\/WhatsApp-Image-2021-05-06-at-17.07.51-675x450.jpeg",375,250,true]},"author_info":{"info":["Jorge Matheus"]},"category_info":"<a href=\"https:\/\/infoecos.com.ar\/index.php\/category\/c1nota3\/\" rel=\"category tag\">C1 N3<\/a>","tag_info":"C1 N3","comment_count":"0","_links":{"self":[{"href":"https:\/\/infoecos.com.ar\/index.php\/wp-json\/wp\/v2\/posts\/77748"}],"collection":[{"href":"https:\/\/infoecos.com.ar\/index.php\/wp-json\/wp\/v2\/posts"}],"about":[{"href":"https:\/\/infoecos.com.ar\/index.php\/wp-json\/wp\/v2\/types\/post"}],"author":[{"embeddable":true,"href":"https:\/\/infoecos.com.ar\/index.php\/wp-json\/wp\/v2\/users\/2"}],"replies":[{"embeddable":true,"href":"https:\/\/infoecos.com.ar\/index.php\/wp-json\/wp\/v2\/comments?post=77748"}],"version-history":[{"count":1,"href":"https:\/\/infoecos.com.ar\/index.php\/wp-json\/wp\/v2\/posts\/77748\/revisions"}],"predecessor-version":[{"id":77752,"href":"https:\/\/infoecos.com.ar\/index.php\/wp-json\/wp\/v2\/posts\/77748\/revisions\/77752"}],"wp:featuredmedia":[{"embeddable":true,"href":"https:\/\/infoecos.com.ar\/index.php\/wp-json\/wp\/v2\/media\/77749"}],"wp:attachment":[{"href":"https:\/\/infoecos.com.ar\/index.php\/wp-json\/wp\/v2\/media?parent=77748"}],"wp:term":[{"taxonomy":"category","embeddable":true,"href":"https:\/\/infoecos.com.ar\/index.php\/wp-json\/wp\/v2\/categories?post=77748"},{"taxonomy":"post_tag","embeddable":true,"href":"https:\/\/infoecos.com.ar\/index.php\/wp-json\/wp\/v2\/tags?post=77748"}],"curies":[{"name":"wp","href":"https:\/\/api.w.org\/{rel}","templated":true}]}}