{"id":77756,"date":"2021-05-07T00:28:55","date_gmt":"2021-05-07T03:28:55","guid":{"rendered":"http:\/\/infoecos.com.ar\/?p=77756"},"modified":"2021-05-07T00:28:57","modified_gmt":"2021-05-07T03:28:57","slug":"el-intendente-de-carlos-casares-alerto-a-la-poblacion-sobre-el-crecimiento-de-casos","status":"publish","type":"post","link":"https:\/\/infoecos.com.ar\/index.php\/el-intendente-de-carlos-casares-alerto-a-la-poblacion-sobre-el-crecimiento-de-casos\/","title":{"rendered":"El intendente de Carlos Casares alert\u00f3 a la poblaci\u00f3n sobre el crecimiento de casos"},"content":{"rendered":"\n<p class=\"wp-block-paragraph\">\u201cEntre 60 y 80 casos es razonable pero dada esta situaci\u00f3n pido que los pr\u00f3ximos d\u00edas tomen mayores cuidados, porque si crecen los casos de manera exponencial lo m\u00e1s factible es que bajemos de fase que implica m\u00e1s restricciones y, eso depende del cuidado de la sociedad y no mi decisi\u00f3n pol\u00edtica\u201d, record\u00f3 especialmente el\u00a0Intendente Municipal de Carlos Casares, Walter Torchio, recordando que tambi\u00e9n la regi\u00f3n est\u00e1 complicada epidemiol\u00f3gicamente.\u00a0<\/p>\n\n\n\n<div class=\"wp-block-image\"><figure class=\"aligncenter size-medium\"><img loading=\"lazy\" decoding=\"async\" width=\"460\" height=\"307\" src=\"http:\/\/infoecos.com.ar\/wp-content\/uploads\/torchio-5-460x307.jpg\" alt=\"\" class=\"wp-image-63580\" srcset=\"https:\/\/infoecos.com.ar\/wp-content\/uploads\/torchio-5-460x307.jpg 460w, https:\/\/infoecos.com.ar\/wp-content\/uploads\/torchio-5-920x614.jpg 920w, https:\/\/infoecos.com.ar\/wp-content\/uploads\/torchio-5-768x512.jpg 768w, https:\/\/infoecos.com.ar\/wp-content\/uploads\/torchio-5-1024x683.jpg 1024w, https:\/\/infoecos.com.ar\/wp-content\/uploads\/torchio-5-675x450.jpg 675w, https:\/\/infoecos.com.ar\/wp-content\/uploads\/torchio-5.jpg 1280w\" sizes=\"auto, (max-width: 460px) 100vw, 460px\" \/><\/figure><\/div>\n\n\n\n<p class=\"wp-block-paragraph\">\u201cA\u00fan estamos en un nivel razonable, pero hay que cuidarse para que podamos seguir adelante dentro de esta normalidad acotada\u201d, mencion\u00f3 el titular del ejecutivo casarense y remarc\u00f3 que hay que ser solidarios para con la comunidad en general, pero sobre todo con los que trabajan, estudian y el personal de salud.<\/p>\n","protected":false},"excerpt":{"rendered":"<p>\u201cA\u00fan estamos en un nivel razonable, pero hay que cuidarse para que podamos seguir adelante dentro de esta normalidad acotada\u201d, mencion\u00f3 el titular del ejecutivo casarense<\/p>\n","protected":false},"author":2,"featured_media":63580,"comment_status":"closed","ping_status":"open","sticky":false,"template":"","format":"standard","meta":{"footnotes":""},"categories":[1341],"tags":[1785],"class_list":["post-77756","post","type-post","status-publish","format-standard","has-post-thumbnail","hentry","category-c1nota7","tag-coronavirus"],"featured_image_urls":{"full":["https:\/\/infoecos.com.ar\/wp-content\/uploads\/torchio-5.jpg",1280,854,false],"thumbnail":["https:\/\/infoecos.com.ar\/wp-content\/uploads\/torchio-5-150x150.jpg",150,150,true],"medium":["https:\/\/infoecos.com.ar\/wp-content\/uploads\/torchio-5-460x307.jpg",460,307,true],"medium_large":["https:\/\/infoecos.com.ar\/wp-content\/uploads\/torchio-5-768x512.jpg",640,427,true],"large":["https:\/\/infoecos.com.ar\/wp-content\/uploads\/torchio-5-920x614.jpg",640,427,true],"1536x1536":["https:\/\/infoecos.com.ar\/wp-content\/uploads\/torchio-5.jpg",1280,854,false],"2048x2048":["https:\/\/infoecos.com.ar\/wp-content\/uploads\/torchio-5.jpg",1280,854,false],"covernews-slider-full":["https:\/\/infoecos.com.ar\/wp-content\/uploads\/torchio-5.jpg",1072,715,false],"covernews-slider-center":["https:\/\/infoecos.com.ar\/wp-content\/uploads\/torchio-5-936x854.jpg",548,500,true],"covernews-featured":["https:\/\/infoecos.com.ar\/wp-content\/uploads\/torchio-5-1024x683.jpg",1024,683,true],"covernews-medium":["https:\/\/infoecos.com.ar\/wp-content\/uploads\/torchio-5-720x380.jpg",540,285,true],"covernews-medium-square":["https:\/\/infoecos.com.ar\/wp-content\/uploads\/torchio-5-675x450.jpg",375,250,true]},"author_info":{"info":["Jorge Matheus"]},"category_info":"<a href=\"https:\/\/infoecos.com.ar\/index.php\/category\/c1nota7\/\" rel=\"category tag\">C1 nota 7<\/a>","tag_info":"C1 nota 7","comment_count":"0","_links":{"self":[{"href":"https:\/\/infoecos.com.ar\/index.php\/wp-json\/wp\/v2\/posts\/77756","targetHints":{"allow":["GET"]}}],"collection":[{"href":"https:\/\/infoecos.com.ar\/index.php\/wp-json\/wp\/v2\/posts"}],"about":[{"href":"https:\/\/infoecos.com.ar\/index.php\/wp-json\/wp\/v2\/types\/post"}],"author":[{"embeddable":true,"href":"https:\/\/infoecos.com.ar\/index.php\/wp-json\/wp\/v2\/users\/2"}],"replies":[{"embeddable":true,"href":"https:\/\/infoecos.com.ar\/index.php\/wp-json\/wp\/v2\/comments?post=77756"}],"version-history":[{"count":1,"href":"https:\/\/infoecos.com.ar\/index.php\/wp-json\/wp\/v2\/posts\/77756\/revisions"}],"predecessor-version":[{"id":77757,"href":"https:\/\/infoecos.com.ar\/index.php\/wp-json\/wp\/v2\/posts\/77756\/revisions\/77757"}],"wp:featuredmedia":[{"embeddable":true,"href":"https:\/\/infoecos.com.ar\/index.php\/wp-json\/wp\/v2\/media\/63580"}],"wp:attachment":[{"href":"https:\/\/infoecos.com.ar\/index.php\/wp-json\/wp\/v2\/media?parent=77756"}],"wp:term":[{"taxonomy":"category","embeddable":true,"href":"https:\/\/infoecos.com.ar\/index.php\/wp-json\/wp\/v2\/categories?post=77756"},{"taxonomy":"post_tag","embeddable":true,"href":"https:\/\/infoecos.com.ar\/index.php\/wp-json\/wp\/v2\/tags?post=77756"}],"curies":[{"name":"wp","href":"https:\/\/api.w.org\/{rel}","templated":true}]}}