{"id":77774,"date":"2021-05-07T16:19:27","date_gmt":"2021-05-07T19:19:27","guid":{"rendered":"http:\/\/infoecos.com.ar\/?p=77774"},"modified":"2021-05-07T16:19:29","modified_gmt":"2021-05-07T19:19:29","slug":"26-personas-de-trenque-lauquen-seleccionadas-en-el-programa-cultura-solidaria","status":"publish","type":"post","link":"https:\/\/infoecos.com.ar\/index.php\/26-personas-de-trenque-lauquen-seleccionadas-en-el-programa-cultura-solidaria\/","title":{"rendered":"26 personas de Trenque Lauquen seleccionadas en el programa Cultura Solidaria"},"content":{"rendered":"\n<p class=\"wp-block-paragraph\">Un total de 26 personas fueron seleccionadas en el distrito de Trenque Lauquen como beneficiarios del programa Cultura Solidaria, por un aporte total de $ 780 mil, se inform\u00f3 este viernes.<\/p>\n\n\n\n<p class=\"wp-block-paragraph\">El programa alcanza a artistas, trabajadores y trabajadoras de la cultura\u00a0que cumplan roles art\u00edsticos, t\u00e9cnicos y de formaci\u00f3n y que se hayan visto afectados por el actual contexto sanitario<\/p>\n\n\n\n<div class=\"wp-block-image\"><figure class=\"aligncenter size-medium\"><img loading=\"lazy\" decoding=\"async\" width=\"460\" height=\"258\" src=\"http:\/\/infoecos.com.ar\/wp-content\/uploads\/2021\/05\/culturasolidaria-460x258.png\" alt=\"\" class=\"wp-image-77775\" srcset=\"https:\/\/infoecos.com.ar\/wp-content\/uploads\/2021\/05\/culturasolidaria-460x258.png 460w, https:\/\/infoecos.com.ar\/wp-content\/uploads\/2021\/05\/culturasolidaria-920x516.png 920w, https:\/\/infoecos.com.ar\/wp-content\/uploads\/2021\/05\/culturasolidaria-768x431.png 768w, https:\/\/infoecos.com.ar\/wp-content\/uploads\/2021\/05\/culturasolidaria-1024x575.png 1024w, https:\/\/infoecos.com.ar\/wp-content\/uploads\/2021\/05\/culturasolidaria.png 1062w\" sizes=\"auto, (max-width: 460px) 100vw, 460px\" \/><\/figure><\/div>\n\n\n\n<p class=\"wp-block-paragraph\">Este incentivo se lanz\u00f3 en marzo pasado y se trata de un beneficio extraordinario cuyo objetivo es seguir acompa\u00f1ando a uno de los sectores m\u00e1s afectados por la pandemia de coronavirus e impulsar el desarrollo de las industrias culturales.<\/p>\n\n\n\n<p class=\"wp-block-paragraph\">El <strong>Apoyo Extraordinario Cultura Solidaria<\/strong> se implementa de forma conjunta entre el Ministerio de Cultura de la Naci\u00f3n y la Administraci\u00f3n Nacional de la Seguridad Social (Anses) para garantizar y hacer efectivo el pago a los beneficiarios y beneficiarias de todo el pa\u00eds.<\/p>\n\n\n\n<p class=\"wp-block-paragraph\">En Trenque Lauquen el presente Programa fue otorgado a 26 beneficiarios y se implementar\u00e1 en dos cuotas de hasta $15 mil pesos cada una, lo cual implica un aporte directo de $780 mil por parte del gobierno nacional a la econom\u00eda del distrito.<\/p>\n\n\n\n<p class=\"wp-block-paragraph\">Es importante destacar que las postulaciones fueron analizadas por un Comit\u00e9 de Validaci\u00f3n, que estuvo integrado por m\u00e1s de 40 personalidades de la cultura.<\/p>\n\n\n\n<p class=\"wp-block-paragraph\">Asimismo, aquellas personas que resultaron beneficiarias tendr\u00e1n que realizar una acci\u00f3n voluntaria a trav\u00e9s de un taller, presentaci\u00f3n o capacitaci\u00f3n que ser\u00e1 coordinada con los municipios, comunas u otras entidades.<\/p>\n","protected":false},"excerpt":{"rendered":"<p>El Apoyo Extraordinario Cultura Solidaria se implementa de forma conjunta entre el Ministerio de Cultura de la Naci\u00f3n y la Administraci\u00f3n Nacional de la Seguridad Social (Anses) para garantizar y hacer efectivo el pago a los beneficiarios y beneficiarias de todo el pa\u00eds<\/p>\n","protected":false},"author":2,"featured_media":77775,"comment_status":"closed","ping_status":"open","sticky":false,"template":"","format":"standard","meta":{"footnotes":""},"categories":[1613],"tags":[3613],"class_list":["post-77774","post","type-post","status-publish","format-standard","has-post-thumbnail","hentry","category-noticia-secundaria","tag-un-aporte-total-de-780-mil-pesos"],"featured_image_urls":{"full":["https:\/\/infoecos.com.ar\/wp-content\/uploads\/2021\/05\/culturasolidaria.png",1062,596,false],"thumbnail":["https:\/\/infoecos.com.ar\/wp-content\/uploads\/2021\/05\/culturasolidaria-150x150.png",150,150,true],"medium":["https:\/\/infoecos.com.ar\/wp-content\/uploads\/2021\/05\/culturasolidaria-460x258.png",460,258,true],"medium_large":["https:\/\/infoecos.com.ar\/wp-content\/uploads\/2021\/05\/culturasolidaria-768x431.png",640,359,true],"large":["https:\/\/infoecos.com.ar\/wp-content\/uploads\/2021\/05\/culturasolidaria-920x516.png",640,359,true],"1536x1536":["https:\/\/infoecos.com.ar\/wp-content\/uploads\/2021\/05\/culturasolidaria.png",1062,596,false],"2048x2048":["https:\/\/infoecos.com.ar\/wp-content\/uploads\/2021\/05\/culturasolidaria.png",1062,596,false],"covernews-slider-full":["https:\/\/infoecos.com.ar\/wp-content\/uploads\/2021\/05\/culturasolidaria.png",1062,596,false],"covernews-slider-center":["https:\/\/infoecos.com.ar\/wp-content\/uploads\/2021\/05\/culturasolidaria-936x596.png",785,500,true],"covernews-featured":["https:\/\/infoecos.com.ar\/wp-content\/uploads\/2021\/05\/culturasolidaria-1024x575.png",1024,575,true],"covernews-medium":["https:\/\/infoecos.com.ar\/wp-content\/uploads\/2021\/05\/culturasolidaria-720x380.png",540,285,true],"covernews-medium-square":["https:\/\/infoecos.com.ar\/wp-content\/uploads\/2021\/05\/culturasolidaria-675x450.png",375,250,true]},"author_info":{"info":["Jorge Matheus"]},"category_info":"<a href=\"https:\/\/infoecos.com.ar\/index.php\/category\/noticia-secundaria\/\" rel=\"category tag\">Noticia Secundaria<\/a>","tag_info":"Noticia Secundaria","comment_count":"0","_links":{"self":[{"href":"https:\/\/infoecos.com.ar\/index.php\/wp-json\/wp\/v2\/posts\/77774","targetHints":{"allow":["GET"]}}],"collection":[{"href":"https:\/\/infoecos.com.ar\/index.php\/wp-json\/wp\/v2\/posts"}],"about":[{"href":"https:\/\/infoecos.com.ar\/index.php\/wp-json\/wp\/v2\/types\/post"}],"author":[{"embeddable":true,"href":"https:\/\/infoecos.com.ar\/index.php\/wp-json\/wp\/v2\/users\/2"}],"replies":[{"embeddable":true,"href":"https:\/\/infoecos.com.ar\/index.php\/wp-json\/wp\/v2\/comments?post=77774"}],"version-history":[{"count":1,"href":"https:\/\/infoecos.com.ar\/index.php\/wp-json\/wp\/v2\/posts\/77774\/revisions"}],"predecessor-version":[{"id":77776,"href":"https:\/\/infoecos.com.ar\/index.php\/wp-json\/wp\/v2\/posts\/77774\/revisions\/77776"}],"wp:featuredmedia":[{"embeddable":true,"href":"https:\/\/infoecos.com.ar\/index.php\/wp-json\/wp\/v2\/media\/77775"}],"wp:attachment":[{"href":"https:\/\/infoecos.com.ar\/index.php\/wp-json\/wp\/v2\/media?parent=77774"}],"wp:term":[{"taxonomy":"category","embeddable":true,"href":"https:\/\/infoecos.com.ar\/index.php\/wp-json\/wp\/v2\/categories?post=77774"},{"taxonomy":"post_tag","embeddable":true,"href":"https:\/\/infoecos.com.ar\/index.php\/wp-json\/wp\/v2\/tags?post=77774"}],"curies":[{"name":"wp","href":"https:\/\/api.w.org\/{rel}","templated":true}]}}