{"id":77806,"date":"2021-05-09T23:36:53","date_gmt":"2021-05-10T02:36:53","guid":{"rendered":"http:\/\/infoecos.com.ar\/?p=77806"},"modified":"2021-05-09T23:37:50","modified_gmt":"2021-05-10T02:37:50","slug":"este-lunes-reasume-miguel-fernandez-como-intendente-de-trenque-lauquen","status":"publish","type":"post","link":"https:\/\/infoecos.com.ar\/index.php\/este-lunes-reasume-miguel-fernandez-como-intendente-de-trenque-lauquen\/","title":{"rendered":"Este lunes reasume Miguel Fern\u00e1ndez como intendente de Trenque Lauquen"},"content":{"rendered":"\n<p class=\"wp-block-paragraph\">Retoma este lunes sus funciones el intendente municipal de Trenque Lauquen, doctor Miguel Fern\u00e1ndez, luego de haber cumplido con la licencia que hab\u00eda requerido a ra\u00edz de un problema cardiovascular que lo afect\u00f3 el pasado mes de marzo obligando a una intervenci\u00f3n quir\u00fargica en el hospital de este medio.<\/p>\n\n\n\n<div class=\"wp-block-image\"><figure class=\"aligncenter size-medium\"><img loading=\"lazy\" decoding=\"async\" width=\"460\" height=\"307\" src=\"http:\/\/infoecos.com.ar\/wp-content\/uploads\/fernandezmiguel1-460x307.jpg\" alt=\"\" class=\"wp-image-60268\" srcset=\"https:\/\/infoecos.com.ar\/wp-content\/uploads\/fernandezmiguel1-460x307.jpg 460w, https:\/\/infoecos.com.ar\/wp-content\/uploads\/fernandezmiguel1-768x512.jpg 768w, https:\/\/infoecos.com.ar\/wp-content\/uploads\/fernandezmiguel1-675x450.jpg 675w, https:\/\/infoecos.com.ar\/wp-content\/uploads\/fernandezmiguel1.jpg 912w\" sizes=\"auto, (max-width: 460px) 100vw, 460px\" \/><figcaption>Fern\u00e1ndez, Miguel<\/figcaption><\/figure><\/div>\n\n\n\n<p class=\"wp-block-paragraph\">En principio la licencia era por el t\u00e9rmino de quince d\u00edas, pero los m\u00e9dicos de Fern\u00e1ndez resolvieron extenderla unos d\u00edas m\u00e1s.<\/p>\n\n\n\n<p class=\"wp-block-paragraph\">Durante su ausencia fue reemplazado por Esteban Vidal, primer concejal electo en los comicios del a\u00f1o 2019.<\/p>\n\n\n\n<p class=\"wp-block-paragraph\">Fern\u00e1ndez en di\u00e1logo que mantuvo con Infoecos el d\u00eda viernes manifest\u00f3 encontrarse en muy buen estado de salud y que est\u00e1 dedicando buena parte de su tiempo a responder puntualmente a los profesionales m\u00e9dicos que lo atienden. Diariamente se lo ve a Fern\u00e1ndez caminando por algunas calles de la ciudad cabecera, a la par que en los \u00faltimos d\u00edas de la semana anterior habr\u00eda realizado alg\u00fan tipo de actividad oficial, reuni\u00e9ndose con Vidal y algunos de sus colaboradores. <\/p>\n\n\n\n<p class=\"wp-block-paragraph\">A las 10 horas de este lunes, el intendente municipal brindar\u00e1 una conferencia de prensa en el Centro C\u00edvico donde habr\u00e1 de referirse a su dolencia, como as\u00ed tambi\u00e9n trazar\u00e1 un panorama de los pasos a dar en lo inmediato, producido el retorno.<\/p>\n\n\n\n<p class=\"wp-block-paragraph\"><\/p>\n","protected":false},"excerpt":{"rendered":"<p>Durante su ausencia fue reemplazado por Esteban Vidal, primer concejal electo en los comicios del a\u00f1o 2019<\/p>\n","protected":false},"author":2,"featured_media":60268,"comment_status":"closed","ping_status":"open","sticky":false,"template":"","format":"standard","meta":{"footnotes":""},"categories":[1612],"tags":[3623],"class_list":["post-77806","post","type-post","status-publish","format-standard","has-post-thumbnail","hentry","category-noticia-principal","tag-despues-de-40-dias-con-licencia-por-enfermedad"],"featured_image_urls":{"full":["https:\/\/infoecos.com.ar\/wp-content\/uploads\/fernandezmiguel1.jpg",912,608,false],"thumbnail":["https:\/\/infoecos.com.ar\/wp-content\/uploads\/fernandezmiguel1-150x150.jpg",150,150,true],"medium":["https:\/\/infoecos.com.ar\/wp-content\/uploads\/fernandezmiguel1-460x307.jpg",460,307,true],"medium_large":["https:\/\/infoecos.com.ar\/wp-content\/uploads\/fernandezmiguel1-768x512.jpg",640,427,true],"large":["https:\/\/infoecos.com.ar\/wp-content\/uploads\/fernandezmiguel1.jpg",640,427,false],"1536x1536":["https:\/\/infoecos.com.ar\/wp-content\/uploads\/fernandezmiguel1.jpg",912,608,false],"2048x2048":["https:\/\/infoecos.com.ar\/wp-content\/uploads\/fernandezmiguel1.jpg",912,608,false],"covernews-slider-full":["https:\/\/infoecos.com.ar\/wp-content\/uploads\/fernandezmiguel1.jpg",912,608,false],"covernews-slider-center":["https:\/\/infoecos.com.ar\/wp-content\/uploads\/fernandezmiguel1.jpg",750,500,false],"covernews-featured":["https:\/\/infoecos.com.ar\/wp-content\/uploads\/fernandezmiguel1.jpg",912,608,false],"covernews-medium":["https:\/\/infoecos.com.ar\/wp-content\/uploads\/fernandezmiguel1-720x380.jpg",540,285,true],"covernews-medium-square":["https:\/\/infoecos.com.ar\/wp-content\/uploads\/fernandezmiguel1-675x450.jpg",375,250,true]},"author_info":{"info":["Jorge Matheus"]},"category_info":"<a href=\"https:\/\/infoecos.com.ar\/index.php\/category\/noticia-principal\/\" rel=\"category tag\">Noticia Principal<\/a>","tag_info":"Noticia Principal","comment_count":"0","_links":{"self":[{"href":"https:\/\/infoecos.com.ar\/index.php\/wp-json\/wp\/v2\/posts\/77806","targetHints":{"allow":["GET"]}}],"collection":[{"href":"https:\/\/infoecos.com.ar\/index.php\/wp-json\/wp\/v2\/posts"}],"about":[{"href":"https:\/\/infoecos.com.ar\/index.php\/wp-json\/wp\/v2\/types\/post"}],"author":[{"embeddable":true,"href":"https:\/\/infoecos.com.ar\/index.php\/wp-json\/wp\/v2\/users\/2"}],"replies":[{"embeddable":true,"href":"https:\/\/infoecos.com.ar\/index.php\/wp-json\/wp\/v2\/comments?post=77806"}],"version-history":[{"count":1,"href":"https:\/\/infoecos.com.ar\/index.php\/wp-json\/wp\/v2\/posts\/77806\/revisions"}],"predecessor-version":[{"id":77807,"href":"https:\/\/infoecos.com.ar\/index.php\/wp-json\/wp\/v2\/posts\/77806\/revisions\/77807"}],"wp:featuredmedia":[{"embeddable":true,"href":"https:\/\/infoecos.com.ar\/index.php\/wp-json\/wp\/v2\/media\/60268"}],"wp:attachment":[{"href":"https:\/\/infoecos.com.ar\/index.php\/wp-json\/wp\/v2\/media?parent=77806"}],"wp:term":[{"taxonomy":"category","embeddable":true,"href":"https:\/\/infoecos.com.ar\/index.php\/wp-json\/wp\/v2\/categories?post=77806"},{"taxonomy":"post_tag","embeddable":true,"href":"https:\/\/infoecos.com.ar\/index.php\/wp-json\/wp\/v2\/tags?post=77806"}],"curies":[{"name":"wp","href":"https:\/\/api.w.org\/{rel}","templated":true}]}}