{"id":77817,"date":"2021-05-10T00:07:40","date_gmt":"2021-05-10T03:07:40","guid":{"rendered":"http:\/\/infoecos.com.ar\/?p=77817"},"modified":"2021-05-10T00:07:42","modified_gmt":"2021-05-10T03:07:42","slug":"la-ruta-del-cereal-hasta-garre-fue-incluida-en-el-plan-de-obras-2020-2023-de-la-provincia-de-buenos-aires","status":"publish","type":"post","link":"https:\/\/infoecos.com.ar\/index.php\/la-ruta-del-cereal-hasta-garre-fue-incluida-en-el-plan-de-obras-2020-2023-de-la-provincia-de-buenos-aires\/","title":{"rendered":"La Ruta del Cereal hasta Garr\u00e9 fue incluida en el Plan de Obras 2020\/2023 de la provincia de Buenos Aires"},"content":{"rendered":"\n<p class=\"wp-block-paragraph\">Se confirm\u00f3 que la obra de la Ruta del Cereal hasta Garr\u00e9 ha sido incluida en el Plan de Obras 2020-2023 y que el Pliego se encuentra en elaboraci\u00f3n. <\/p>\n\n\n\n<p class=\"wp-block-paragraph\">La nota no especifica si la obra se encarar\u00e1 con fondos especiales o si formar\u00e1 parte del debate del Presupuesto Provincial 2022. <\/p>\n\n\n\n<p class=\"wp-block-paragraph\">Esta obra viene siendo gestionada por una comisi\u00f3n promotora y los intendentes municipales de Trenque Lauquen, Daireaux y Guamin\u00ed. Ya se convers\u00f3 extensamente sobre el particular con el gobernador de la provincia de Buenos Aires, Axel Kicillof, que en su \u00faltimo contacto con los mandatarios comunales y vecinos se comprometi\u00f3 a ocuparse del tema. <\/p>\n\n\n\n<div class=\"wp-block-image\"><figure class=\"aligncenter size-large\"><img loading=\"lazy\" decoding=\"async\" width=\"526\" height=\"676\" src=\"http:\/\/infoecos.com.ar\/wp-content\/uploads\/2021\/05\/184403842_10159003600283211_7344901971379438732_n.jpg\" alt=\"\" class=\"wp-image-77818\" srcset=\"https:\/\/infoecos.com.ar\/wp-content\/uploads\/2021\/05\/184403842_10159003600283211_7344901971379438732_n.jpg 526w, https:\/\/infoecos.com.ar\/wp-content\/uploads\/2021\/05\/184403842_10159003600283211_7344901971379438732_n-358x460.jpg 358w\" sizes=\"auto, (max-width: 526px) 100vw, 526px\" \/><\/figure><\/div>\n","protected":false},"excerpt":{"rendered":"<p>Esta obra viene siendo gestionada por una comisi\u00f3n promotora y los intendentes municipales de Trenque Lauquen, Daireaux y Guamin\u00ed<\/p>\n","protected":false},"author":2,"featured_media":70983,"comment_status":"closed","ping_status":"open","sticky":false,"template":"","format":"standard","meta":{"footnotes":""},"categories":[28],"tags":[3625],"class_list":["post-77817","post","type-post","status-publish","format-standard","has-post-thumbnail","hentry","category-c1nota1","tag-obra-vial-reclamada"],"featured_image_urls":{"full":["https:\/\/infoecos.com.ar\/wp-content\/uploads\/2020\/12\/RUTADELCEREAL2.jpg",631,280,false],"thumbnail":["https:\/\/infoecos.com.ar\/wp-content\/uploads\/2020\/12\/RUTADELCEREAL2-150x150.jpg",150,150,true],"medium":["https:\/\/infoecos.com.ar\/wp-content\/uploads\/2020\/12\/RUTADELCEREAL2-460x204.jpg",460,204,true],"medium_large":["https:\/\/infoecos.com.ar\/wp-content\/uploads\/2020\/12\/RUTADELCEREAL2.jpg",631,280,false],"large":["https:\/\/infoecos.com.ar\/wp-content\/uploads\/2020\/12\/RUTADELCEREAL2.jpg",631,280,false],"1536x1536":["https:\/\/infoecos.com.ar\/wp-content\/uploads\/2020\/12\/RUTADELCEREAL2.jpg",631,280,false],"2048x2048":["https:\/\/infoecos.com.ar\/wp-content\/uploads\/2020\/12\/RUTADELCEREAL2.jpg",631,280,false],"covernews-slider-full":["https:\/\/infoecos.com.ar\/wp-content\/uploads\/2020\/12\/RUTADELCEREAL2.jpg",631,280,false],"covernews-slider-center":["https:\/\/infoecos.com.ar\/wp-content\/uploads\/2020\/12\/RUTADELCEREAL2.jpg",631,280,false],"covernews-featured":["https:\/\/infoecos.com.ar\/wp-content\/uploads\/2020\/12\/RUTADELCEREAL2.jpg",631,280,false],"covernews-medium":["https:\/\/infoecos.com.ar\/wp-content\/uploads\/2020\/12\/RUTADELCEREAL2.jpg",540,240,false],"covernews-medium-square":["https:\/\/infoecos.com.ar\/wp-content\/uploads\/2020\/12\/RUTADELCEREAL2.jpg",400,177,false]},"author_info":{"info":["Jorge Matheus"]},"category_info":"<a href=\"https:\/\/infoecos.com.ar\/index.php\/category\/c1nota1\/\" rel=\"category tag\">C1 N1<\/a>","tag_info":"C1 N1","comment_count":"0","_links":{"self":[{"href":"https:\/\/infoecos.com.ar\/index.php\/wp-json\/wp\/v2\/posts\/77817","targetHints":{"allow":["GET"]}}],"collection":[{"href":"https:\/\/infoecos.com.ar\/index.php\/wp-json\/wp\/v2\/posts"}],"about":[{"href":"https:\/\/infoecos.com.ar\/index.php\/wp-json\/wp\/v2\/types\/post"}],"author":[{"embeddable":true,"href":"https:\/\/infoecos.com.ar\/index.php\/wp-json\/wp\/v2\/users\/2"}],"replies":[{"embeddable":true,"href":"https:\/\/infoecos.com.ar\/index.php\/wp-json\/wp\/v2\/comments?post=77817"}],"version-history":[{"count":1,"href":"https:\/\/infoecos.com.ar\/index.php\/wp-json\/wp\/v2\/posts\/77817\/revisions"}],"predecessor-version":[{"id":77819,"href":"https:\/\/infoecos.com.ar\/index.php\/wp-json\/wp\/v2\/posts\/77817\/revisions\/77819"}],"wp:featuredmedia":[{"embeddable":true,"href":"https:\/\/infoecos.com.ar\/index.php\/wp-json\/wp\/v2\/media\/70983"}],"wp:attachment":[{"href":"https:\/\/infoecos.com.ar\/index.php\/wp-json\/wp\/v2\/media?parent=77817"}],"wp:term":[{"taxonomy":"category","embeddable":true,"href":"https:\/\/infoecos.com.ar\/index.php\/wp-json\/wp\/v2\/categories?post=77817"},{"taxonomy":"post_tag","embeddable":true,"href":"https:\/\/infoecos.com.ar\/index.php\/wp-json\/wp\/v2\/tags?post=77817"}],"curies":[{"name":"wp","href":"https:\/\/api.w.org\/{rel}","templated":true}]}}