{"id":77825,"date":"2021-05-10T00:23:13","date_gmt":"2021-05-10T03:23:13","guid":{"rendered":"http:\/\/infoecos.com.ar\/?p=77825"},"modified":"2021-05-10T00:23:46","modified_gmt":"2021-05-10T03:23:46","slug":"la-asociacion-judicial-bonaerense-continua-desde-este-lunes-con-la-retencion-de-tareas-presenciales","status":"publish","type":"post","link":"https:\/\/infoecos.com.ar\/index.php\/la-asociacion-judicial-bonaerense-continua-desde-este-lunes-con-la-retencion-de-tareas-presenciales\/","title":{"rendered":"La Asociaci\u00f3n Judicial Bonaerense contin\u00faa, desde este lunes, con la retenci\u00f3n de tareas presenciales"},"content":{"rendered":"\n<p class=\"wp-block-paragraph\">Ante la falta de nuevas disposiciones de la Suprema Corte que restrinjan la presencialidad, la Asociaci\u00f3n Judicial Bonaerense dispuso darle continuidad a la medida de retenci\u00f3n de tareas presenciales con trabajo remoto a partir del lunes 10 de mayo. <\/p>\n\n\n\n<div class=\"wp-block-image\"><figure class=\"aligncenter size-large\"><img loading=\"lazy\" decoding=\"async\" width=\"600\" height=\"271\" src=\"http:\/\/infoecos.com.ar\/wp-content\/uploads\/2021\/02\/ajb.jpg\" alt=\"\" class=\"wp-image-73820\" srcset=\"https:\/\/infoecos.com.ar\/wp-content\/uploads\/2021\/02\/ajb.jpg 600w, https:\/\/infoecos.com.ar\/wp-content\/uploads\/2021\/02\/ajb-460x208.jpg 460w\" sizes=\"auto, (max-width: 600px) 100vw, 600px\" \/><\/figure><\/div>\n\n\n\n<p class=\"wp-block-paragraph\">La medida gremial se decreta hasta el viernes 14 de mayo y luego se analizar\u00e1 su continuidad.<\/p>\n","protected":false},"excerpt":{"rendered":"<p>Ante la falta de nuevas disposiciones de la Suprema Corte que restrinjan la presencialidad<\/p>\n","protected":false},"author":2,"featured_media":73820,"comment_status":"closed","ping_status":"open","sticky":false,"template":"","format":"standard","meta":{"footnotes":""},"categories":[46],"tags":[3627],"class_list":["post-77825","post","type-post","status-publish","format-standard","has-post-thumbnail","hentry","category-c2nota2","tag-la-medida-se-extiende-hasta-el-14"],"featured_image_urls":{"full":["https:\/\/infoecos.com.ar\/wp-content\/uploads\/2021\/02\/ajb.jpg",600,271,false],"thumbnail":["https:\/\/infoecos.com.ar\/wp-content\/uploads\/2021\/02\/ajb-150x150.jpg",150,150,true],"medium":["https:\/\/infoecos.com.ar\/wp-content\/uploads\/2021\/02\/ajb-460x208.jpg",460,208,true],"medium_large":["https:\/\/infoecos.com.ar\/wp-content\/uploads\/2021\/02\/ajb.jpg",600,271,false],"large":["https:\/\/infoecos.com.ar\/wp-content\/uploads\/2021\/02\/ajb.jpg",600,271,false],"1536x1536":["https:\/\/infoecos.com.ar\/wp-content\/uploads\/2021\/02\/ajb.jpg",600,271,false],"2048x2048":["https:\/\/infoecos.com.ar\/wp-content\/uploads\/2021\/02\/ajb.jpg",600,271,false],"covernews-slider-full":["https:\/\/infoecos.com.ar\/wp-content\/uploads\/2021\/02\/ajb.jpg",600,271,false],"covernews-slider-center":["https:\/\/infoecos.com.ar\/wp-content\/uploads\/2021\/02\/ajb.jpg",600,271,false],"covernews-featured":["https:\/\/infoecos.com.ar\/wp-content\/uploads\/2021\/02\/ajb.jpg",600,271,false],"covernews-medium":["https:\/\/infoecos.com.ar\/wp-content\/uploads\/2021\/02\/ajb.jpg",540,244,false],"covernews-medium-square":["https:\/\/infoecos.com.ar\/wp-content\/uploads\/2021\/02\/ajb.jpg",400,181,false]},"author_info":{"info":["Jorge Matheus"]},"category_info":"<a href=\"https:\/\/infoecos.com.ar\/index.php\/category\/c2nota2\/\" rel=\"category tag\">C2 N2<\/a>","tag_info":"C2 N2","comment_count":"0","_links":{"self":[{"href":"https:\/\/infoecos.com.ar\/index.php\/wp-json\/wp\/v2\/posts\/77825","targetHints":{"allow":["GET"]}}],"collection":[{"href":"https:\/\/infoecos.com.ar\/index.php\/wp-json\/wp\/v2\/posts"}],"about":[{"href":"https:\/\/infoecos.com.ar\/index.php\/wp-json\/wp\/v2\/types\/post"}],"author":[{"embeddable":true,"href":"https:\/\/infoecos.com.ar\/index.php\/wp-json\/wp\/v2\/users\/2"}],"replies":[{"embeddable":true,"href":"https:\/\/infoecos.com.ar\/index.php\/wp-json\/wp\/v2\/comments?post=77825"}],"version-history":[{"count":2,"href":"https:\/\/infoecos.com.ar\/index.php\/wp-json\/wp\/v2\/posts\/77825\/revisions"}],"predecessor-version":[{"id":77827,"href":"https:\/\/infoecos.com.ar\/index.php\/wp-json\/wp\/v2\/posts\/77825\/revisions\/77827"}],"wp:featuredmedia":[{"embeddable":true,"href":"https:\/\/infoecos.com.ar\/index.php\/wp-json\/wp\/v2\/media\/73820"}],"wp:attachment":[{"href":"https:\/\/infoecos.com.ar\/index.php\/wp-json\/wp\/v2\/media?parent=77825"}],"wp:term":[{"taxonomy":"category","embeddable":true,"href":"https:\/\/infoecos.com.ar\/index.php\/wp-json\/wp\/v2\/categories?post=77825"},{"taxonomy":"post_tag","embeddable":true,"href":"https:\/\/infoecos.com.ar\/index.php\/wp-json\/wp\/v2\/tags?post=77825"}],"curies":[{"name":"wp","href":"https:\/\/api.w.org\/{rel}","templated":true}]}}