{"id":77828,"date":"2021-05-10T00:28:45","date_gmt":"2021-05-10T03:28:45","guid":{"rendered":"http:\/\/infoecos.com.ar\/?p=77828"},"modified":"2021-05-10T00:30:04","modified_gmt":"2021-05-10T03:30:04","slug":"el-intendente-de-leandro-n-alem-pide-la-suspension-de-las-clases-presenciales-por-14-dias","status":"publish","type":"post","link":"https:\/\/infoecos.com.ar\/index.php\/el-intendente-de-leandro-n-alem-pide-la-suspension-de-las-clases-presenciales-por-14-dias\/","title":{"rendered":"El intendente de Leandro N. Alem pide la suspensi\u00f3n de las clases presenciales por 14 d\u00edas"},"content":{"rendered":"\n<p>El Intendente Municipal de Leandro N. Alem, Carlos Ferraris, solicit\u00f3 al gobierno bonaerense, la suspensi\u00f3n de las clases presenciales por el t\u00e9rmino de 14 d\u00edas: \u201cLa presencialidad en las escuelas no se reemplaza con nada, pero, la prioridad es cuidar la salud\u201d, se\u00f1al\u00f3 el mandatario.<\/p>\n\n\n\n<p>Seg\u00fan da cuenta el medio vediense, <strong>La Voz<\/strong>, la medida solicitada al gobierno bonaerense por el jefe comunal se fundamenta a fin de \u201ccontener la propagaci\u00f3n del virus, a ra\u00edz del aumento de casos positivos de COVID-19 en su distrito, y el \u201calto porcentaje de ocupaci\u00f3n de camas en la UTI del Hospital Municipal y en el resto de la regi\u00f3n\u201d<\/p>\n\n\n\n<div class=\"wp-block-image\"><figure class=\"aligncenter size-medium\"><img loading=\"lazy\" decoding=\"async\" width=\"460\" height=\"268\" src=\"http:\/\/infoecos.com.ar\/wp-content\/uploads\/2021\/05\/ferrarisintendentelnalem-460x268.jpg\" alt=\"\" class=\"wp-image-77829\" srcset=\"https:\/\/infoecos.com.ar\/wp-content\/uploads\/2021\/05\/ferrarisintendentelnalem-460x268.jpg 460w, https:\/\/infoecos.com.ar\/wp-content\/uploads\/2021\/05\/ferrarisintendentelnalem-768x447.jpg 768w, https:\/\/infoecos.com.ar\/wp-content\/uploads\/2021\/05\/ferrarisintendentelnalem.jpg 880w\" sizes=\"(max-width: 460px) 100vw, 460px\" \/><\/figure><\/div>\n\n\n\n<p>Respecto a la solicitud que ya fue elevada al gobierno provincial, ya que no depende de una decisi\u00f3n de la gesti\u00f3n municipal, el intendente explic\u00f3: \u201cLa medida ser\u00eda por 14 d\u00edas, ya que estamos en un momento muy dif\u00edcil. El pedido est\u00e1 fundamentado en la existencia y el aumento de casos positivos, sumado a la gran cantidad de casos estrechos que se desprenden de un caso positivo en educaci\u00f3n\u201d.<\/p>\n\n\n\n<p>Tal como lo expres\u00f3 el Jefe Comunal en conferencia de prensa, la situaci\u00f3n epidemiol\u00f3gica actual y la emergencia sanitaria del pa\u00eds, obligan a tomar medidas para disminuir la circulaci\u00f3n del virus, que deben ser acompa\u00f1adas por los vecinos y vecinas del distrito, con el fin de preservar el Sistema de Salud y evitar su colapso.<\/p>\n\n\n\n<p><strong>Fuente: infogei.com<\/strong><\/p>\n","protected":false},"excerpt":{"rendered":"<p>El intendente explic\u00f3: \u201cLa medida ser\u00eda por 14 d\u00edas, ya que estamos en un momento muy dif\u00edcil. El pedido est\u00e1 fundamentado en la existencia y el aumento de casos positivos<\/p>\n","protected":false},"author":2,"featured_media":77829,"comment_status":"closed","ping_status":"open","sticky":false,"template":"","format":"standard","meta":{"footnotes":""},"categories":[48],"tags":[3628],"class_list":["post-77828","post","type-post","status-publish","format-standard","has-post-thumbnail","hentry","category-c2nota3","tag-por-el-aumento-de-casos"],"yoast_head":"<!-- This site is optimized with the Yoast SEO plugin v23.4 - https:\/\/yoast.com\/wordpress\/plugins\/seo\/ -->\n<title>El intendente de Leandro N. Alem pide la suspensi\u00f3n de las clases presenciales por 14 d\u00edas - Infoecos<\/title>\n<meta name=\"robots\" content=\"index, follow, max-snippet:-1, max-image-preview:large, max-video-preview:-1\" \/>\n<link rel=\"canonical\" href=\"https:\/\/infoecos.com.ar\/index.php\/el-intendente-de-leandro-n-alem-pide-la-suspension-de-las-clases-presenciales-por-14-dias\/\" \/>\n<meta property=\"og:locale\" content=\"es_ES\" \/>\n<meta property=\"og:type\" content=\"article\" \/>\n<meta property=\"og:title\" content=\"El intendente de Leandro N. Alem pide la suspensi\u00f3n de las clases presenciales por 14 d\u00edas - Infoecos\" \/>\n<meta property=\"og:description\" content=\"El intendente explic\u00f3: \u201cLa medida ser\u00eda por 14 d\u00edas, ya que estamos en un momento muy dif\u00edcil. El pedido est\u00e1 fundamentado en la existencia y el aumento de casos positivos\" \/>\n<meta property=\"og:url\" content=\"https:\/\/infoecos.com.ar\/index.php\/el-intendente-de-leandro-n-alem-pide-la-suspension-de-las-clases-presenciales-por-14-dias\/\" \/>\n<meta property=\"og:site_name\" content=\"Infoecos\" \/>\n<meta property=\"article:publisher\" content=\"https:\/\/www.facebook.com\/profile.php?id=100063200290284\" \/>\n<meta property=\"article:published_time\" content=\"2021-05-10T03:28:45+00:00\" \/>\n<meta property=\"article:modified_time\" content=\"2021-05-10T03:30:04+00:00\" \/>\n<meta property=\"og:image\" content=\"https:\/\/infoecos.com.ar\/wp-content\/uploads\/2021\/05\/ferrarisintendentelnalem.jpg\" \/>\n\t<meta property=\"og:image:width\" content=\"880\" \/>\n\t<meta property=\"og:image:height\" content=\"512\" \/>\n\t<meta property=\"og:image:type\" content=\"image\/jpeg\" \/>\n<meta name=\"author\" content=\"Jorge Matheus\" \/>\n<meta name=\"twitter:card\" content=\"summary_large_image\" \/>\n<meta name=\"twitter:creator\" content=\"@infoecos\" \/>\n<meta name=\"twitter:site\" content=\"@infoecos\" \/>\n<meta name=\"twitter:label1\" content=\"Escrito por\" \/>\n\t<meta name=\"twitter:data1\" content=\"Jorge Matheus\" \/>\n\t<meta name=\"twitter:label2\" content=\"Tiempo de lectura\" \/>\n\t<meta name=\"twitter:data2\" content=\"1 minuto\" \/>\n<script type=\"application\/ld+json\" class=\"yoast-schema-graph\">{\"@context\":\"https:\/\/schema.org\",\"@graph\":[{\"@type\":\"Article\",\"@id\":\"https:\/\/infoecos.com.ar\/index.php\/el-intendente-de-leandro-n-alem-pide-la-suspension-de-las-clases-presenciales-por-14-dias\/#article\",\"isPartOf\":{\"@id\":\"https:\/\/infoecos.com.ar\/index.php\/el-intendente-de-leandro-n-alem-pide-la-suspension-de-las-clases-presenciales-por-14-dias\/\"},\"author\":{\"name\":\"Jorge Matheus\",\"@id\":\"https:\/\/infoecos.com.ar\/#\/schema\/person\/8f5ace5ce73b4b4aac4b7245aee6f191\"},\"headline\":\"El intendente de Leandro N. Alem pide la suspensi\u00f3n de las clases presenciales por 14 d\u00edas\",\"datePublished\":\"2021-05-10T03:28:45+00:00\",\"dateModified\":\"2021-05-10T03:30:04+00:00\",\"mainEntityOfPage\":{\"@id\":\"https:\/\/infoecos.com.ar\/index.php\/el-intendente-de-leandro-n-alem-pide-la-suspension-de-las-clases-presenciales-por-14-dias\/\"},\"wordCount\":268,\"publisher\":{\"@id\":\"https:\/\/infoecos.com.ar\/#organization\"},\"image\":{\"@id\":\"https:\/\/infoecos.com.ar\/index.php\/el-intendente-de-leandro-n-alem-pide-la-suspension-de-las-clases-presenciales-por-14-dias\/#primaryimage\"},\"thumbnailUrl\":\"https:\/\/infoecos.com.ar\/wp-content\/uploads\/2021\/05\/ferrarisintendentelnalem.jpg\",\"keywords\":[\"POR EL AUMENTO DE CASOS\"],\"articleSection\":[\"C2 N3\"],\"inLanguage\":\"es\"},{\"@type\":\"WebPage\",\"@id\":\"https:\/\/infoecos.com.ar\/index.php\/el-intendente-de-leandro-n-alem-pide-la-suspension-de-las-clases-presenciales-por-14-dias\/\",\"url\":\"https:\/\/infoecos.com.ar\/index.php\/el-intendente-de-leandro-n-alem-pide-la-suspension-de-las-clases-presenciales-por-14-dias\/\",\"name\":\"El intendente de Leandro N. Alem pide la suspensi\u00f3n de las clases presenciales por 14 d\u00edas - Infoecos\",\"isPartOf\":{\"@id\":\"https:\/\/infoecos.com.ar\/#website\"},\"primaryImageOfPage\":{\"@id\":\"https:\/\/infoecos.com.ar\/index.php\/el-intendente-de-leandro-n-alem-pide-la-suspension-de-las-clases-presenciales-por-14-dias\/#primaryimage\"},\"image\":{\"@id\":\"https:\/\/infoecos.com.ar\/index.php\/el-intendente-de-leandro-n-alem-pide-la-suspension-de-las-clases-presenciales-por-14-dias\/#primaryimage\"},\"thumbnailUrl\":\"https:\/\/infoecos.com.ar\/wp-content\/uploads\/2021\/05\/ferrarisintendentelnalem.jpg\",\"datePublished\":\"2021-05-10T03:28:45+00:00\",\"dateModified\":\"2021-05-10T03:30:04+00:00\",\"breadcrumb\":{\"@id\":\"https:\/\/infoecos.com.ar\/index.php\/el-intendente-de-leandro-n-alem-pide-la-suspension-de-las-clases-presenciales-por-14-dias\/#breadcrumb\"},\"inLanguage\":\"es\",\"potentialAction\":[{\"@type\":\"ReadAction\",\"target\":[\"https:\/\/infoecos.com.ar\/index.php\/el-intendente-de-leandro-n-alem-pide-la-suspension-de-las-clases-presenciales-por-14-dias\/\"]}]},{\"@type\":\"ImageObject\",\"inLanguage\":\"es\",\"@id\":\"https:\/\/infoecos.com.ar\/index.php\/el-intendente-de-leandro-n-alem-pide-la-suspension-de-las-clases-presenciales-por-14-dias\/#primaryimage\",\"url\":\"https:\/\/infoecos.com.ar\/wp-content\/uploads\/2021\/05\/ferrarisintendentelnalem.jpg\",\"contentUrl\":\"https:\/\/infoecos.com.ar\/wp-content\/uploads\/2021\/05\/ferrarisintendentelnalem.jpg\",\"width\":880,\"height\":512},{\"@type\":\"BreadcrumbList\",\"@id\":\"https:\/\/infoecos.com.ar\/index.php\/el-intendente-de-leandro-n-alem-pide-la-suspension-de-las-clases-presenciales-por-14-dias\/#breadcrumb\",\"itemListElement\":[{\"@type\":\"ListItem\",\"position\":1,\"name\":\"Portada\",\"item\":\"https:\/\/infoecos.com.ar\/\"},{\"@type\":\"ListItem\",\"position\":2,\"name\":\"El intendente de Leandro N. Alem pide la suspensi\u00f3n de las clases presenciales por 14 d\u00edas\"}]},{\"@type\":\"WebSite\",\"@id\":\"https:\/\/infoecos.com.ar\/#website\",\"url\":\"https:\/\/infoecos.com.ar\/\",\"name\":\"Infoecos\",\"description\":\"Noticias de trenque lauquen y la zona\",\"publisher\":{\"@id\":\"https:\/\/infoecos.com.ar\/#organization\"},\"alternateName\":\"Noticias\",\"potentialAction\":[{\"@type\":\"SearchAction\",\"target\":{\"@type\":\"EntryPoint\",\"urlTemplate\":\"https:\/\/infoecos.com.ar\/?s={search_term_string}\"},\"query-input\":{\"@type\":\"PropertyValueSpecification\",\"valueRequired\":true,\"valueName\":\"search_term_string\"}}],\"inLanguage\":\"es\"},{\"@type\":\"Organization\",\"@id\":\"https:\/\/infoecos.com.ar\/#organization\",\"name\":\"Infoecos\",\"alternateName\":\"Noticias\",\"url\":\"https:\/\/infoecos.com.ar\/\",\"logo\":{\"@type\":\"ImageObject\",\"inLanguage\":\"es\",\"@id\":\"https:\/\/infoecos.com.ar\/#\/schema\/logo\/image\/\",\"url\":\"https:\/\/infoecos.com.ar\/wp-content\/uploads\/2024\/03\/cropped-logo.png\",\"contentUrl\":\"https:\/\/infoecos.com.ar\/wp-content\/uploads\/2024\/03\/cropped-logo.png\",\"width\":374,\"height\":90,\"caption\":\"Infoecos\"},\"image\":{\"@id\":\"https:\/\/infoecos.com.ar\/#\/schema\/logo\/image\/\"},\"sameAs\":[\"https:\/\/www.facebook.com\/profile.php?id=100063200290284\",\"https:\/\/x.com\/infoecos\"]},{\"@type\":\"Person\",\"@id\":\"https:\/\/infoecos.com.ar\/#\/schema\/person\/8f5ace5ce73b4b4aac4b7245aee6f191\",\"name\":\"Jorge Matheus\",\"url\":\"https:\/\/infoecos.com.ar\/index.php\/author\/jomatheus\/\"}]}<\/script>\n<!-- \/ Yoast SEO plugin. -->","yoast_head_json":{"title":"El intendente de Leandro N. Alem pide la suspensi\u00f3n de las clases presenciales por 14 d\u00edas - Infoecos","robots":{"index":"index","follow":"follow","max-snippet":"max-snippet:-1","max-image-preview":"max-image-preview:large","max-video-preview":"max-video-preview:-1"},"canonical":"https:\/\/infoecos.com.ar\/index.php\/el-intendente-de-leandro-n-alem-pide-la-suspension-de-las-clases-presenciales-por-14-dias\/","og_locale":"es_ES","og_type":"article","og_title":"El intendente de Leandro N. Alem pide la suspensi\u00f3n de las clases presenciales por 14 d\u00edas - Infoecos","og_description":"El intendente explic\u00f3: \u201cLa medida ser\u00eda por 14 d\u00edas, ya que estamos en un momento muy dif\u00edcil. El pedido est\u00e1 fundamentado en la existencia y el aumento de casos positivos","og_url":"https:\/\/infoecos.com.ar\/index.php\/el-intendente-de-leandro-n-alem-pide-la-suspension-de-las-clases-presenciales-por-14-dias\/","og_site_name":"Infoecos","article_publisher":"https:\/\/www.facebook.com\/profile.php?id=100063200290284","article_published_time":"2021-05-10T03:28:45+00:00","article_modified_time":"2021-05-10T03:30:04+00:00","og_image":[{"width":880,"height":512,"url":"https:\/\/infoecos.com.ar\/wp-content\/uploads\/2021\/05\/ferrarisintendentelnalem.jpg","type":"image\/jpeg"}],"author":"Jorge Matheus","twitter_card":"summary_large_image","twitter_creator":"@infoecos","twitter_site":"@infoecos","twitter_misc":{"Escrito por":"Jorge Matheus","Tiempo de lectura":"1 minuto"},"schema":{"@context":"https:\/\/schema.org","@graph":[{"@type":"Article","@id":"https:\/\/infoecos.com.ar\/index.php\/el-intendente-de-leandro-n-alem-pide-la-suspension-de-las-clases-presenciales-por-14-dias\/#article","isPartOf":{"@id":"https:\/\/infoecos.com.ar\/index.php\/el-intendente-de-leandro-n-alem-pide-la-suspension-de-las-clases-presenciales-por-14-dias\/"},"author":{"name":"Jorge Matheus","@id":"https:\/\/infoecos.com.ar\/#\/schema\/person\/8f5ace5ce73b4b4aac4b7245aee6f191"},"headline":"El intendente de Leandro N. Alem pide la suspensi\u00f3n de las clases presenciales por 14 d\u00edas","datePublished":"2021-05-10T03:28:45+00:00","dateModified":"2021-05-10T03:30:04+00:00","mainEntityOfPage":{"@id":"https:\/\/infoecos.com.ar\/index.php\/el-intendente-de-leandro-n-alem-pide-la-suspension-de-las-clases-presenciales-por-14-dias\/"},"wordCount":268,"publisher":{"@id":"https:\/\/infoecos.com.ar\/#organization"},"image":{"@id":"https:\/\/infoecos.com.ar\/index.php\/el-intendente-de-leandro-n-alem-pide-la-suspension-de-las-clases-presenciales-por-14-dias\/#primaryimage"},"thumbnailUrl":"https:\/\/infoecos.com.ar\/wp-content\/uploads\/2021\/05\/ferrarisintendentelnalem.jpg","keywords":["POR EL AUMENTO DE CASOS"],"articleSection":["C2 N3"],"inLanguage":"es"},{"@type":"WebPage","@id":"https:\/\/infoecos.com.ar\/index.php\/el-intendente-de-leandro-n-alem-pide-la-suspension-de-las-clases-presenciales-por-14-dias\/","url":"https:\/\/infoecos.com.ar\/index.php\/el-intendente-de-leandro-n-alem-pide-la-suspension-de-las-clases-presenciales-por-14-dias\/","name":"El intendente de Leandro N. Alem pide la suspensi\u00f3n de las clases presenciales por 14 d\u00edas - Infoecos","isPartOf":{"@id":"https:\/\/infoecos.com.ar\/#website"},"primaryImageOfPage":{"@id":"https:\/\/infoecos.com.ar\/index.php\/el-intendente-de-leandro-n-alem-pide-la-suspension-de-las-clases-presenciales-por-14-dias\/#primaryimage"},"image":{"@id":"https:\/\/infoecos.com.ar\/index.php\/el-intendente-de-leandro-n-alem-pide-la-suspension-de-las-clases-presenciales-por-14-dias\/#primaryimage"},"thumbnailUrl":"https:\/\/infoecos.com.ar\/wp-content\/uploads\/2021\/05\/ferrarisintendentelnalem.jpg","datePublished":"2021-05-10T03:28:45+00:00","dateModified":"2021-05-10T03:30:04+00:00","breadcrumb":{"@id":"https:\/\/infoecos.com.ar\/index.php\/el-intendente-de-leandro-n-alem-pide-la-suspension-de-las-clases-presenciales-por-14-dias\/#breadcrumb"},"inLanguage":"es","potentialAction":[{"@type":"ReadAction","target":["https:\/\/infoecos.com.ar\/index.php\/el-intendente-de-leandro-n-alem-pide-la-suspension-de-las-clases-presenciales-por-14-dias\/"]}]},{"@type":"ImageObject","inLanguage":"es","@id":"https:\/\/infoecos.com.ar\/index.php\/el-intendente-de-leandro-n-alem-pide-la-suspension-de-las-clases-presenciales-por-14-dias\/#primaryimage","url":"https:\/\/infoecos.com.ar\/wp-content\/uploads\/2021\/05\/ferrarisintendentelnalem.jpg","contentUrl":"https:\/\/infoecos.com.ar\/wp-content\/uploads\/2021\/05\/ferrarisintendentelnalem.jpg","width":880,"height":512},{"@type":"BreadcrumbList","@id":"https:\/\/infoecos.com.ar\/index.php\/el-intendente-de-leandro-n-alem-pide-la-suspension-de-las-clases-presenciales-por-14-dias\/#breadcrumb","itemListElement":[{"@type":"ListItem","position":1,"name":"Portada","item":"https:\/\/infoecos.com.ar\/"},{"@type":"ListItem","position":2,"name":"El intendente de Leandro N. Alem pide la suspensi\u00f3n de las clases presenciales por 14 d\u00edas"}]},{"@type":"WebSite","@id":"https:\/\/infoecos.com.ar\/#website","url":"https:\/\/infoecos.com.ar\/","name":"Infoecos","description":"Noticias de trenque lauquen y la zona","publisher":{"@id":"https:\/\/infoecos.com.ar\/#organization"},"alternateName":"Noticias","potentialAction":[{"@type":"SearchAction","target":{"@type":"EntryPoint","urlTemplate":"https:\/\/infoecos.com.ar\/?s={search_term_string}"},"query-input":{"@type":"PropertyValueSpecification","valueRequired":true,"valueName":"search_term_string"}}],"inLanguage":"es"},{"@type":"Organization","@id":"https:\/\/infoecos.com.ar\/#organization","name":"Infoecos","alternateName":"Noticias","url":"https:\/\/infoecos.com.ar\/","logo":{"@type":"ImageObject","inLanguage":"es","@id":"https:\/\/infoecos.com.ar\/#\/schema\/logo\/image\/","url":"https:\/\/infoecos.com.ar\/wp-content\/uploads\/2024\/03\/cropped-logo.png","contentUrl":"https:\/\/infoecos.com.ar\/wp-content\/uploads\/2024\/03\/cropped-logo.png","width":374,"height":90,"caption":"Infoecos"},"image":{"@id":"https:\/\/infoecos.com.ar\/#\/schema\/logo\/image\/"},"sameAs":["https:\/\/www.facebook.com\/profile.php?id=100063200290284","https:\/\/x.com\/infoecos"]},{"@type":"Person","@id":"https:\/\/infoecos.com.ar\/#\/schema\/person\/8f5ace5ce73b4b4aac4b7245aee6f191","name":"Jorge Matheus","url":"https:\/\/infoecos.com.ar\/index.php\/author\/jomatheus\/"}]}},"featured_image_urls":{"full":["https:\/\/infoecos.com.ar\/wp-content\/uploads\/2021\/05\/ferrarisintendentelnalem.jpg",880,512,false],"thumbnail":["https:\/\/infoecos.com.ar\/wp-content\/uploads\/2021\/05\/ferrarisintendentelnalem-150x150.jpg",150,150,true],"medium":["https:\/\/infoecos.com.ar\/wp-content\/uploads\/2021\/05\/ferrarisintendentelnalem-460x268.jpg",460,268,true],"medium_large":["https:\/\/infoecos.com.ar\/wp-content\/uploads\/2021\/05\/ferrarisintendentelnalem-768x447.jpg",640,373,true],"large":["https:\/\/infoecos.com.ar\/wp-content\/uploads\/2021\/05\/ferrarisintendentelnalem.jpg",640,372,false],"1536x1536":["https:\/\/infoecos.com.ar\/wp-content\/uploads\/2021\/05\/ferrarisintendentelnalem.jpg",880,512,false],"2048x2048":["https:\/\/infoecos.com.ar\/wp-content\/uploads\/2021\/05\/ferrarisintendentelnalem.jpg",880,512,false],"covernews-slider-full":["https:\/\/infoecos.com.ar\/wp-content\/uploads\/2021\/05\/ferrarisintendentelnalem.jpg",880,512,false],"covernews-slider-center":["https:\/\/infoecos.com.ar\/wp-content\/uploads\/2021\/05\/ferrarisintendentelnalem.jpg",800,465,false],"covernews-featured":["https:\/\/infoecos.com.ar\/wp-content\/uploads\/2021\/05\/ferrarisintendentelnalem.jpg",880,512,false],"covernews-medium":["https:\/\/infoecos.com.ar\/wp-content\/uploads\/2021\/05\/ferrarisintendentelnalem-720x380.jpg",540,285,true],"covernews-medium-square":["https:\/\/infoecos.com.ar\/wp-content\/uploads\/2021\/05\/ferrarisintendentelnalem-675x450.jpg",375,250,true]},"author_info":{"info":["Jorge Matheus"]},"category_info":"<a href=\"https:\/\/infoecos.com.ar\/index.php\/category\/c2nota3\/\" rel=\"category tag\">C2 N3<\/a>","tag_info":"C2 N3","comment_count":"0","_links":{"self":[{"href":"https:\/\/infoecos.com.ar\/index.php\/wp-json\/wp\/v2\/posts\/77828"}],"collection":[{"href":"https:\/\/infoecos.com.ar\/index.php\/wp-json\/wp\/v2\/posts"}],"about":[{"href":"https:\/\/infoecos.com.ar\/index.php\/wp-json\/wp\/v2\/types\/post"}],"author":[{"embeddable":true,"href":"https:\/\/infoecos.com.ar\/index.php\/wp-json\/wp\/v2\/users\/2"}],"replies":[{"embeddable":true,"href":"https:\/\/infoecos.com.ar\/index.php\/wp-json\/wp\/v2\/comments?post=77828"}],"version-history":[{"count":2,"href":"https:\/\/infoecos.com.ar\/index.php\/wp-json\/wp\/v2\/posts\/77828\/revisions"}],"predecessor-version":[{"id":77832,"href":"https:\/\/infoecos.com.ar\/index.php\/wp-json\/wp\/v2\/posts\/77828\/revisions\/77832"}],"wp:featuredmedia":[{"embeddable":true,"href":"https:\/\/infoecos.com.ar\/index.php\/wp-json\/wp\/v2\/media\/77829"}],"wp:attachment":[{"href":"https:\/\/infoecos.com.ar\/index.php\/wp-json\/wp\/v2\/media?parent=77828"}],"wp:term":[{"taxonomy":"category","embeddable":true,"href":"https:\/\/infoecos.com.ar\/index.php\/wp-json\/wp\/v2\/categories?post=77828"},{"taxonomy":"post_tag","embeddable":true,"href":"https:\/\/infoecos.com.ar\/index.php\/wp-json\/wp\/v2\/tags?post=77828"}],"curies":[{"name":"wp","href":"https:\/\/api.w.org\/{rel}","templated":true}]}}