{"id":77836,"date":"2021-05-10T00:41:37","date_gmt":"2021-05-10T03:41:37","guid":{"rendered":"http:\/\/infoecos.com.ar\/?p=77836"},"modified":"2021-05-10T00:41:39","modified_gmt":"2021-05-10T03:41:39","slug":"proponen-declarar-la-emergencia-en-el-sector-gastronomico-de-la-provincia-de-buenos-aires","status":"publish","type":"post","link":"https:\/\/infoecos.com.ar\/index.php\/proponen-declarar-la-emergencia-en-el-sector-gastronomico-de-la-provincia-de-buenos-aires\/","title":{"rendered":"Proponen declarar la emergencia en el sector gastron\u00f3mico de la provincia de Buenos Aires"},"content":{"rendered":"\n<p class=\"wp-block-paragraph\">Juntos por el Cambio impulsa un proyecto de ley para que en la provincia de Buenos Aires se declare al sector gastron\u00f3mico en emergencia ante la pandemia de coronavirus.<\/p>\n\n\n\n<div class=\"wp-block-image\"><figure class=\"aligncenter size-medium\"><img loading=\"lazy\" decoding=\"async\" width=\"460\" height=\"259\" src=\"http:\/\/infoecos.com.ar\/wp-content\/uploads\/confiterias-460x259.jpg\" alt=\"\" class=\"wp-image-63263\" srcset=\"https:\/\/infoecos.com.ar\/wp-content\/uploads\/confiterias-460x259.jpg 460w, https:\/\/infoecos.com.ar\/wp-content\/uploads\/confiterias-920x519.jpg 920w, https:\/\/infoecos.com.ar\/wp-content\/uploads\/confiterias-768x433.jpg 768w, https:\/\/infoecos.com.ar\/wp-content\/uploads\/confiterias.jpg 1004w\" sizes=\"auto, (max-width: 460px) 100vw, 460px\" \/><\/figure><\/div>\n\n\n\n<p class=\"wp-block-paragraph\">El diputado provincial del PRO<strong>\u00a0<\/strong>Daniel Lipovetzky explic\u00f3 que la iniciativa propone \u00abuna serie de exenciones fiscales para el sector, que atraviesa una fuerte crisis econ\u00f3mica\u00bb por la pandemia.<\/p>\n\n\n\n<p class=\"wp-block-paragraph\">\u00abEl proyecto de ley de emergencia para el sector gastron\u00f3mico en la provincia de Buenos Aires lo\u00a0trabajamos con todas las C\u00e1maras y representantes del sector gastron\u00f3mico bonaerense\u00bb, explic\u00f3 Lipovetzky a T\u00e9lam.<\/p>\n\n\n\n<p class=\"wp-block-paragraph\">La iniciativa se trabaj\u00f3 en conjunto con los legisladores nacionales de Juntos por el Cambio, quienes tambi\u00e9n presentar\u00e1n la propuesta en la C\u00e1mara baja. <strong>\u00abElaboramos dos proyectos que se presentar\u00e1n en paralelo<\/strong>, que proponen exenciones fiscales y medidas de ayuda para un sector como el gastron\u00f3mico, que ha sido muy golpeado\u00bb, confi\u00f3 el legislador.<\/p>\n\n\n\n<p class=\"wp-block-paragraph\">El proyecto contempla a bares, restaurantes, confiter\u00edas o cafeter\u00edas y comercios de expendio de alimentos y\/o bebidas<strong> p<\/strong>ara consumo dentro o fuera del mismo.<\/p>\n\n\n\n<p class=\"wp-block-paragraph\">Adem\u00e1s,\u00a0incluye a quienes brindan servicio de catering y salones para eventos\u00a0que no hayan podido desarrollar total o parcialmente sus actividades debido a las restricciones impuestas por el gobierno nacional o provincial en el marco de la emergencia sanitaria por Covid-19.<\/p>\n\n\n\n<p class=\"wp-block-paragraph\">Con respecto a los servicios p\u00fablicos, se propone que no puedan suspenderlos o cortarlos a quienes est\u00e1n demorados con el pago por el tiempo que dure la emergencia y que se les den facilidades para saldar las deudas.<\/p>\n","protected":false},"excerpt":{"rendered":"<p>El diputado provincial del PRO Daniel Lipovetzky explic\u00f3 que la iniciativa propone \u00abuna serie de exenciones fiscales para el sector, que atraviesa una fuerte crisis econ\u00f3mica\u00bb por la pandemia<\/p>\n","protected":false},"author":2,"featured_media":63263,"comment_status":"closed","ping_status":"open","sticky":false,"template":"","format":"standard","meta":{"footnotes":""},"categories":[47],"tags":[3630],"class_list":["post-77836","post","type-post","status-publish","format-standard","has-post-thumbnail","hentry","category-c3nota2","tag-los-efectos-de-la-pandemia"],"featured_image_urls":{"full":["https:\/\/infoecos.com.ar\/wp-content\/uploads\/confiterias.jpg",1004,566,false],"thumbnail":["https:\/\/infoecos.com.ar\/wp-content\/uploads\/confiterias-150x150.jpg",150,150,true],"medium":["https:\/\/infoecos.com.ar\/wp-content\/uploads\/confiterias-460x259.jpg",460,259,true],"medium_large":["https:\/\/infoecos.com.ar\/wp-content\/uploads\/confiterias-768x433.jpg",640,361,true],"large":["https:\/\/infoecos.com.ar\/wp-content\/uploads\/confiterias-920x519.jpg",640,361,true],"1536x1536":["https:\/\/infoecos.com.ar\/wp-content\/uploads\/confiterias.jpg",1004,566,false],"2048x2048":["https:\/\/infoecos.com.ar\/wp-content\/uploads\/confiterias.jpg",1004,566,false],"covernews-slider-full":["https:\/\/infoecos.com.ar\/wp-content\/uploads\/confiterias.jpg",1004,566,false],"covernews-slider-center":["https:\/\/infoecos.com.ar\/wp-content\/uploads\/confiterias-936x566.jpg",800,484,true],"covernews-featured":["https:\/\/infoecos.com.ar\/wp-content\/uploads\/confiterias.jpg",1004,566,false],"covernews-medium":["https:\/\/infoecos.com.ar\/wp-content\/uploads\/confiterias-720x380.jpg",540,285,true],"covernews-medium-square":["https:\/\/infoecos.com.ar\/wp-content\/uploads\/confiterias-675x450.jpg",375,250,true]},"author_info":{"info":["Jorge Matheus"]},"category_info":"<a href=\"https:\/\/infoecos.com.ar\/index.php\/category\/c3nota2\/\" rel=\"category tag\">C3 N2<\/a>","tag_info":"C3 N2","comment_count":"0","_links":{"self":[{"href":"https:\/\/infoecos.com.ar\/index.php\/wp-json\/wp\/v2\/posts\/77836","targetHints":{"allow":["GET"]}}],"collection":[{"href":"https:\/\/infoecos.com.ar\/index.php\/wp-json\/wp\/v2\/posts"}],"about":[{"href":"https:\/\/infoecos.com.ar\/index.php\/wp-json\/wp\/v2\/types\/post"}],"author":[{"embeddable":true,"href":"https:\/\/infoecos.com.ar\/index.php\/wp-json\/wp\/v2\/users\/2"}],"replies":[{"embeddable":true,"href":"https:\/\/infoecos.com.ar\/index.php\/wp-json\/wp\/v2\/comments?post=77836"}],"version-history":[{"count":1,"href":"https:\/\/infoecos.com.ar\/index.php\/wp-json\/wp\/v2\/posts\/77836\/revisions"}],"predecessor-version":[{"id":77837,"href":"https:\/\/infoecos.com.ar\/index.php\/wp-json\/wp\/v2\/posts\/77836\/revisions\/77837"}],"wp:featuredmedia":[{"embeddable":true,"href":"https:\/\/infoecos.com.ar\/index.php\/wp-json\/wp\/v2\/media\/63263"}],"wp:attachment":[{"href":"https:\/\/infoecos.com.ar\/index.php\/wp-json\/wp\/v2\/media?parent=77836"}],"wp:term":[{"taxonomy":"category","embeddable":true,"href":"https:\/\/infoecos.com.ar\/index.php\/wp-json\/wp\/v2\/categories?post=77836"},{"taxonomy":"post_tag","embeddable":true,"href":"https:\/\/infoecos.com.ar\/index.php\/wp-json\/wp\/v2\/tags?post=77836"}],"curies":[{"name":"wp","href":"https:\/\/api.w.org\/{rel}","templated":true}]}}