{"id":77847,"date":"2021-05-10T01:03:01","date_gmt":"2021-05-10T04:03:01","guid":{"rendered":"http:\/\/infoecos.com.ar\/?p=77847"},"modified":"2021-05-10T01:03:11","modified_gmt":"2021-05-10T04:03:11","slug":"murio-este-domingo-el-ex-gobernador-de-santa-fe-miguel-lifschitz","status":"publish","type":"post","link":"https:\/\/infoecos.com.ar\/index.php\/murio-este-domingo-el-ex-gobernador-de-santa-fe-miguel-lifschitz\/","title":{"rendered":"Muri\u00f3 este domingo el ex gobernador de Santa Fe, Miguel Lifschitz"},"content":{"rendered":"\n<p class=\"wp-block-paragraph\">El ex gobernador de Santa Fe, Miguel Lifschitz, muri\u00f3 este domingo por la noche, a los 65 a\u00f1os, en una cl\u00ednica de la ciudad de Rosario afectado por un severo cuadro respiratorio derivado de coronavirus que lo mantuvo m\u00e1s de diez d\u00edas conectado a un respirador, informaron allegados al dirigente.<\/p>\n\n\n\n<div class=\"wp-block-image\"><figure class=\"aligncenter size-medium\"><img loading=\"lazy\" decoding=\"async\" width=\"460\" height=\"259\" src=\"http:\/\/infoecos.com.ar\/wp-content\/uploads\/2021\/05\/LIFSCHITZ-460x259.jpg\" alt=\"\" class=\"wp-image-77848\" srcset=\"https:\/\/infoecos.com.ar\/wp-content\/uploads\/2021\/05\/LIFSCHITZ-460x259.jpg 460w, https:\/\/infoecos.com.ar\/wp-content\/uploads\/2021\/05\/LIFSCHITZ-920x518.jpg 920w, https:\/\/infoecos.com.ar\/wp-content\/uploads\/2021\/05\/LIFSCHITZ-768x432.jpg 768w, https:\/\/infoecos.com.ar\/wp-content\/uploads\/2021\/05\/LIFSCHITZ.jpg 1004w\" sizes=\"auto, (max-width: 460px) 100vw, 460px\" \/><\/figure><\/div>\n\n\n\n<p class=\"wp-block-paragraph\">Lifschitz era el principal dirigente opositor de la provincia y permanec\u00eda internado en estado cr\u00edtico desde el 19 de abril en el Sanatorio Parque de Rosario, poco despu\u00e9s de confirmarse que hab\u00eda contra\u00eddo Covid-19.<\/p>\n\n\n\n<p class=\"wp-block-paragraph\">El l\u00edder socialista comenz\u00f3 con s\u00edntomas el 10 de abril y \u00e9l mismo confirm\u00f3 al d\u00eda siguiente que hab\u00eda sido hisopado con resultado positivo, informando adem\u00e1s que se encontraba en buen estado de salud.<\/p>\n\n\n\n<p class=\"wp-block-paragraph\">Pero con el paso de los d\u00edas comenz\u00f3 a presentar complicaciones y el 19 de abril fue internado, primero en sala com\u00fan y luego en terapia intensiva.<\/p>\n","protected":false},"excerpt":{"rendered":"<p>Lifschitz era el principal dirigente opositor de la provincia y permanec\u00eda internado en estado cr\u00edtico desde el 19 de abril en el Sanatorio Parque de Rosario, poco despu\u00e9s de confirmarse que hab\u00eda contra\u00eddo Covid-19<\/p>\n","protected":false},"author":2,"featured_media":77848,"comment_status":"closed","ping_status":"open","sticky":false,"template":"","format":"standard","meta":{"footnotes":""},"categories":[197],"tags":[3633],"class_list":["post-77847","post","type-post","status-publish","format-standard","has-post-thumbnail","hentry","category-c3nota4","tag-tenia-un-severo-cuadro-respiratorio"],"featured_image_urls":{"full":["https:\/\/infoecos.com.ar\/wp-content\/uploads\/2021\/05\/LIFSCHITZ.jpg",1004,565,false],"thumbnail":["https:\/\/infoecos.com.ar\/wp-content\/uploads\/2021\/05\/LIFSCHITZ-150x150.jpg",150,150,true],"medium":["https:\/\/infoecos.com.ar\/wp-content\/uploads\/2021\/05\/LIFSCHITZ-460x259.jpg",460,259,true],"medium_large":["https:\/\/infoecos.com.ar\/wp-content\/uploads\/2021\/05\/LIFSCHITZ-768x432.jpg",640,360,true],"large":["https:\/\/infoecos.com.ar\/wp-content\/uploads\/2021\/05\/LIFSCHITZ-920x518.jpg",640,360,true],"1536x1536":["https:\/\/infoecos.com.ar\/wp-content\/uploads\/2021\/05\/LIFSCHITZ.jpg",1004,565,false],"2048x2048":["https:\/\/infoecos.com.ar\/wp-content\/uploads\/2021\/05\/LIFSCHITZ.jpg",1004,565,false],"covernews-slider-full":["https:\/\/infoecos.com.ar\/wp-content\/uploads\/2021\/05\/LIFSCHITZ.jpg",1004,565,false],"covernews-slider-center":["https:\/\/infoecos.com.ar\/wp-content\/uploads\/2021\/05\/LIFSCHITZ-936x565.jpg",800,483,true],"covernews-featured":["https:\/\/infoecos.com.ar\/wp-content\/uploads\/2021\/05\/LIFSCHITZ.jpg",1004,565,false],"covernews-medium":["https:\/\/infoecos.com.ar\/wp-content\/uploads\/2021\/05\/LIFSCHITZ-720x380.jpg",540,285,true],"covernews-medium-square":["https:\/\/infoecos.com.ar\/wp-content\/uploads\/2021\/05\/LIFSCHITZ-675x450.jpg",375,250,true]},"author_info":{"info":["Jorge Matheus"]},"category_info":"<a href=\"https:\/\/infoecos.com.ar\/index.php\/category\/c3nota4\/\" rel=\"category tag\">C3 N4<\/a>","tag_info":"C3 N4","comment_count":"0","_links":{"self":[{"href":"https:\/\/infoecos.com.ar\/index.php\/wp-json\/wp\/v2\/posts\/77847","targetHints":{"allow":["GET"]}}],"collection":[{"href":"https:\/\/infoecos.com.ar\/index.php\/wp-json\/wp\/v2\/posts"}],"about":[{"href":"https:\/\/infoecos.com.ar\/index.php\/wp-json\/wp\/v2\/types\/post"}],"author":[{"embeddable":true,"href":"https:\/\/infoecos.com.ar\/index.php\/wp-json\/wp\/v2\/users\/2"}],"replies":[{"embeddable":true,"href":"https:\/\/infoecos.com.ar\/index.php\/wp-json\/wp\/v2\/comments?post=77847"}],"version-history":[{"count":1,"href":"https:\/\/infoecos.com.ar\/index.php\/wp-json\/wp\/v2\/posts\/77847\/revisions"}],"predecessor-version":[{"id":77849,"href":"https:\/\/infoecos.com.ar\/index.php\/wp-json\/wp\/v2\/posts\/77847\/revisions\/77849"}],"wp:featuredmedia":[{"embeddable":true,"href":"https:\/\/infoecos.com.ar\/index.php\/wp-json\/wp\/v2\/media\/77848"}],"wp:attachment":[{"href":"https:\/\/infoecos.com.ar\/index.php\/wp-json\/wp\/v2\/media?parent=77847"}],"wp:term":[{"taxonomy":"category","embeddable":true,"href":"https:\/\/infoecos.com.ar\/index.php\/wp-json\/wp\/v2\/categories?post=77847"},{"taxonomy":"post_tag","embeddable":true,"href":"https:\/\/infoecos.com.ar\/index.php\/wp-json\/wp\/v2\/tags?post=77847"}],"curies":[{"name":"wp","href":"https:\/\/api.w.org\/{rel}","templated":true}]}}