{"id":77867,"date":"2021-05-11T01:02:11","date_gmt":"2021-05-11T04:02:11","guid":{"rendered":"http:\/\/infoecos.com.ar\/?p=77867"},"modified":"2021-05-11T01:02:13","modified_gmt":"2021-05-11T04:02:13","slug":"desdramatizan-la-situacion-en-general-villegas-que-volvera-a-fase-3","status":"publish","type":"post","link":"https:\/\/infoecos.com.ar\/index.php\/desdramatizan-la-situacion-en-general-villegas-que-volvera-a-fase-3\/","title":{"rendered":"Desdramatizan la situaci\u00f3n en General Villegas que volver\u00e1 a Fase 3"},"content":{"rendered":"\n<p>El intendente Eduardo Campana dio este lunes su mensaje a la comunidad, luego de las reuniones que mantuvo con el Comit\u00e9 de Crisis y la Unidad de Gesti\u00f3n Educativa Distrital.<\/p>\n\n\n\n<p>El Ejecutivo municipal inform\u00f3 que&nbsp;\u201ctenemos 211 pacientes infectados de COVID, 23 sospechosos -que estamos esperando resultados- hay 104 personas fallecidas y un total de 2473 enfermos\u00bb.<\/p>\n\n\n\n<div class=\"wp-block-image\"><figure class=\"aligncenter size-large\"><img loading=\"lazy\" decoding=\"async\" width=\"696\" height=\"441\" src=\"http:\/\/infoecos.com.ar\/wp-content\/uploads\/2021\/01\/campana12.jpg\" alt=\"\" class=\"wp-image-72629\" srcset=\"https:\/\/infoecos.com.ar\/wp-content\/uploads\/2021\/01\/campana12.jpg 696w, https:\/\/infoecos.com.ar\/wp-content\/uploads\/2021\/01\/campana12-460x291.jpg 460w\" sizes=\"(max-width: 696px) 100vw, 696px\" \/><\/figure><\/div>\n\n\n\n<p>Y agreg\u00f3: \u00abVemos que est\u00e1n disminuyendo el n\u00famero de casos activos y de manera consiguiente los ingresos al \u00e1rea hospitalaria. Hubieron 5 ingresos y 3 de ellos fueron de localidades vecinas\u00bb.<\/p>\n\n\n\n<p>\u00abEn los pueblos, Piedritas tiene 51 casos activos y 2 sospechosos; Banderal\u00f3 tiene 17; Emilio V. Bunge tiene alrededor de 20 porque est\u00e1n dando altas en este momento; 5 Santa Eleodora, 1 Santa Regina porque 2 fueron dados de alta; 3 en Ca\u00f1ada Seca y 6 en Charlone. Vemos que salvo la localidad de Piedritas las otras vienen en una franca disminuci\u00f3n; y hay lugares que no est\u00e1n afectados como Villa Saboya y Villa Sauze\u00bb, agreg\u00f3.<\/p>\n\n\n\n<p>\u00abQuiero decirles que hay muchas menos camas ocupadas en el sector de Terapia Intensiva y menos pacientes que requieren asistencia respiratoria mec\u00e1nica; y que significa alrededor de un 30 o 40 por ciento de ocupaci\u00f3n. Tambi\u00e9n menos camas ocupadas en el \u00e1rea COVID\u00bb, se\u00f1al\u00f3 el mandatario comunal<\/p>\n\n\n\n<p>\u00abNo obstante, tanto en el Comit\u00e9 de Crisis como el Comit\u00e9 de trabajo del \u00c1rea de Salud y Epidemiolog\u00eda, coincidimos en que no debemos ni podemos bajar los brazos. Siempre el agradecimiento a aquel personal del sistema sanitario, desde el que est\u00e1 en la puerta al personal m\u00e9dico que est\u00e1 colaborando y asistiendo a un paciente con asistencia respiratoria mec\u00e1nica, el trabajo denodado que hacen\u00bb, agreg\u00f3 el Ejecutivo municipal.<\/p>\n\n\n\n<p>Campana sostuvo que \u00abesta semana, por esta baja de n\u00fameros de casos y baja incidencia de casos positivos, el Ministerio de Salud -y esto lo hablamos con la Jefatura de Gabinete como nexo del \u00c1rea Provincial- notific\u00f3 que pasamos a Fase 3\u00bb.<\/p>\n","protected":false},"excerpt":{"rendered":"<p>El Ejecutivo municipal inform\u00f3 que \u201ctenemos 211 pacientes infectados de COVID, 23 sospechosos -que estamos esperando resultados- hay 104 personas fallecidas y un total de 2473 enfermos\u00bb<\/p>\n","protected":false},"author":2,"featured_media":72629,"comment_status":"closed","ping_status":"open","sticky":false,"template":"","format":"standard","meta":{"footnotes":""},"categories":[28],"tags":[3637],"class_list":["post-77867","post","type-post","status-publish","format-standard","has-post-thumbnail","hentry","category-c1nota1","tag-declaraciones-del-intendente"],"yoast_head":"<!-- This site is optimized with the Yoast SEO plugin v23.4 - https:\/\/yoast.com\/wordpress\/plugins\/seo\/ -->\n<title>Desdramatizan la situaci\u00f3n en General Villegas que volver\u00e1 a Fase 3 - Infoecos<\/title>\n<meta name=\"robots\" content=\"index, follow, max-snippet:-1, max-image-preview:large, max-video-preview:-1\" \/>\n<link rel=\"canonical\" href=\"https:\/\/infoecos.com.ar\/index.php\/desdramatizan-la-situacion-en-general-villegas-que-volvera-a-fase-3\/\" \/>\n<meta property=\"og:locale\" content=\"es_ES\" \/>\n<meta property=\"og:type\" content=\"article\" \/>\n<meta property=\"og:title\" content=\"Desdramatizan la situaci\u00f3n en General Villegas que volver\u00e1 a Fase 3 - Infoecos\" \/>\n<meta property=\"og:description\" content=\"El Ejecutivo municipal inform\u00f3 que \u201ctenemos 211 pacientes infectados de COVID, 23 sospechosos -que estamos esperando resultados- hay 104 personas fallecidas y un total de 2473 enfermos\u00bb\" \/>\n<meta property=\"og:url\" content=\"https:\/\/infoecos.com.ar\/index.php\/desdramatizan-la-situacion-en-general-villegas-que-volvera-a-fase-3\/\" \/>\n<meta property=\"og:site_name\" content=\"Infoecos\" \/>\n<meta property=\"article:publisher\" content=\"https:\/\/www.facebook.com\/profile.php?id=100063200290284\" \/>\n<meta property=\"article:published_time\" content=\"2021-05-11T04:02:11+00:00\" \/>\n<meta property=\"article:modified_time\" content=\"2021-05-11T04:02:13+00:00\" \/>\n<meta property=\"og:image\" content=\"https:\/\/infoecos.com.ar\/wp-content\/uploads\/2021\/01\/campana12.jpg\" \/>\n\t<meta property=\"og:image:width\" content=\"696\" \/>\n\t<meta property=\"og:image:height\" content=\"441\" \/>\n\t<meta property=\"og:image:type\" content=\"image\/jpeg\" \/>\n<meta name=\"author\" content=\"Jorge Matheus\" \/>\n<meta name=\"twitter:card\" content=\"summary_large_image\" \/>\n<meta name=\"twitter:creator\" content=\"@infoecos\" \/>\n<meta name=\"twitter:site\" content=\"@infoecos\" \/>\n<meta name=\"twitter:label1\" content=\"Escrito por\" \/>\n\t<meta name=\"twitter:data1\" content=\"Jorge Matheus\" \/>\n\t<meta name=\"twitter:label2\" content=\"Tiempo de lectura\" \/>\n\t<meta name=\"twitter:data2\" content=\"2 minutos\" \/>\n<script type=\"application\/ld+json\" class=\"yoast-schema-graph\">{\"@context\":\"https:\/\/schema.org\",\"@graph\":[{\"@type\":\"Article\",\"@id\":\"https:\/\/infoecos.com.ar\/index.php\/desdramatizan-la-situacion-en-general-villegas-que-volvera-a-fase-3\/#article\",\"isPartOf\":{\"@id\":\"https:\/\/infoecos.com.ar\/index.php\/desdramatizan-la-situacion-en-general-villegas-que-volvera-a-fase-3\/\"},\"author\":{\"name\":\"Jorge Matheus\",\"@id\":\"https:\/\/infoecos.com.ar\/#\/schema\/person\/8f5ace5ce73b4b4aac4b7245aee6f191\"},\"headline\":\"Desdramatizan la situaci\u00f3n en General Villegas que volver\u00e1 a Fase 3\",\"datePublished\":\"2021-05-11T04:02:11+00:00\",\"dateModified\":\"2021-05-11T04:02:13+00:00\",\"mainEntityOfPage\":{\"@id\":\"https:\/\/infoecos.com.ar\/index.php\/desdramatizan-la-situacion-en-general-villegas-que-volvera-a-fase-3\/\"},\"wordCount\":331,\"publisher\":{\"@id\":\"https:\/\/infoecos.com.ar\/#organization\"},\"image\":{\"@id\":\"https:\/\/infoecos.com.ar\/index.php\/desdramatizan-la-situacion-en-general-villegas-que-volvera-a-fase-3\/#primaryimage\"},\"thumbnailUrl\":\"https:\/\/infoecos.com.ar\/wp-content\/uploads\/2021\/01\/campana12.jpg\",\"keywords\":[\"DECLARACIONES DEL INTENDENTE\"],\"articleSection\":[\"C1 N1\"],\"inLanguage\":\"es\"},{\"@type\":\"WebPage\",\"@id\":\"https:\/\/infoecos.com.ar\/index.php\/desdramatizan-la-situacion-en-general-villegas-que-volvera-a-fase-3\/\",\"url\":\"https:\/\/infoecos.com.ar\/index.php\/desdramatizan-la-situacion-en-general-villegas-que-volvera-a-fase-3\/\",\"name\":\"Desdramatizan la situaci\u00f3n en General Villegas que volver\u00e1 a Fase 3 - Infoecos\",\"isPartOf\":{\"@id\":\"https:\/\/infoecos.com.ar\/#website\"},\"primaryImageOfPage\":{\"@id\":\"https:\/\/infoecos.com.ar\/index.php\/desdramatizan-la-situacion-en-general-villegas-que-volvera-a-fase-3\/#primaryimage\"},\"image\":{\"@id\":\"https:\/\/infoecos.com.ar\/index.php\/desdramatizan-la-situacion-en-general-villegas-que-volvera-a-fase-3\/#primaryimage\"},\"thumbnailUrl\":\"https:\/\/infoecos.com.ar\/wp-content\/uploads\/2021\/01\/campana12.jpg\",\"datePublished\":\"2021-05-11T04:02:11+00:00\",\"dateModified\":\"2021-05-11T04:02:13+00:00\",\"breadcrumb\":{\"@id\":\"https:\/\/infoecos.com.ar\/index.php\/desdramatizan-la-situacion-en-general-villegas-que-volvera-a-fase-3\/#breadcrumb\"},\"inLanguage\":\"es\",\"potentialAction\":[{\"@type\":\"ReadAction\",\"target\":[\"https:\/\/infoecos.com.ar\/index.php\/desdramatizan-la-situacion-en-general-villegas-que-volvera-a-fase-3\/\"]}]},{\"@type\":\"ImageObject\",\"inLanguage\":\"es\",\"@id\":\"https:\/\/infoecos.com.ar\/index.php\/desdramatizan-la-situacion-en-general-villegas-que-volvera-a-fase-3\/#primaryimage\",\"url\":\"https:\/\/infoecos.com.ar\/wp-content\/uploads\/2021\/01\/campana12.jpg\",\"contentUrl\":\"https:\/\/infoecos.com.ar\/wp-content\/uploads\/2021\/01\/campana12.jpg\",\"width\":696,\"height\":441},{\"@type\":\"BreadcrumbList\",\"@id\":\"https:\/\/infoecos.com.ar\/index.php\/desdramatizan-la-situacion-en-general-villegas-que-volvera-a-fase-3\/#breadcrumb\",\"itemListElement\":[{\"@type\":\"ListItem\",\"position\":1,\"name\":\"Portada\",\"item\":\"https:\/\/infoecos.com.ar\/\"},{\"@type\":\"ListItem\",\"position\":2,\"name\":\"Desdramatizan la situaci\u00f3n en General Villegas que volver\u00e1 a Fase 3\"}]},{\"@type\":\"WebSite\",\"@id\":\"https:\/\/infoecos.com.ar\/#website\",\"url\":\"https:\/\/infoecos.com.ar\/\",\"name\":\"Infoecos\",\"description\":\"Noticias de trenque lauquen y la zona\",\"publisher\":{\"@id\":\"https:\/\/infoecos.com.ar\/#organization\"},\"alternateName\":\"Noticias\",\"potentialAction\":[{\"@type\":\"SearchAction\",\"target\":{\"@type\":\"EntryPoint\",\"urlTemplate\":\"https:\/\/infoecos.com.ar\/?s={search_term_string}\"},\"query-input\":{\"@type\":\"PropertyValueSpecification\",\"valueRequired\":true,\"valueName\":\"search_term_string\"}}],\"inLanguage\":\"es\"},{\"@type\":\"Organization\",\"@id\":\"https:\/\/infoecos.com.ar\/#organization\",\"name\":\"Infoecos\",\"alternateName\":\"Noticias\",\"url\":\"https:\/\/infoecos.com.ar\/\",\"logo\":{\"@type\":\"ImageObject\",\"inLanguage\":\"es\",\"@id\":\"https:\/\/infoecos.com.ar\/#\/schema\/logo\/image\/\",\"url\":\"https:\/\/infoecos.com.ar\/wp-content\/uploads\/2024\/03\/cropped-logo.png\",\"contentUrl\":\"https:\/\/infoecos.com.ar\/wp-content\/uploads\/2024\/03\/cropped-logo.png\",\"width\":374,\"height\":90,\"caption\":\"Infoecos\"},\"image\":{\"@id\":\"https:\/\/infoecos.com.ar\/#\/schema\/logo\/image\/\"},\"sameAs\":[\"https:\/\/www.facebook.com\/profile.php?id=100063200290284\",\"https:\/\/x.com\/infoecos\"]},{\"@type\":\"Person\",\"@id\":\"https:\/\/infoecos.com.ar\/#\/schema\/person\/8f5ace5ce73b4b4aac4b7245aee6f191\",\"name\":\"Jorge Matheus\",\"url\":\"https:\/\/infoecos.com.ar\/index.php\/author\/jomatheus\/\"}]}<\/script>\n<!-- \/ Yoast SEO plugin. -->","yoast_head_json":{"title":"Desdramatizan la situaci\u00f3n en General Villegas que volver\u00e1 a Fase 3 - Infoecos","robots":{"index":"index","follow":"follow","max-snippet":"max-snippet:-1","max-image-preview":"max-image-preview:large","max-video-preview":"max-video-preview:-1"},"canonical":"https:\/\/infoecos.com.ar\/index.php\/desdramatizan-la-situacion-en-general-villegas-que-volvera-a-fase-3\/","og_locale":"es_ES","og_type":"article","og_title":"Desdramatizan la situaci\u00f3n en General Villegas que volver\u00e1 a Fase 3 - Infoecos","og_description":"El Ejecutivo municipal inform\u00f3 que \u201ctenemos 211 pacientes infectados de COVID, 23 sospechosos -que estamos esperando resultados- hay 104 personas fallecidas y un total de 2473 enfermos\u00bb","og_url":"https:\/\/infoecos.com.ar\/index.php\/desdramatizan-la-situacion-en-general-villegas-que-volvera-a-fase-3\/","og_site_name":"Infoecos","article_publisher":"https:\/\/www.facebook.com\/profile.php?id=100063200290284","article_published_time":"2021-05-11T04:02:11+00:00","article_modified_time":"2021-05-11T04:02:13+00:00","og_image":[{"width":696,"height":441,"url":"https:\/\/infoecos.com.ar\/wp-content\/uploads\/2021\/01\/campana12.jpg","type":"image\/jpeg"}],"author":"Jorge Matheus","twitter_card":"summary_large_image","twitter_creator":"@infoecos","twitter_site":"@infoecos","twitter_misc":{"Escrito por":"Jorge Matheus","Tiempo de lectura":"2 minutos"},"schema":{"@context":"https:\/\/schema.org","@graph":[{"@type":"Article","@id":"https:\/\/infoecos.com.ar\/index.php\/desdramatizan-la-situacion-en-general-villegas-que-volvera-a-fase-3\/#article","isPartOf":{"@id":"https:\/\/infoecos.com.ar\/index.php\/desdramatizan-la-situacion-en-general-villegas-que-volvera-a-fase-3\/"},"author":{"name":"Jorge Matheus","@id":"https:\/\/infoecos.com.ar\/#\/schema\/person\/8f5ace5ce73b4b4aac4b7245aee6f191"},"headline":"Desdramatizan la situaci\u00f3n en General Villegas que volver\u00e1 a Fase 3","datePublished":"2021-05-11T04:02:11+00:00","dateModified":"2021-05-11T04:02:13+00:00","mainEntityOfPage":{"@id":"https:\/\/infoecos.com.ar\/index.php\/desdramatizan-la-situacion-en-general-villegas-que-volvera-a-fase-3\/"},"wordCount":331,"publisher":{"@id":"https:\/\/infoecos.com.ar\/#organization"},"image":{"@id":"https:\/\/infoecos.com.ar\/index.php\/desdramatizan-la-situacion-en-general-villegas-que-volvera-a-fase-3\/#primaryimage"},"thumbnailUrl":"https:\/\/infoecos.com.ar\/wp-content\/uploads\/2021\/01\/campana12.jpg","keywords":["DECLARACIONES DEL INTENDENTE"],"articleSection":["C1 N1"],"inLanguage":"es"},{"@type":"WebPage","@id":"https:\/\/infoecos.com.ar\/index.php\/desdramatizan-la-situacion-en-general-villegas-que-volvera-a-fase-3\/","url":"https:\/\/infoecos.com.ar\/index.php\/desdramatizan-la-situacion-en-general-villegas-que-volvera-a-fase-3\/","name":"Desdramatizan la situaci\u00f3n en General Villegas que volver\u00e1 a Fase 3 - Infoecos","isPartOf":{"@id":"https:\/\/infoecos.com.ar\/#website"},"primaryImageOfPage":{"@id":"https:\/\/infoecos.com.ar\/index.php\/desdramatizan-la-situacion-en-general-villegas-que-volvera-a-fase-3\/#primaryimage"},"image":{"@id":"https:\/\/infoecos.com.ar\/index.php\/desdramatizan-la-situacion-en-general-villegas-que-volvera-a-fase-3\/#primaryimage"},"thumbnailUrl":"https:\/\/infoecos.com.ar\/wp-content\/uploads\/2021\/01\/campana12.jpg","datePublished":"2021-05-11T04:02:11+00:00","dateModified":"2021-05-11T04:02:13+00:00","breadcrumb":{"@id":"https:\/\/infoecos.com.ar\/index.php\/desdramatizan-la-situacion-en-general-villegas-que-volvera-a-fase-3\/#breadcrumb"},"inLanguage":"es","potentialAction":[{"@type":"ReadAction","target":["https:\/\/infoecos.com.ar\/index.php\/desdramatizan-la-situacion-en-general-villegas-que-volvera-a-fase-3\/"]}]},{"@type":"ImageObject","inLanguage":"es","@id":"https:\/\/infoecos.com.ar\/index.php\/desdramatizan-la-situacion-en-general-villegas-que-volvera-a-fase-3\/#primaryimage","url":"https:\/\/infoecos.com.ar\/wp-content\/uploads\/2021\/01\/campana12.jpg","contentUrl":"https:\/\/infoecos.com.ar\/wp-content\/uploads\/2021\/01\/campana12.jpg","width":696,"height":441},{"@type":"BreadcrumbList","@id":"https:\/\/infoecos.com.ar\/index.php\/desdramatizan-la-situacion-en-general-villegas-que-volvera-a-fase-3\/#breadcrumb","itemListElement":[{"@type":"ListItem","position":1,"name":"Portada","item":"https:\/\/infoecos.com.ar\/"},{"@type":"ListItem","position":2,"name":"Desdramatizan la situaci\u00f3n en General Villegas que volver\u00e1 a Fase 3"}]},{"@type":"WebSite","@id":"https:\/\/infoecos.com.ar\/#website","url":"https:\/\/infoecos.com.ar\/","name":"Infoecos","description":"Noticias de trenque lauquen y la zona","publisher":{"@id":"https:\/\/infoecos.com.ar\/#organization"},"alternateName":"Noticias","potentialAction":[{"@type":"SearchAction","target":{"@type":"EntryPoint","urlTemplate":"https:\/\/infoecos.com.ar\/?s={search_term_string}"},"query-input":{"@type":"PropertyValueSpecification","valueRequired":true,"valueName":"search_term_string"}}],"inLanguage":"es"},{"@type":"Organization","@id":"https:\/\/infoecos.com.ar\/#organization","name":"Infoecos","alternateName":"Noticias","url":"https:\/\/infoecos.com.ar\/","logo":{"@type":"ImageObject","inLanguage":"es","@id":"https:\/\/infoecos.com.ar\/#\/schema\/logo\/image\/","url":"https:\/\/infoecos.com.ar\/wp-content\/uploads\/2024\/03\/cropped-logo.png","contentUrl":"https:\/\/infoecos.com.ar\/wp-content\/uploads\/2024\/03\/cropped-logo.png","width":374,"height":90,"caption":"Infoecos"},"image":{"@id":"https:\/\/infoecos.com.ar\/#\/schema\/logo\/image\/"},"sameAs":["https:\/\/www.facebook.com\/profile.php?id=100063200290284","https:\/\/x.com\/infoecos"]},{"@type":"Person","@id":"https:\/\/infoecos.com.ar\/#\/schema\/person\/8f5ace5ce73b4b4aac4b7245aee6f191","name":"Jorge Matheus","url":"https:\/\/infoecos.com.ar\/index.php\/author\/jomatheus\/"}]}},"featured_image_urls":{"full":["https:\/\/infoecos.com.ar\/wp-content\/uploads\/2021\/01\/campana12.jpg",696,441,false],"thumbnail":["https:\/\/infoecos.com.ar\/wp-content\/uploads\/2021\/01\/campana12-150x150.jpg",150,150,true],"medium":["https:\/\/infoecos.com.ar\/wp-content\/uploads\/2021\/01\/campana12-460x291.jpg",460,291,true],"medium_large":["https:\/\/infoecos.com.ar\/wp-content\/uploads\/2021\/01\/campana12.jpg",640,406,false],"large":["https:\/\/infoecos.com.ar\/wp-content\/uploads\/2021\/01\/campana12.jpg",640,406,false],"1536x1536":["https:\/\/infoecos.com.ar\/wp-content\/uploads\/2021\/01\/campana12.jpg",696,441,false],"2048x2048":["https:\/\/infoecos.com.ar\/wp-content\/uploads\/2021\/01\/campana12.jpg",696,441,false],"covernews-slider-full":["https:\/\/infoecos.com.ar\/wp-content\/uploads\/2021\/01\/campana12.jpg",696,441,false],"covernews-slider-center":["https:\/\/infoecos.com.ar\/wp-content\/uploads\/2021\/01\/campana12.jpg",696,441,false],"covernews-featured":["https:\/\/infoecos.com.ar\/wp-content\/uploads\/2021\/01\/campana12.jpg",696,441,false],"covernews-medium":["https:\/\/infoecos.com.ar\/wp-content\/uploads\/2021\/01\/campana12-696x380.jpg",540,295,true],"covernews-medium-square":["https:\/\/infoecos.com.ar\/wp-content\/uploads\/2021\/01\/campana12-675x441.jpg",383,250,true]},"author_info":{"info":["Jorge Matheus"]},"category_info":"<a href=\"https:\/\/infoecos.com.ar\/index.php\/category\/c1nota1\/\" rel=\"category tag\">C1 N1<\/a>","tag_info":"C1 N1","comment_count":"0","_links":{"self":[{"href":"https:\/\/infoecos.com.ar\/index.php\/wp-json\/wp\/v2\/posts\/77867"}],"collection":[{"href":"https:\/\/infoecos.com.ar\/index.php\/wp-json\/wp\/v2\/posts"}],"about":[{"href":"https:\/\/infoecos.com.ar\/index.php\/wp-json\/wp\/v2\/types\/post"}],"author":[{"embeddable":true,"href":"https:\/\/infoecos.com.ar\/index.php\/wp-json\/wp\/v2\/users\/2"}],"replies":[{"embeddable":true,"href":"https:\/\/infoecos.com.ar\/index.php\/wp-json\/wp\/v2\/comments?post=77867"}],"version-history":[{"count":1,"href":"https:\/\/infoecos.com.ar\/index.php\/wp-json\/wp\/v2\/posts\/77867\/revisions"}],"predecessor-version":[{"id":77868,"href":"https:\/\/infoecos.com.ar\/index.php\/wp-json\/wp\/v2\/posts\/77867\/revisions\/77868"}],"wp:featuredmedia":[{"embeddable":true,"href":"https:\/\/infoecos.com.ar\/index.php\/wp-json\/wp\/v2\/media\/72629"}],"wp:attachment":[{"href":"https:\/\/infoecos.com.ar\/index.php\/wp-json\/wp\/v2\/media?parent=77867"}],"wp:term":[{"taxonomy":"category","embeddable":true,"href":"https:\/\/infoecos.com.ar\/index.php\/wp-json\/wp\/v2\/categories?post=77867"},{"taxonomy":"post_tag","embeddable":true,"href":"https:\/\/infoecos.com.ar\/index.php\/wp-json\/wp\/v2\/tags?post=77867"}],"curies":[{"name":"wp","href":"https:\/\/api.w.org\/{rel}","templated":true}]}}