{"id":77880,"date":"2021-05-11T01:34:44","date_gmt":"2021-05-11T04:34:44","guid":{"rendered":"http:\/\/infoecos.com.ar\/?p=77880"},"modified":"2021-05-14T01:14:29","modified_gmt":"2021-05-14T04:14:29","slug":"veronica-magario-vicegobernador-de-buenos-aires-ratifico-la-construccion-de-116-viviendas-en-bragado","status":"publish","type":"post","link":"https:\/\/infoecos.com.ar\/index.php\/veronica-magario-vicegobernador-de-buenos-aires-ratifico-la-construccion-de-116-viviendas-en-bragado\/","title":{"rendered":"Ver\u00f3nica Magario, vicegobernadora de Buenos Aires, ratific\u00f3 la construcci\u00f3n de 116 viviendas en Bragado"},"content":{"rendered":"\n<p class=\"wp-block-paragraph\">Ver\u00f3nica Magario fue recibida por el intendente de Bragado, Vicente Gatica, con quien mantuvo un encuentro en el palacio municipal del distrito.<\/p>\n\n\n\n<p class=\"wp-block-paragraph\">Posteriormente, visit\u00f3 las obras del Centro Educativo Complementario 802 ubicado, en el Barrio Michel, y las obras de vivienda en el barrio Las Violetas.<\/p>\n\n\n\n<div class=\"wp-block-image\"><figure class=\"aligncenter size-medium\"><img loading=\"lazy\" decoding=\"async\" width=\"460\" height=\"307\" src=\"http:\/\/infoecos.com.ar\/wp-content\/uploads\/2021\/05\/magarioenbragado-460x307.jpg\" alt=\"\" class=\"wp-image-77881\" srcset=\"https:\/\/infoecos.com.ar\/wp-content\/uploads\/2021\/05\/magarioenbragado-460x307.jpg 460w, https:\/\/infoecos.com.ar\/wp-content\/uploads\/2021\/05\/magarioenbragado-920x613.jpg 920w, https:\/\/infoecos.com.ar\/wp-content\/uploads\/2021\/05\/magarioenbragado-768x512.jpg 768w, https:\/\/infoecos.com.ar\/wp-content\/uploads\/2021\/05\/magarioenbragado-1024x682.jpg 1024w, https:\/\/infoecos.com.ar\/wp-content\/uploads\/2021\/05\/magarioenbragado-675x450.jpg 675w, https:\/\/infoecos.com.ar\/wp-content\/uploads\/2021\/05\/magarioenbragado.jpg 1280w\" sizes=\"auto, (max-width: 460px) 100vw, 460px\" \/><\/figure><\/div>\n\n\n\n<p class=\"wp-block-paragraph\">De la recorrida participaron la senadora bonaerense Mar\u00eda Elena Defunchio y el senador Gustavo Traverso.<\/p>\n\n\n\n<p class=\"wp-block-paragraph\">\u00abEstamos recorriendo las obras, estas obras de vivienda sobre todo, que hace tantos a\u00f1os estaban postergadas y que son necesarias para los habitantes. As\u00ed que traemos las buenas noticias de que esto pronto se va a reactivar\u00bb, asegur\u00f3 Magario en di\u00e1logo con la prensa.<\/p>\n\n\n\n<p class=\"wp-block-paragraph\">La vicegobernadora bonaerense precis\u00f3 que hay 55 mil viviendas en Argentina sin terminar y se concluir\u00e1n en el marco del Programa Reconstruir, lanzado por el gobierno nacional.<\/p>\n\n\n\n<p class=\"wp-block-paragraph\">\u00abEn ese programa est\u00e1n incluidas las 116 viviendas en los tres barrios de Bragado. Este es el compromiso que asumimos con esas familias que las necesitan\u00bb, sentenci\u00f3.<\/p>\n\n\n\n<div class=\"wp-block-image\"><figure class=\"aligncenter size-medium\"><img loading=\"lazy\" decoding=\"async\" width=\"460\" height=\"307\" src=\"http:\/\/infoecos.com.ar\/wp-content\/uploads\/2021\/05\/magarioenbragado1-460x307.jpg\" alt=\"\" class=\"wp-image-77882\" srcset=\"https:\/\/infoecos.com.ar\/wp-content\/uploads\/2021\/05\/magarioenbragado1-460x307.jpg 460w, https:\/\/infoecos.com.ar\/wp-content\/uploads\/2021\/05\/magarioenbragado1-920x613.jpg 920w, https:\/\/infoecos.com.ar\/wp-content\/uploads\/2021\/05\/magarioenbragado1-768x512.jpg 768w, https:\/\/infoecos.com.ar\/wp-content\/uploads\/2021\/05\/magarioenbragado1-1024x682.jpg 1024w, https:\/\/infoecos.com.ar\/wp-content\/uploads\/2021\/05\/magarioenbragado1-675x450.jpg 675w, https:\/\/infoecos.com.ar\/wp-content\/uploads\/2021\/05\/magarioenbragado1.jpg 1280w\" sizes=\"auto, (max-width: 460px) 100vw, 460px\" \/><\/figure><\/div>\n\n\n\n<p class=\"wp-block-paragraph\">Tambi\u00e9n adelant\u00f3 que se pondr\u00e1 en marcha la licitaci\u00f3n de cloacas para mejorar la calidad de vida de los vecinos y vecinas del distrito.<\/p>\n\n\n\n<p class=\"wp-block-paragraph\">Tambi\u00e9n, Magario recorri\u00f3 el vacunatorio Parroquia Santa Rosa de Lima, donde se aplican dosis para combatir el Covid-19.<\/p>\n\n\n\n<p class=\"wp-block-paragraph\">\u00abEs muy importante que sigamos vacunando. Superamos los 3 millones de vacunados en la Provincia y es una cantidad que cubre pr\u00e1cticamente la franja etarea m\u00e1s vulnerable\u00bb, se\u00f1al\u00f3.<\/p>\n\n\n\n<p class=\"wp-block-paragraph\">\u00abHemos cambiado &#8211; continu\u00f3 &#8211; el concepto de vacunaci\u00f3n. Lo que estamos haciendo es ir vacunando a la poblaci\u00f3n m\u00e1s fr\u00e1gil. Terminamos con los mayores de 70, estamos por terminar con los mayores de 60 a\u00f1os y ya comenzamos con la franja de 40 a 59 a\u00f1os con enfermedades preexistentes\u00bb.<\/p>\n\n\n\n<p class=\"wp-block-paragraph\">Magario explic\u00f3 que el pa\u00eds atraviesa una situaci\u00f3n compleja por el crecimiento de la curva de contagios, debido a la confluencia de las cepas de Reino Unido, Manaos y, fundamentalmente, la andina.<\/p>\n\n\n\n<div class=\"wp-block-image\"><figure class=\"aligncenter size-medium\"><img loading=\"lazy\" decoding=\"async\" width=\"460\" height=\"318\" src=\"http:\/\/infoecos.com.ar\/wp-content\/uploads\/2021\/05\/magarioenbragado2-460x318.jpg\" alt=\"\" class=\"wp-image-77883\" srcset=\"https:\/\/infoecos.com.ar\/wp-content\/uploads\/2021\/05\/magarioenbragado2-460x318.jpg 460w, https:\/\/infoecos.com.ar\/wp-content\/uploads\/2021\/05\/magarioenbragado2-920x637.jpg 920w, https:\/\/infoecos.com.ar\/wp-content\/uploads\/2021\/05\/magarioenbragado2-768x532.jpg 768w, https:\/\/infoecos.com.ar\/wp-content\/uploads\/2021\/05\/magarioenbragado2-1024x709.jpg 1024w, https:\/\/infoecos.com.ar\/wp-content\/uploads\/2021\/05\/magarioenbragado2.jpg 1280w\" sizes=\"auto, (max-width: 460px) 100vw, 460px\" \/><\/figure><\/div>\n\n\n\n<p class=\"wp-block-paragraph\">\u00abLa cepa andina circula en el 43% de los contagiados argentinos. Ataca mucho m\u00e1s a los j\u00f3venes y estamos viendo adolescentes contagiados y tambi\u00e9n ni\u00f1os\u00bb, precis\u00f3.<\/p>\n\n\n\n<p class=\"wp-block-paragraph\">Por ello, Magario se dirigi\u00f3 a los j\u00f3venes, quienes, a diferencia del a\u00f1o pasado, sufren m\u00e1s las nuevas variantes del coronavirus.<\/p>\n\n\n\n<p class=\"wp-block-paragraph\">\u00abHago un llamado a los j\u00f3venes, a cuidarnos mucho, a cuidar de nuestros padres, a nuestros abuelos. A los j\u00f3venes que tienen toda esa energ\u00eda, que les gusta hacer deportes y les gusta divertirse, compartir y estar socialmente con quienes quuieren estar. Podemos hacerlo, pero con mucho cuidado\u00bb, enfatiz\u00f3.<\/p>\n\n\n\n<p class=\"wp-block-paragraph\">Por \u00faltimo, se refiri\u00f3 a la alta cantidad de muertos que se registran en los \u00faltimos d\u00edas! \u00abEsto no queremos tener. Por eso a veces son antip\u00e1ticas las restricciones, parecen duras, pero estamos salvando vidas y cuidando a nuestros ciudadanos\u00bb.<\/p>\n\n\n\n<p class=\"wp-block-paragraph\">En relaci\u00f3n a la producci\u00f3n y el desarrollo del interior bonaerense, Magario ratific\u00f3 la decisi\u00f3n de avanzar con corredores industriales a lo largo de la ruta 5 y de la ruta 7, con el prop\u00f3sito de \u00abreactivar la mayor cantidad de industrias posibles para la generaci\u00f3n de trabajo\u00bb.<\/p>\n\n\n\n<div class=\"wp-block-image\"><figure class=\"aligncenter size-medium\"><img loading=\"lazy\" decoding=\"async\" width=\"460\" height=\"306\" src=\"http:\/\/infoecos.com.ar\/wp-content\/uploads\/2021\/05\/magarioenbragado3-460x306.jpg\" alt=\"\" class=\"wp-image-77884\" srcset=\"https:\/\/infoecos.com.ar\/wp-content\/uploads\/2021\/05\/magarioenbragado3-460x306.jpg 460w, https:\/\/infoecos.com.ar\/wp-content\/uploads\/2021\/05\/magarioenbragado3-920x612.jpg 920w, https:\/\/infoecos.com.ar\/wp-content\/uploads\/2021\/05\/magarioenbragado3-768x511.jpg 768w, https:\/\/infoecos.com.ar\/wp-content\/uploads\/2021\/05\/magarioenbragado3-1024x681.jpg 1024w, https:\/\/infoecos.com.ar\/wp-content\/uploads\/2021\/05\/magarioenbragado3-675x450.jpg 675w, https:\/\/infoecos.com.ar\/wp-content\/uploads\/2021\/05\/magarioenbragado3.jpg 1133w\" sizes=\"auto, (max-width: 460px) 100vw, 460px\" \/><\/figure><\/div>\n\n\n\n<p class=\"wp-block-paragraph\">El intendente Vicente Gatica agradeci\u00f3 el respaldo de la Provincia y el acompa\u00f1amiento de la vicegobernadora bonaerense.<\/p>\n\n\n\n<p class=\"wp-block-paragraph\">\u00abHemos tenido una charla con agenda abierta, sobre la visi\u00f3n general que tenemos de la Provincia, y rescato esa empat\u00eda con la que nos ha acompa\u00f1ado en las gestiones que hay que hacer\u00bb, ponder\u00f3.<\/p>\n\n\n\n<p class=\"wp-block-paragraph\">Por la tarde, la vicegobernadora bonaerense recorri\u00f3 el Centro Integral del Discapacitado Mental (CIDIM), donde hizo entrega de un subsidio para el arreglo de la instalaci\u00f3n de gas del lugar.<\/p>\n\n\n\n<p class=\"wp-block-paragraph\">Y concluy\u00f3 la recorrida en el Centro Uni\u00f3n Comercial e Industrial (CUCI) de Bragado, donde dialog\u00f3 con representantes del sector.<\/p>\n","protected":false},"excerpt":{"rendered":"<p>De la recorrida participaron la senadora bonaerense Mar\u00eda Elena Defunchio y el senador Gustavo Traverso<\/p>\n","protected":false},"author":2,"featured_media":77884,"comment_status":"closed","ping_status":"open","sticky":false,"template":"","format":"standard","meta":{"footnotes":""},"categories":[1335],"tags":[3639],"class_list":["post-77880","post","type-post","status-publish","format-standard","has-post-thumbnail","hentry","category-inferior15","tag-intensa-recorrida-por-la-ciudad"],"featured_image_urls":{"full":["https:\/\/infoecos.com.ar\/wp-content\/uploads\/2021\/05\/magarioenbragado3.jpg",1133,754,false],"thumbnail":["https:\/\/infoecos.com.ar\/wp-content\/uploads\/2021\/05\/magarioenbragado3-150x150.jpg",150,150,true],"medium":["https:\/\/infoecos.com.ar\/wp-content\/uploads\/2021\/05\/magarioenbragado3-460x306.jpg",460,306,true],"medium_large":["https:\/\/infoecos.com.ar\/wp-content\/uploads\/2021\/05\/magarioenbragado3-768x511.jpg",640,426,true],"large":["https:\/\/infoecos.com.ar\/wp-content\/uploads\/2021\/05\/magarioenbragado3-920x612.jpg",640,426,true],"1536x1536":["https:\/\/infoecos.com.ar\/wp-content\/uploads\/2021\/05\/magarioenbragado3.jpg",1133,754,false],"2048x2048":["https:\/\/infoecos.com.ar\/wp-content\/uploads\/2021\/05\/magarioenbragado3.jpg",1133,754,false],"covernews-slider-full":["https:\/\/infoecos.com.ar\/wp-content\/uploads\/2021\/05\/magarioenbragado3.jpg",1074,715,false],"covernews-slider-center":["https:\/\/infoecos.com.ar\/wp-content\/uploads\/2021\/05\/magarioenbragado3-936x754.jpg",621,500,true],"covernews-featured":["https:\/\/infoecos.com.ar\/wp-content\/uploads\/2021\/05\/magarioenbragado3-1024x681.jpg",1024,681,true],"covernews-medium":["https:\/\/infoecos.com.ar\/wp-content\/uploads\/2021\/05\/magarioenbragado3-720x380.jpg",540,285,true],"covernews-medium-square":["https:\/\/infoecos.com.ar\/wp-content\/uploads\/2021\/05\/magarioenbragado3-675x450.jpg",375,250,true]},"author_info":{"info":["Jorge Matheus"]},"category_info":"<a href=\"https:\/\/infoecos.com.ar\/index.php\/category\/inferior15\/\" rel=\"category tag\">Bloque inferior - 15<\/a>","tag_info":"Bloque inferior - 15","comment_count":"0","_links":{"self":[{"href":"https:\/\/infoecos.com.ar\/index.php\/wp-json\/wp\/v2\/posts\/77880","targetHints":{"allow":["GET"]}}],"collection":[{"href":"https:\/\/infoecos.com.ar\/index.php\/wp-json\/wp\/v2\/posts"}],"about":[{"href":"https:\/\/infoecos.com.ar\/index.php\/wp-json\/wp\/v2\/types\/post"}],"author":[{"embeddable":true,"href":"https:\/\/infoecos.com.ar\/index.php\/wp-json\/wp\/v2\/users\/2"}],"replies":[{"embeddable":true,"href":"https:\/\/infoecos.com.ar\/index.php\/wp-json\/wp\/v2\/comments?post=77880"}],"version-history":[{"count":2,"href":"https:\/\/infoecos.com.ar\/index.php\/wp-json\/wp\/v2\/posts\/77880\/revisions"}],"predecessor-version":[{"id":77898,"href":"https:\/\/infoecos.com.ar\/index.php\/wp-json\/wp\/v2\/posts\/77880\/revisions\/77898"}],"wp:featuredmedia":[{"embeddable":true,"href":"https:\/\/infoecos.com.ar\/index.php\/wp-json\/wp\/v2\/media\/77884"}],"wp:attachment":[{"href":"https:\/\/infoecos.com.ar\/index.php\/wp-json\/wp\/v2\/media?parent=77880"}],"wp:term":[{"taxonomy":"category","embeddable":true,"href":"https:\/\/infoecos.com.ar\/index.php\/wp-json\/wp\/v2\/categories?post=77880"},{"taxonomy":"post_tag","embeddable":true,"href":"https:\/\/infoecos.com.ar\/index.php\/wp-json\/wp\/v2\/tags?post=77880"}],"curies":[{"name":"wp","href":"https:\/\/api.w.org\/{rel}","templated":true}]}}