{"id":77886,"date":"2021-05-11T01:44:59","date_gmt":"2021-05-11T04:44:59","guid":{"rendered":"http:\/\/infoecos.com.ar\/?p=77886"},"modified":"2021-05-11T01:46:19","modified_gmt":"2021-05-11T04:46:19","slug":"en-pehuajo-ya-se-vacunaron-10-mil-vecinos","status":"publish","type":"post","link":"https:\/\/infoecos.com.ar\/index.php\/en-pehuajo-ya-se-vacunaron-10-mil-vecinos\/","title":{"rendered":"En Pehuaj\u00f3 ya se vacunaron 10 mil vecinos"},"content":{"rendered":"\n<p>El viernes 7 de mayo Pehuaj\u00f3 alcanz\u00f3 las 10 mil aplicaciones en lo que respecta a la campa\u00f1a de inmunizaci\u00f3n contra el covid-19. Se prev\u00e9 alcanzar las 11 mil en los pr\u00f3ximos d\u00edas.<\/p>\n\n\n\n<p>Habiendo comenzado en la escuela t\u00e9cnica de Pehuaj\u00f3, la campa\u00f1a de inmunizaci\u00f3n transita su quinto mes.<\/p>\n\n\n\n<div class=\"wp-block-image\"><figure class=\"aligncenter size-large\"><img loading=\"lazy\" decoding=\"async\" width=\"640\" height=\"426\" src=\"http:\/\/infoecos.com.ar\/wp-content\/uploads\/2021\/05\/vacunacionpehuajo.jpg\" alt=\"\" class=\"wp-image-77887\" srcset=\"https:\/\/infoecos.com.ar\/wp-content\/uploads\/2021\/05\/vacunacionpehuajo.jpg 640w, https:\/\/infoecos.com.ar\/wp-content\/uploads\/2021\/05\/vacunacionpehuajo-460x306.jpg 460w\" sizes=\"(max-width: 640px) 100vw, 640px\" \/><\/figure><\/div>\n\n\n\n<div class=\"wp-block-image\"><figure class=\"aligncenter size-large\"><img loading=\"lazy\" decoding=\"async\" width=\"526\" height=\"539\" src=\"http:\/\/infoecos.com.ar\/wp-content\/uploads\/2021\/05\/REPORTEPEHUAJO.jpg\" alt=\"\" class=\"wp-image-77888\" srcset=\"https:\/\/infoecos.com.ar\/wp-content\/uploads\/2021\/05\/REPORTEPEHUAJO.jpg 526w, https:\/\/infoecos.com.ar\/wp-content\/uploads\/2021\/05\/REPORTEPEHUAJO-449x460.jpg 449w\" sizes=\"(max-width: 526px) 100vw, 526px\" \/><\/figure><\/div>\n","protected":false},"excerpt":{"rendered":"<p>Se prev\u00e9 alcanzar las 11 mil en los pr\u00f3ximos d\u00edas. Habiendo comenzado en la escuela t\u00e9cnica de Pehuaj\u00f3, la campa\u00f1a de inmunizaci\u00f3n transita su quinto mes<\/p>\n","protected":false},"author":2,"featured_media":77887,"comment_status":"closed","ping_status":"open","sticky":false,"template":"","format":"standard","meta":{"footnotes":""},"categories":[48],"tags":[1785],"class_list":["post-77886","post","type-post","status-publish","format-standard","has-post-thumbnail","hentry","category-c2nota3","tag-coronavirus"],"yoast_head":"<!-- This site is optimized with the Yoast SEO plugin v23.4 - https:\/\/yoast.com\/wordpress\/plugins\/seo\/ -->\n<title>En Pehuaj\u00f3 ya se vacunaron 10 mil vecinos - Infoecos<\/title>\n<meta name=\"robots\" content=\"index, follow, max-snippet:-1, max-image-preview:large, max-video-preview:-1\" \/>\n<link rel=\"canonical\" href=\"https:\/\/infoecos.com.ar\/index.php\/en-pehuajo-ya-se-vacunaron-10-mil-vecinos\/\" \/>\n<meta property=\"og:locale\" content=\"es_ES\" \/>\n<meta property=\"og:type\" content=\"article\" \/>\n<meta property=\"og:title\" content=\"En Pehuaj\u00f3 ya se vacunaron 10 mil vecinos - Infoecos\" \/>\n<meta property=\"og:description\" content=\"Se prev\u00e9 alcanzar las 11 mil en los pr\u00f3ximos d\u00edas. Habiendo comenzado en la escuela t\u00e9cnica de Pehuaj\u00f3, la campa\u00f1a de inmunizaci\u00f3n transita su quinto mes\" \/>\n<meta property=\"og:url\" content=\"https:\/\/infoecos.com.ar\/index.php\/en-pehuajo-ya-se-vacunaron-10-mil-vecinos\/\" \/>\n<meta property=\"og:site_name\" content=\"Infoecos\" \/>\n<meta property=\"article:publisher\" content=\"https:\/\/www.facebook.com\/profile.php?id=100063200290284\" \/>\n<meta property=\"article:published_time\" content=\"2021-05-11T04:44:59+00:00\" \/>\n<meta property=\"article:modified_time\" content=\"2021-05-11T04:46:19+00:00\" \/>\n<meta property=\"og:image\" content=\"https:\/\/infoecos.com.ar\/wp-content\/uploads\/2021\/05\/vacunacionpehuajo.jpg\" \/>\n\t<meta property=\"og:image:width\" content=\"640\" \/>\n\t<meta property=\"og:image:height\" content=\"426\" \/>\n\t<meta property=\"og:image:type\" content=\"image\/jpeg\" \/>\n<meta name=\"author\" content=\"Jorge Matheus\" \/>\n<meta name=\"twitter:card\" content=\"summary_large_image\" \/>\n<meta name=\"twitter:creator\" content=\"@infoecos\" \/>\n<meta name=\"twitter:site\" content=\"@infoecos\" \/>\n<meta name=\"twitter:label1\" content=\"Escrito por\" \/>\n\t<meta name=\"twitter:data1\" content=\"Jorge Matheus\" \/>\n<script type=\"application\/ld+json\" class=\"yoast-schema-graph\">{\"@context\":\"https:\/\/schema.org\",\"@graph\":[{\"@type\":\"Article\",\"@id\":\"https:\/\/infoecos.com.ar\/index.php\/en-pehuajo-ya-se-vacunaron-10-mil-vecinos\/#article\",\"isPartOf\":{\"@id\":\"https:\/\/infoecos.com.ar\/index.php\/en-pehuajo-ya-se-vacunaron-10-mil-vecinos\/\"},\"author\":{\"name\":\"Jorge Matheus\",\"@id\":\"https:\/\/infoecos.com.ar\/#\/schema\/person\/8f5ace5ce73b4b4aac4b7245aee6f191\"},\"headline\":\"En Pehuaj\u00f3 ya se vacunaron 10 mil vecinos\",\"datePublished\":\"2021-05-11T04:44:59+00:00\",\"dateModified\":\"2021-05-11T04:46:19+00:00\",\"mainEntityOfPage\":{\"@id\":\"https:\/\/infoecos.com.ar\/index.php\/en-pehuajo-ya-se-vacunaron-10-mil-vecinos\/\"},\"wordCount\":60,\"publisher\":{\"@id\":\"https:\/\/infoecos.com.ar\/#organization\"},\"image\":{\"@id\":\"https:\/\/infoecos.com.ar\/index.php\/en-pehuajo-ya-se-vacunaron-10-mil-vecinos\/#primaryimage\"},\"thumbnailUrl\":\"https:\/\/infoecos.com.ar\/wp-content\/uploads\/2021\/05\/vacunacionpehuajo.jpg\",\"keywords\":[\"CORONAVIRUS\"],\"articleSection\":[\"C2 N3\"],\"inLanguage\":\"es\"},{\"@type\":\"WebPage\",\"@id\":\"https:\/\/infoecos.com.ar\/index.php\/en-pehuajo-ya-se-vacunaron-10-mil-vecinos\/\",\"url\":\"https:\/\/infoecos.com.ar\/index.php\/en-pehuajo-ya-se-vacunaron-10-mil-vecinos\/\",\"name\":\"En Pehuaj\u00f3 ya se vacunaron 10 mil vecinos - Infoecos\",\"isPartOf\":{\"@id\":\"https:\/\/infoecos.com.ar\/#website\"},\"primaryImageOfPage\":{\"@id\":\"https:\/\/infoecos.com.ar\/index.php\/en-pehuajo-ya-se-vacunaron-10-mil-vecinos\/#primaryimage\"},\"image\":{\"@id\":\"https:\/\/infoecos.com.ar\/index.php\/en-pehuajo-ya-se-vacunaron-10-mil-vecinos\/#primaryimage\"},\"thumbnailUrl\":\"https:\/\/infoecos.com.ar\/wp-content\/uploads\/2021\/05\/vacunacionpehuajo.jpg\",\"datePublished\":\"2021-05-11T04:44:59+00:00\",\"dateModified\":\"2021-05-11T04:46:19+00:00\",\"breadcrumb\":{\"@id\":\"https:\/\/infoecos.com.ar\/index.php\/en-pehuajo-ya-se-vacunaron-10-mil-vecinos\/#breadcrumb\"},\"inLanguage\":\"es\",\"potentialAction\":[{\"@type\":\"ReadAction\",\"target\":[\"https:\/\/infoecos.com.ar\/index.php\/en-pehuajo-ya-se-vacunaron-10-mil-vecinos\/\"]}]},{\"@type\":\"ImageObject\",\"inLanguage\":\"es\",\"@id\":\"https:\/\/infoecos.com.ar\/index.php\/en-pehuajo-ya-se-vacunaron-10-mil-vecinos\/#primaryimage\",\"url\":\"https:\/\/infoecos.com.ar\/wp-content\/uploads\/2021\/05\/vacunacionpehuajo.jpg\",\"contentUrl\":\"https:\/\/infoecos.com.ar\/wp-content\/uploads\/2021\/05\/vacunacionpehuajo.jpg\",\"width\":640,\"height\":426},{\"@type\":\"BreadcrumbList\",\"@id\":\"https:\/\/infoecos.com.ar\/index.php\/en-pehuajo-ya-se-vacunaron-10-mil-vecinos\/#breadcrumb\",\"itemListElement\":[{\"@type\":\"ListItem\",\"position\":1,\"name\":\"Portada\",\"item\":\"https:\/\/infoecos.com.ar\/\"},{\"@type\":\"ListItem\",\"position\":2,\"name\":\"En Pehuaj\u00f3 ya se vacunaron 10 mil vecinos\"}]},{\"@type\":\"WebSite\",\"@id\":\"https:\/\/infoecos.com.ar\/#website\",\"url\":\"https:\/\/infoecos.com.ar\/\",\"name\":\"Infoecos\",\"description\":\"Noticias de trenque lauquen y la zona\",\"publisher\":{\"@id\":\"https:\/\/infoecos.com.ar\/#organization\"},\"alternateName\":\"Noticias\",\"potentialAction\":[{\"@type\":\"SearchAction\",\"target\":{\"@type\":\"EntryPoint\",\"urlTemplate\":\"https:\/\/infoecos.com.ar\/?s={search_term_string}\"},\"query-input\":{\"@type\":\"PropertyValueSpecification\",\"valueRequired\":true,\"valueName\":\"search_term_string\"}}],\"inLanguage\":\"es\"},{\"@type\":\"Organization\",\"@id\":\"https:\/\/infoecos.com.ar\/#organization\",\"name\":\"Infoecos\",\"alternateName\":\"Noticias\",\"url\":\"https:\/\/infoecos.com.ar\/\",\"logo\":{\"@type\":\"ImageObject\",\"inLanguage\":\"es\",\"@id\":\"https:\/\/infoecos.com.ar\/#\/schema\/logo\/image\/\",\"url\":\"https:\/\/infoecos.com.ar\/wp-content\/uploads\/2024\/03\/cropped-logo.png\",\"contentUrl\":\"https:\/\/infoecos.com.ar\/wp-content\/uploads\/2024\/03\/cropped-logo.png\",\"width\":374,\"height\":90,\"caption\":\"Infoecos\"},\"image\":{\"@id\":\"https:\/\/infoecos.com.ar\/#\/schema\/logo\/image\/\"},\"sameAs\":[\"https:\/\/www.facebook.com\/profile.php?id=100063200290284\",\"https:\/\/x.com\/infoecos\"]},{\"@type\":\"Person\",\"@id\":\"https:\/\/infoecos.com.ar\/#\/schema\/person\/8f5ace5ce73b4b4aac4b7245aee6f191\",\"name\":\"Jorge Matheus\",\"url\":\"https:\/\/infoecos.com.ar\/index.php\/author\/jomatheus\/\"}]}<\/script>\n<!-- \/ Yoast SEO plugin. -->","yoast_head_json":{"title":"En Pehuaj\u00f3 ya se vacunaron 10 mil vecinos - Infoecos","robots":{"index":"index","follow":"follow","max-snippet":"max-snippet:-1","max-image-preview":"max-image-preview:large","max-video-preview":"max-video-preview:-1"},"canonical":"https:\/\/infoecos.com.ar\/index.php\/en-pehuajo-ya-se-vacunaron-10-mil-vecinos\/","og_locale":"es_ES","og_type":"article","og_title":"En Pehuaj\u00f3 ya se vacunaron 10 mil vecinos - Infoecos","og_description":"Se prev\u00e9 alcanzar las 11 mil en los pr\u00f3ximos d\u00edas. Habiendo comenzado en la escuela t\u00e9cnica de Pehuaj\u00f3, la campa\u00f1a de inmunizaci\u00f3n transita su quinto mes","og_url":"https:\/\/infoecos.com.ar\/index.php\/en-pehuajo-ya-se-vacunaron-10-mil-vecinos\/","og_site_name":"Infoecos","article_publisher":"https:\/\/www.facebook.com\/profile.php?id=100063200290284","article_published_time":"2021-05-11T04:44:59+00:00","article_modified_time":"2021-05-11T04:46:19+00:00","og_image":[{"width":640,"height":426,"url":"https:\/\/infoecos.com.ar\/wp-content\/uploads\/2021\/05\/vacunacionpehuajo.jpg","type":"image\/jpeg"}],"author":"Jorge Matheus","twitter_card":"summary_large_image","twitter_creator":"@infoecos","twitter_site":"@infoecos","twitter_misc":{"Escrito por":"Jorge Matheus"},"schema":{"@context":"https:\/\/schema.org","@graph":[{"@type":"Article","@id":"https:\/\/infoecos.com.ar\/index.php\/en-pehuajo-ya-se-vacunaron-10-mil-vecinos\/#article","isPartOf":{"@id":"https:\/\/infoecos.com.ar\/index.php\/en-pehuajo-ya-se-vacunaron-10-mil-vecinos\/"},"author":{"name":"Jorge Matheus","@id":"https:\/\/infoecos.com.ar\/#\/schema\/person\/8f5ace5ce73b4b4aac4b7245aee6f191"},"headline":"En Pehuaj\u00f3 ya se vacunaron 10 mil vecinos","datePublished":"2021-05-11T04:44:59+00:00","dateModified":"2021-05-11T04:46:19+00:00","mainEntityOfPage":{"@id":"https:\/\/infoecos.com.ar\/index.php\/en-pehuajo-ya-se-vacunaron-10-mil-vecinos\/"},"wordCount":60,"publisher":{"@id":"https:\/\/infoecos.com.ar\/#organization"},"image":{"@id":"https:\/\/infoecos.com.ar\/index.php\/en-pehuajo-ya-se-vacunaron-10-mil-vecinos\/#primaryimage"},"thumbnailUrl":"https:\/\/infoecos.com.ar\/wp-content\/uploads\/2021\/05\/vacunacionpehuajo.jpg","keywords":["CORONAVIRUS"],"articleSection":["C2 N3"],"inLanguage":"es"},{"@type":"WebPage","@id":"https:\/\/infoecos.com.ar\/index.php\/en-pehuajo-ya-se-vacunaron-10-mil-vecinos\/","url":"https:\/\/infoecos.com.ar\/index.php\/en-pehuajo-ya-se-vacunaron-10-mil-vecinos\/","name":"En Pehuaj\u00f3 ya se vacunaron 10 mil vecinos - Infoecos","isPartOf":{"@id":"https:\/\/infoecos.com.ar\/#website"},"primaryImageOfPage":{"@id":"https:\/\/infoecos.com.ar\/index.php\/en-pehuajo-ya-se-vacunaron-10-mil-vecinos\/#primaryimage"},"image":{"@id":"https:\/\/infoecos.com.ar\/index.php\/en-pehuajo-ya-se-vacunaron-10-mil-vecinos\/#primaryimage"},"thumbnailUrl":"https:\/\/infoecos.com.ar\/wp-content\/uploads\/2021\/05\/vacunacionpehuajo.jpg","datePublished":"2021-05-11T04:44:59+00:00","dateModified":"2021-05-11T04:46:19+00:00","breadcrumb":{"@id":"https:\/\/infoecos.com.ar\/index.php\/en-pehuajo-ya-se-vacunaron-10-mil-vecinos\/#breadcrumb"},"inLanguage":"es","potentialAction":[{"@type":"ReadAction","target":["https:\/\/infoecos.com.ar\/index.php\/en-pehuajo-ya-se-vacunaron-10-mil-vecinos\/"]}]},{"@type":"ImageObject","inLanguage":"es","@id":"https:\/\/infoecos.com.ar\/index.php\/en-pehuajo-ya-se-vacunaron-10-mil-vecinos\/#primaryimage","url":"https:\/\/infoecos.com.ar\/wp-content\/uploads\/2021\/05\/vacunacionpehuajo.jpg","contentUrl":"https:\/\/infoecos.com.ar\/wp-content\/uploads\/2021\/05\/vacunacionpehuajo.jpg","width":640,"height":426},{"@type":"BreadcrumbList","@id":"https:\/\/infoecos.com.ar\/index.php\/en-pehuajo-ya-se-vacunaron-10-mil-vecinos\/#breadcrumb","itemListElement":[{"@type":"ListItem","position":1,"name":"Portada","item":"https:\/\/infoecos.com.ar\/"},{"@type":"ListItem","position":2,"name":"En Pehuaj\u00f3 ya se vacunaron 10 mil vecinos"}]},{"@type":"WebSite","@id":"https:\/\/infoecos.com.ar\/#website","url":"https:\/\/infoecos.com.ar\/","name":"Infoecos","description":"Noticias de trenque lauquen y la zona","publisher":{"@id":"https:\/\/infoecos.com.ar\/#organization"},"alternateName":"Noticias","potentialAction":[{"@type":"SearchAction","target":{"@type":"EntryPoint","urlTemplate":"https:\/\/infoecos.com.ar\/?s={search_term_string}"},"query-input":{"@type":"PropertyValueSpecification","valueRequired":true,"valueName":"search_term_string"}}],"inLanguage":"es"},{"@type":"Organization","@id":"https:\/\/infoecos.com.ar\/#organization","name":"Infoecos","alternateName":"Noticias","url":"https:\/\/infoecos.com.ar\/","logo":{"@type":"ImageObject","inLanguage":"es","@id":"https:\/\/infoecos.com.ar\/#\/schema\/logo\/image\/","url":"https:\/\/infoecos.com.ar\/wp-content\/uploads\/2024\/03\/cropped-logo.png","contentUrl":"https:\/\/infoecos.com.ar\/wp-content\/uploads\/2024\/03\/cropped-logo.png","width":374,"height":90,"caption":"Infoecos"},"image":{"@id":"https:\/\/infoecos.com.ar\/#\/schema\/logo\/image\/"},"sameAs":["https:\/\/www.facebook.com\/profile.php?id=100063200290284","https:\/\/x.com\/infoecos"]},{"@type":"Person","@id":"https:\/\/infoecos.com.ar\/#\/schema\/person\/8f5ace5ce73b4b4aac4b7245aee6f191","name":"Jorge Matheus","url":"https:\/\/infoecos.com.ar\/index.php\/author\/jomatheus\/"}]}},"featured_image_urls":{"full":["https:\/\/infoecos.com.ar\/wp-content\/uploads\/2021\/05\/vacunacionpehuajo.jpg",640,426,false],"thumbnail":["https:\/\/infoecos.com.ar\/wp-content\/uploads\/2021\/05\/vacunacionpehuajo-150x150.jpg",150,150,true],"medium":["https:\/\/infoecos.com.ar\/wp-content\/uploads\/2021\/05\/vacunacionpehuajo-460x306.jpg",460,306,true],"medium_large":["https:\/\/infoecos.com.ar\/wp-content\/uploads\/2021\/05\/vacunacionpehuajo.jpg",640,426,false],"large":["https:\/\/infoecos.com.ar\/wp-content\/uploads\/2021\/05\/vacunacionpehuajo.jpg",640,426,false],"1536x1536":["https:\/\/infoecos.com.ar\/wp-content\/uploads\/2021\/05\/vacunacionpehuajo.jpg",640,426,false],"2048x2048":["https:\/\/infoecos.com.ar\/wp-content\/uploads\/2021\/05\/vacunacionpehuajo.jpg",640,426,false],"covernews-slider-full":["https:\/\/infoecos.com.ar\/wp-content\/uploads\/2021\/05\/vacunacionpehuajo.jpg",640,426,false],"covernews-slider-center":["https:\/\/infoecos.com.ar\/wp-content\/uploads\/2021\/05\/vacunacionpehuajo.jpg",640,426,false],"covernews-featured":["https:\/\/infoecos.com.ar\/wp-content\/uploads\/2021\/05\/vacunacionpehuajo.jpg",640,426,false],"covernews-medium":["https:\/\/infoecos.com.ar\/wp-content\/uploads\/2021\/05\/vacunacionpehuajo-640x380.jpg",540,321,true],"covernews-medium-square":["https:\/\/infoecos.com.ar\/wp-content\/uploads\/2021\/05\/vacunacionpehuajo.jpg",376,250,false]},"author_info":{"info":["Jorge Matheus"]},"category_info":"<a href=\"https:\/\/infoecos.com.ar\/index.php\/category\/c2nota3\/\" rel=\"category tag\">C2 N3<\/a>","tag_info":"C2 N3","comment_count":"0","_links":{"self":[{"href":"https:\/\/infoecos.com.ar\/index.php\/wp-json\/wp\/v2\/posts\/77886"}],"collection":[{"href":"https:\/\/infoecos.com.ar\/index.php\/wp-json\/wp\/v2\/posts"}],"about":[{"href":"https:\/\/infoecos.com.ar\/index.php\/wp-json\/wp\/v2\/types\/post"}],"author":[{"embeddable":true,"href":"https:\/\/infoecos.com.ar\/index.php\/wp-json\/wp\/v2\/users\/2"}],"replies":[{"embeddable":true,"href":"https:\/\/infoecos.com.ar\/index.php\/wp-json\/wp\/v2\/comments?post=77886"}],"version-history":[{"count":1,"href":"https:\/\/infoecos.com.ar\/index.php\/wp-json\/wp\/v2\/posts\/77886\/revisions"}],"predecessor-version":[{"id":77889,"href":"https:\/\/infoecos.com.ar\/index.php\/wp-json\/wp\/v2\/posts\/77886\/revisions\/77889"}],"wp:featuredmedia":[{"embeddable":true,"href":"https:\/\/infoecos.com.ar\/index.php\/wp-json\/wp\/v2\/media\/77887"}],"wp:attachment":[{"href":"https:\/\/infoecos.com.ar\/index.php\/wp-json\/wp\/v2\/media?parent=77886"}],"wp:term":[{"taxonomy":"category","embeddable":true,"href":"https:\/\/infoecos.com.ar\/index.php\/wp-json\/wp\/v2\/categories?post=77886"},{"taxonomy":"post_tag","embeddable":true,"href":"https:\/\/infoecos.com.ar\/index.php\/wp-json\/wp\/v2\/tags?post=77886"}],"curies":[{"name":"wp","href":"https:\/\/api.w.org\/{rel}","templated":true}]}}