{"id":77922,"date":"2021-05-12T00:06:12","date_gmt":"2021-05-12T03:06:12","guid":{"rendered":"http:\/\/infoecos.com.ar\/?p=77922"},"modified":"2021-05-12T00:07:04","modified_gmt":"2021-05-12T03:07:04","slug":"el-gobierno-bonaerense-le-pidio-a-la-legislatura-autorizacion-para-comprar-vacunas-contra-la-covid-19","status":"publish","type":"post","link":"https:\/\/infoecos.com.ar\/index.php\/el-gobierno-bonaerense-le-pidio-a-la-legislatura-autorizacion-para-comprar-vacunas-contra-la-covid-19\/","title":{"rendered":"El gobierno bonaerense le pidi\u00f3 a la Legislatura autorizaci\u00f3n para comprar vacunas contra el Covid-19"},"content":{"rendered":"\n<p class=\"wp-block-paragraph\">El Gobierno bonaerense envi\u00f3 este martes a la Legislatura un proyecto de ley en el que solicita autorizaci\u00f3n para comprar vacunas contra el coronavirus en moneda extranjera y firmar contratos que incluyan acuerdos de confidencialidad.<\/p>\n\n\n\n<div class=\"wp-block-image\"><figure class=\"aligncenter size-medium\"><img loading=\"lazy\" decoding=\"async\" width=\"460\" height=\"306\" src=\"http:\/\/infoecos.com.ar\/wp-content\/uploads\/2020\/09\/casagobietrnobsa-460x306.jpg\" alt=\"\" class=\"wp-image-68637\" srcset=\"https:\/\/infoecos.com.ar\/wp-content\/uploads\/2020\/09\/casagobietrnobsa-460x306.jpg 460w, https:\/\/infoecos.com.ar\/wp-content\/uploads\/2020\/09\/casagobietrnobsa-675x450.jpg 675w, https:\/\/infoecos.com.ar\/wp-content\/uploads\/2020\/09\/casagobietrnobsa.jpg 760w\" sizes=\"auto, (max-width: 460px) 100vw, 460px\" \/><\/figure><\/div>\n\n\n\n<p class=\"wp-block-paragraph\">La iniciativa, firmada por el gobernador Axel Kicillof, ingres\u00f3 a la C\u00e1mara de Diputados y no se descarta que pueda ser tratada en la sesi\u00f3n del pr\u00f3ximo jueves si se logra un acuerdo con la oposici\u00f3n, confi\u00f3 una fuente legislativa.<\/p>\n\n\n\n<p class=\"wp-block-paragraph\">El proyecto, faculta al Poder Ejecutivo, a trav\u00e9s de los ministerios de Salud y Jefatura de Gabinete , durante la vigencia de la emergencia sanitaria declarada mediante Decreto N\u00aa 132\/2020, ratificado y prorrogado, a adoptar diferentes medidas tendientes a la adquisici\u00f3n de vacunas.<\/p>\n\n\n\n<p class=\"wp-block-paragraph\">Por ello, habilita a que los contratos puedan celebrarse en moneda extranjera y que \u201cpodr\u00e1n incluirse cl\u00e1usulas o acuerdos de confidencialidad\u201d.<\/p>\n\n\n\n<p class=\"wp-block-paragraph\">Tambi\u00e9n pueden contener \u201cprescripciones que establezcan condiciones de indemnidad patrimonial respecto de indemnizaciones y otras reclamaciones pecuniarias relacionadas con y en favor de quienes participen de la investigaci\u00f3n, desarrollo, fabricaci\u00f3n, provisi\u00f3n y suministro de las vacunas, con excepci\u00f3n de aquellas originadas en maniobras fraudulentas\u201d.<\/p>\n\n\n\n<p class=\"wp-block-paragraph\">Establece tambi\u00e9n que los contratos a firmarse deber\u00e1n tener el aval de la Asesor\u00eda General de Gobierno, la Contadur\u00eda y la Fiscal\u00eda de Estado y una vez firmados deber\u00e1n informarse a la Comisi\u00f3n Bicameral de Seguimiento y Fiscalizaci\u00f3n de la Emergencia que funciona en la Legislatura provincial.<\/p>\n\n\n\n<p class=\"wp-block-paragraph\"><strong>Fuente: telam.com.ar<\/strong><\/p>\n\n\n\n<p class=\"wp-block-paragraph\"><\/p>\n","protected":false},"excerpt":{"rendered":"<p>La iniciativa, firmada por el gobernador Axel Kicillof, ingres\u00f3 a la C\u00e1mara de Diputados y no se descarta que pueda ser tratada en la sesi\u00f3n del pr\u00f3ximo jueves<\/p>\n","protected":false},"author":2,"featured_media":68637,"comment_status":"closed","ping_status":"open","sticky":false,"template":"","format":"standard","meta":{"footnotes":""},"categories":[45],"tags":[1785],"class_list":["post-77922","post","type-post","status-publish","format-standard","has-post-thumbnail","hentry","category-c1nota2","tag-coronavirus"],"featured_image_urls":{"full":["https:\/\/infoecos.com.ar\/wp-content\/uploads\/2020\/09\/casagobietrnobsa.jpg",760,506,false],"thumbnail":["https:\/\/infoecos.com.ar\/wp-content\/uploads\/2020\/09\/casagobietrnobsa-150x150.jpg",150,150,true],"medium":["https:\/\/infoecos.com.ar\/wp-content\/uploads\/2020\/09\/casagobietrnobsa-460x306.jpg",460,306,true],"medium_large":["https:\/\/infoecos.com.ar\/wp-content\/uploads\/2020\/09\/casagobietrnobsa.jpg",640,426,false],"large":["https:\/\/infoecos.com.ar\/wp-content\/uploads\/2020\/09\/casagobietrnobsa.jpg",640,426,false],"1536x1536":["https:\/\/infoecos.com.ar\/wp-content\/uploads\/2020\/09\/casagobietrnobsa.jpg",760,506,false],"2048x2048":["https:\/\/infoecos.com.ar\/wp-content\/uploads\/2020\/09\/casagobietrnobsa.jpg",760,506,false],"covernews-slider-full":["https:\/\/infoecos.com.ar\/wp-content\/uploads\/2020\/09\/casagobietrnobsa.jpg",760,506,false],"covernews-slider-center":["https:\/\/infoecos.com.ar\/wp-content\/uploads\/2020\/09\/casagobietrnobsa.jpg",751,500,false],"covernews-featured":["https:\/\/infoecos.com.ar\/wp-content\/uploads\/2020\/09\/casagobietrnobsa.jpg",760,506,false],"covernews-medium":["https:\/\/infoecos.com.ar\/wp-content\/uploads\/2020\/09\/casagobietrnobsa-720x380.jpg",540,285,true],"covernews-medium-square":["https:\/\/infoecos.com.ar\/wp-content\/uploads\/2020\/09\/casagobietrnobsa-675x450.jpg",375,250,true]},"author_info":{"info":["Jorge Matheus"]},"category_info":"<a href=\"https:\/\/infoecos.com.ar\/index.php\/category\/c1nota2\/\" rel=\"category tag\">C1 N2<\/a>","tag_info":"C1 N2","comment_count":"0","_links":{"self":[{"href":"https:\/\/infoecos.com.ar\/index.php\/wp-json\/wp\/v2\/posts\/77922","targetHints":{"allow":["GET"]}}],"collection":[{"href":"https:\/\/infoecos.com.ar\/index.php\/wp-json\/wp\/v2\/posts"}],"about":[{"href":"https:\/\/infoecos.com.ar\/index.php\/wp-json\/wp\/v2\/types\/post"}],"author":[{"embeddable":true,"href":"https:\/\/infoecos.com.ar\/index.php\/wp-json\/wp\/v2\/users\/2"}],"replies":[{"embeddable":true,"href":"https:\/\/infoecos.com.ar\/index.php\/wp-json\/wp\/v2\/comments?post=77922"}],"version-history":[{"count":2,"href":"https:\/\/infoecos.com.ar\/index.php\/wp-json\/wp\/v2\/posts\/77922\/revisions"}],"predecessor-version":[{"id":77924,"href":"https:\/\/infoecos.com.ar\/index.php\/wp-json\/wp\/v2\/posts\/77922\/revisions\/77924"}],"wp:featuredmedia":[{"embeddable":true,"href":"https:\/\/infoecos.com.ar\/index.php\/wp-json\/wp\/v2\/media\/68637"}],"wp:attachment":[{"href":"https:\/\/infoecos.com.ar\/index.php\/wp-json\/wp\/v2\/media?parent=77922"}],"wp:term":[{"taxonomy":"category","embeddable":true,"href":"https:\/\/infoecos.com.ar\/index.php\/wp-json\/wp\/v2\/categories?post=77922"},{"taxonomy":"post_tag","embeddable":true,"href":"https:\/\/infoecos.com.ar\/index.php\/wp-json\/wp\/v2\/tags?post=77922"}],"curies":[{"name":"wp","href":"https:\/\/api.w.org\/{rel}","templated":true}]}}