{"id":77925,"date":"2021-05-12T00:22:58","date_gmt":"2021-05-12T03:22:58","guid":{"rendered":"http:\/\/infoecos.com.ar\/?p=77925"},"modified":"2021-05-14T01:11:21","modified_gmt":"2021-05-14T04:11:21","slug":"diputados-nacionales-se-refirieron-a-la-postergacion-de-las-paso","status":"publish","type":"post","link":"https:\/\/infoecos.com.ar\/index.php\/diputados-nacionales-se-refirieron-a-la-postergacion-de-las-paso\/","title":{"rendered":"Diputados Nacionales se refirieron a la postergaci\u00f3n de las PASO"},"content":{"rendered":"\n<p class=\"wp-block-paragraph\">La C\u00e1mara de Diputados comenzar\u00e1 a debatir en comisi\u00f3n durante los pr\u00f3ximos d\u00edas el proyecto que envi\u00f3 ayer el Gobierno Nacional para postergar por un mes las elecciones primarias, abiertas y simult\u00e1neas (PASO) y las generales. En este marco, diputados del Oficialismo y la oposici\u00f3n se refirieron a la iniciativa.<\/p>\n\n\n\n<p class=\"wp-block-paragraph\">Marcelo Casaretto, del Frente de Todos, asegur\u00f3 que hubo acuerdo de todas las fuerzas para postergar las elecciones y expres\u00f3: \u201cLo importante, en mi concepto, es que se ratifica a las PASO como sistema permanente de la pol\u00edtica argentina\u00bb.<\/p>\n\n\n\n<figure class=\"wp-block-video\"><video height=\"480\" style=\"aspect-ratio: 848 \/ 480;\" width=\"848\" controls src=\"http:\/\/infoecos.com.ar\/wp-content\/uploads\/2021\/05\/WhatsApp-Video-2021-05-11-at-10.57.35.mp4\"><\/video><\/figure>\n\n\n\n<p class=\"wp-block-paragraph\">Por su parte, Dolores Mart\u00ednez, de la UCR, indic\u00f3 que esta es una medida excepcional por la emergencia sanitaria. \u00abEl principal motivo, y esto es importante de aclarar, es que se lo hace excepcionalmente por la pandemia. Hay una regla informal en la pol\u00edtica que dice que en a\u00f1o electoral no se cambian las reglas electorales\u00bb, resalt\u00f3.<\/p>\n\n\n\n<figure class=\"wp-block-video\"><video height=\"480\" style=\"aspect-ratio: 848 \/ 480;\" width=\"848\" controls src=\"http:\/\/infoecos.com.ar\/wp-content\/uploads\/2021\/05\/WhatsApp-Video-2021-05-11-at-10.57.35-1.mp4\"><\/video><\/figure>\n\n\n\n<p class=\"wp-block-paragraph\">La iniciativa, firmada por el presidente Alberto Fern\u00e1ndez, el jefe de Gabinete, Santiago Cafiero; y el ministro del Interior, Eduardo \u00abWado\u00bb de Pedro; propone postergar las primarias del 8 de agosto al 12 de septiembre, y las legislativas del 24 de octubre al 14 de noviembre.<\/p>\n","protected":false},"excerpt":{"rendered":"<p>La iniciativa, firmada por el presidente Alberto Fern\u00e1ndez, el jefe de Gabinete, Santiago Cafiero; y el ministro del Interior, Eduardo \u00abWado\u00bb de Pedro; propone postergar las primarias del 8 de agosto al 12 de septiembre<\/p>\n","protected":false},"author":2,"featured_media":43250,"comment_status":"closed","ping_status":"open","sticky":false,"template":"","format":"standard","meta":{"footnotes":""},"categories":[201],"tags":[3645],"class_list":["post-77925","post","type-post","status-publish","format-standard","has-post-thumbnail","hentry","category-inferior9","tag-marcelo-casaretto-y-dolores-martinez"],"featured_image_urls":{"full":"","thumbnail":"","medium":"","medium_large":"","large":"","1536x1536":"","2048x2048":"","covernews-slider-full":"","covernews-slider-center":"","covernews-featured":"","covernews-medium":"","covernews-medium-square":""},"author_info":{"info":["Jorge Matheus"]},"category_info":"<a href=\"https:\/\/infoecos.com.ar\/index.php\/category\/inferior9\/\" rel=\"category tag\">Bloque inferior - 9<\/a>","tag_info":"Bloque inferior - 9","comment_count":"0","_links":{"self":[{"href":"https:\/\/infoecos.com.ar\/index.php\/wp-json\/wp\/v2\/posts\/77925","targetHints":{"allow":["GET"]}}],"collection":[{"href":"https:\/\/infoecos.com.ar\/index.php\/wp-json\/wp\/v2\/posts"}],"about":[{"href":"https:\/\/infoecos.com.ar\/index.php\/wp-json\/wp\/v2\/types\/post"}],"author":[{"embeddable":true,"href":"https:\/\/infoecos.com.ar\/index.php\/wp-json\/wp\/v2\/users\/2"}],"replies":[{"embeddable":true,"href":"https:\/\/infoecos.com.ar\/index.php\/wp-json\/wp\/v2\/comments?post=77925"}],"version-history":[{"count":1,"href":"https:\/\/infoecos.com.ar\/index.php\/wp-json\/wp\/v2\/posts\/77925\/revisions"}],"predecessor-version":[{"id":77928,"href":"https:\/\/infoecos.com.ar\/index.php\/wp-json\/wp\/v2\/posts\/77925\/revisions\/77928"}],"wp:attachment":[{"href":"https:\/\/infoecos.com.ar\/index.php\/wp-json\/wp\/v2\/media?parent=77925"}],"wp:term":[{"taxonomy":"category","embeddable":true,"href":"https:\/\/infoecos.com.ar\/index.php\/wp-json\/wp\/v2\/categories?post=77925"},{"taxonomy":"post_tag","embeddable":true,"href":"https:\/\/infoecos.com.ar\/index.php\/wp-json\/wp\/v2\/tags?post=77925"}],"curies":[{"name":"wp","href":"https:\/\/api.w.org\/{rel}","templated":true}]}}