{"id":77929,"date":"2021-05-12T00:38:25","date_gmt":"2021-05-12T03:38:25","guid":{"rendered":"http:\/\/infoecos.com.ar\/?p=77929"},"modified":"2021-05-12T00:39:48","modified_gmt":"2021-05-12T03:39:48","slug":"es-grave-la-situacion-sanitaria-en-bragado-ayer-murieron-cuatro-personas","status":"publish","type":"post","link":"https:\/\/infoecos.com.ar\/index.php\/es-grave-la-situacion-sanitaria-en-bragado-ayer-murieron-cuatro-personas\/","title":{"rendered":"La situaci\u00f3n sanitaria en Bragado: ayer murieron cuatro personas"},"content":{"rendered":"\n<p class=\"wp-block-paragraph\">45 son las personas internadas con covid en el Hospital San Luis de Bragado. Se supo que hace algunas horas fueron trasladados cerca de 13 pacientes (no covid) que se encontraban en el Hospital, a la Cl\u00ednica Santa Rosa para as\u00ed liberar una sala y seguir alojando all\u00ed, internados por coronavirus, se\u00f1ala el diario digital <strong>bragadonoticias.com<\/strong> bajo el t\u00edtulo <strong>Martes Negro en la ciudad: 4 fallecidos<\/strong>.<\/p>\n\n\n\n<div class=\"wp-block-image\"><figure class=\"aligncenter size-medium\"><img loading=\"lazy\" decoding=\"async\" width=\"460\" height=\"259\" src=\"http:\/\/infoecos.com.ar\/wp-content\/uploads\/f800x450-70007_121453_0-460x259.jpg\" alt=\"\" class=\"wp-image-61364\" srcset=\"https:\/\/infoecos.com.ar\/wp-content\/uploads\/f800x450-70007_121453_0-460x259.jpg 460w, https:\/\/infoecos.com.ar\/wp-content\/uploads\/f800x450-70007_121453_0-768x432.jpg 768w, https:\/\/infoecos.com.ar\/wp-content\/uploads\/f800x450-70007_121453_0.jpg 800w\" sizes=\"auto, (max-width: 460px) 100vw, 460px\" \/><\/figure><\/div>\n\n\n\n<p class=\"wp-block-paragraph\">6 son ahora los pacientes en UTI, y en la jornada de ayer el n\u00famero de positivos escal\u00f3 a una alt\u00edsima cifra: 51, quedando a\u00fan 54 muestras pendientes.<\/p>\n\n\n\n<p class=\"wp-block-paragraph\">Mientras tanto, la jornada registr\u00f3 la noticia m\u00e1s dura, 4 fallecidos. Hace tres semanas que no cesan las muertes casi a diario, pero en este martes la cifra fue realmente alarmante y triste.<\/p>\n\n\n\n<p class=\"wp-block-paragraph\">Tuvo una fuerte repercusi\u00f3n la muerte de la docente Susana Goncalvez que se desempe\u00f1\u00f3 como funcionaria durante los gobiernos de Aldo San Pedro.  <\/p>\n","protected":false},"excerpt":{"rendered":"<p>Hace tres semanas que no cesan las muertes casi a diario, pero en este martes la cifra fue realmente alarmante y triste<\/p>\n","protected":false},"author":2,"featured_media":61364,"comment_status":"closed","ping_status":"open","sticky":false,"template":"","format":"standard","meta":{"footnotes":""},"categories":[47],"tags":[1785],"class_list":["post-77929","post","type-post","status-publish","format-standard","has-post-thumbnail","hentry","category-c3nota2","tag-coronavirus"],"featured_image_urls":{"full":["https:\/\/infoecos.com.ar\/wp-content\/uploads\/f800x450-70007_121453_0.jpg",800,450,false],"thumbnail":["https:\/\/infoecos.com.ar\/wp-content\/uploads\/f800x450-70007_121453_0-150x150.jpg",150,150,true],"medium":["https:\/\/infoecos.com.ar\/wp-content\/uploads\/f800x450-70007_121453_0-460x259.jpg",460,259,true],"medium_large":["https:\/\/infoecos.com.ar\/wp-content\/uploads\/f800x450-70007_121453_0-768x432.jpg",640,360,true],"large":["https:\/\/infoecos.com.ar\/wp-content\/uploads\/f800x450-70007_121453_0.jpg",640,360,false],"1536x1536":["https:\/\/infoecos.com.ar\/wp-content\/uploads\/f800x450-70007_121453_0.jpg",800,450,false],"2048x2048":["https:\/\/infoecos.com.ar\/wp-content\/uploads\/f800x450-70007_121453_0.jpg",800,450,false],"covernews-slider-full":["https:\/\/infoecos.com.ar\/wp-content\/uploads\/f800x450-70007_121453_0.jpg",800,450,false],"covernews-slider-center":["https:\/\/infoecos.com.ar\/wp-content\/uploads\/f800x450-70007_121453_0.jpg",800,450,false],"covernews-featured":["https:\/\/infoecos.com.ar\/wp-content\/uploads\/f800x450-70007_121453_0.jpg",800,450,false],"covernews-medium":["https:\/\/infoecos.com.ar\/wp-content\/uploads\/f800x450-70007_121453_0-720x380.jpg",540,285,true],"covernews-medium-square":["https:\/\/infoecos.com.ar\/wp-content\/uploads\/f800x450-70007_121453_0-675x450.jpg",375,250,true]},"author_info":{"info":["Jorge Matheus"]},"category_info":"<a href=\"https:\/\/infoecos.com.ar\/index.php\/category\/c3nota2\/\" rel=\"category tag\">C3 N2<\/a>","tag_info":"C3 N2","comment_count":"0","_links":{"self":[{"href":"https:\/\/infoecos.com.ar\/index.php\/wp-json\/wp\/v2\/posts\/77929","targetHints":{"allow":["GET"]}}],"collection":[{"href":"https:\/\/infoecos.com.ar\/index.php\/wp-json\/wp\/v2\/posts"}],"about":[{"href":"https:\/\/infoecos.com.ar\/index.php\/wp-json\/wp\/v2\/types\/post"}],"author":[{"embeddable":true,"href":"https:\/\/infoecos.com.ar\/index.php\/wp-json\/wp\/v2\/users\/2"}],"replies":[{"embeddable":true,"href":"https:\/\/infoecos.com.ar\/index.php\/wp-json\/wp\/v2\/comments?post=77929"}],"version-history":[{"count":2,"href":"https:\/\/infoecos.com.ar\/index.php\/wp-json\/wp\/v2\/posts\/77929\/revisions"}],"predecessor-version":[{"id":77931,"href":"https:\/\/infoecos.com.ar\/index.php\/wp-json\/wp\/v2\/posts\/77929\/revisions\/77931"}],"wp:featuredmedia":[{"embeddable":true,"href":"https:\/\/infoecos.com.ar\/index.php\/wp-json\/wp\/v2\/media\/61364"}],"wp:attachment":[{"href":"https:\/\/infoecos.com.ar\/index.php\/wp-json\/wp\/v2\/media?parent=77929"}],"wp:term":[{"taxonomy":"category","embeddable":true,"href":"https:\/\/infoecos.com.ar\/index.php\/wp-json\/wp\/v2\/categories?post=77929"},{"taxonomy":"post_tag","embeddable":true,"href":"https:\/\/infoecos.com.ar\/index.php\/wp-json\/wp\/v2\/tags?post=77929"}],"curies":[{"name":"wp","href":"https:\/\/api.w.org\/{rel}","templated":true}]}}