{"id":77957,"date":"2021-05-12T17:14:13","date_gmt":"2021-05-12T20:14:13","guid":{"rendered":"http:\/\/infoecos.com.ar\/?p=77957"},"modified":"2021-05-12T17:14:16","modified_gmt":"2021-05-12T20:14:16","slug":"juntos-por-el-cambio-respaldara-el-proyecto-del-gobierno-bonaerense-para-comprar-vacunas","status":"publish","type":"post","link":"https:\/\/infoecos.com.ar\/index.php\/juntos-por-el-cambio-respaldara-el-proyecto-del-gobierno-bonaerense-para-comprar-vacunas\/","title":{"rendered":"Juntos por el Cambio respaldar\u00e1 el proyecto del gobierno bonaerense para comprar vacunas"},"content":{"rendered":"\n<p class=\"wp-block-paragraph\">La diputada bonaerense de Juntos por el Cambio, Alejandra Lorden, respald\u00f3 el proyecto del Ejecutivo bonaerense para comprar vacunas, firmar contratos con cl\u00e1usulas de confidencialidad en condiciones de indemnidad y efectuar las adecuaciones presupuestarias para ese fin.\u00a0<\/p>\n\n\n\n<p class=\"wp-block-paragraph\">Se\u00f1al\u00f3 que su bloque considera que es una medida positiva \u00abque hace pensar que para el gobierno provincial la salud es prioridad\u00bb.\u00a0<\/p>\n\n\n\n<div class=\"wp-block-image\"><figure class=\"aligncenter size-medium\"><img loading=\"lazy\" decoding=\"async\" width=\"460\" height=\"307\" src=\"http:\/\/infoecos.com.ar\/wp-content\/uploads\/2021\/05\/lordenalejandra-460x307.jpeg\" alt=\"\" class=\"wp-image-77958\" srcset=\"https:\/\/infoecos.com.ar\/wp-content\/uploads\/2021\/05\/lordenalejandra-460x307.jpeg 460w, https:\/\/infoecos.com.ar\/wp-content\/uploads\/2021\/05\/lordenalejandra-920x613.jpeg 920w, https:\/\/infoecos.com.ar\/wp-content\/uploads\/2021\/05\/lordenalejandra-768x512.jpeg 768w, https:\/\/infoecos.com.ar\/wp-content\/uploads\/2021\/05\/lordenalejandra-1024x682.jpeg 1024w, https:\/\/infoecos.com.ar\/wp-content\/uploads\/2021\/05\/lordenalejandra-675x450.jpeg 675w, https:\/\/infoecos.com.ar\/wp-content\/uploads\/2021\/05\/lordenalejandra.jpeg 1280w\" sizes=\"auto, (max-width: 460px) 100vw, 460px\" \/><\/figure><\/div>\n\n\n\n<p class=\"wp-block-paragraph\">Lorden expres\u00f3 que \u00abse necesita llegar al invierno con un porcentaje mayor de vacunados para lograr la inmunidad de reba\u00f1o. Queremos que est\u00e9 proceso sea transparente, auditado y seguido por la bicameral que est\u00e1 a cargo de la compra de las vacunas\u00bb.\u00a0<\/p>\n\n\n\n<p class=\"wp-block-paragraph\">En ese marco, destac\u00f3 que ser\u00e1 preciso \u00absaber cu\u00e1nto pagamos por la vacuna y cu\u00e1ntas ser\u00e1n entregadas. No queremos que pase lo mismo que con Naci\u00f3n. La salud de los bonaerenses es prioridad absoluta. Por eso vamos a facultar a Kicillof para que negocie y adquiera vacunas en el exterior. No hay tiempo que perder, la situaci\u00f3n es cr\u00edtica y amerita que todos pongamos nuestro mejor esfuerzo, como lo venimos haciendo desde el comienzo\u00bb.<\/p>\n\n\n\n<p class=\"wp-block-paragraph\">Afirm\u00f3 que \u201ctenemos que darle al gobernador las herramientas necesarias para que consiga m\u00e1s vacunas\u00bb y agreg\u00f3 que \u00abes importante que la compra se haga ahora pero tambi\u00e9n garantizar que los plazos sean r\u00e1pidos\u00bb.\u00a0<\/p>\n","protected":false},"excerpt":{"rendered":"<p>Se\u00f1al\u00f3 que su bloque considera que es una medida positiva \u00abque hace pensar que para el gobierno provincial la salud es prioridad\u00bb<\/p>\n","protected":false},"author":2,"featured_media":77958,"comment_status":"closed","ping_status":"open","sticky":false,"template":"","format":"standard","meta":{"footnotes":""},"categories":[29],"tags":[3649],"class_list":["post-77957","post","type-post","status-publish","format-standard","has-post-thumbnail","hentry","category-c2nota1","tag-lo-anticipo-alejandra-lorden"],"featured_image_urls":{"full":["https:\/\/infoecos.com.ar\/wp-content\/uploads\/2021\/05\/lordenalejandra.jpeg",1280,853,false],"thumbnail":["https:\/\/infoecos.com.ar\/wp-content\/uploads\/2021\/05\/lordenalejandra-150x150.jpeg",150,150,true],"medium":["https:\/\/infoecos.com.ar\/wp-content\/uploads\/2021\/05\/lordenalejandra-460x307.jpeg",460,307,true],"medium_large":["https:\/\/infoecos.com.ar\/wp-content\/uploads\/2021\/05\/lordenalejandra-768x512.jpeg",640,427,true],"large":["https:\/\/infoecos.com.ar\/wp-content\/uploads\/2021\/05\/lordenalejandra-920x613.jpeg",640,426,true],"1536x1536":["https:\/\/infoecos.com.ar\/wp-content\/uploads\/2021\/05\/lordenalejandra.jpeg",1280,853,false],"2048x2048":["https:\/\/infoecos.com.ar\/wp-content\/uploads\/2021\/05\/lordenalejandra.jpeg",1280,853,false],"covernews-slider-full":["https:\/\/infoecos.com.ar\/wp-content\/uploads\/2021\/05\/lordenalejandra.jpeg",1073,715,false],"covernews-slider-center":["https:\/\/infoecos.com.ar\/wp-content\/uploads\/2021\/05\/lordenalejandra-936x853.jpeg",549,500,true],"covernews-featured":["https:\/\/infoecos.com.ar\/wp-content\/uploads\/2021\/05\/lordenalejandra-1024x682.jpeg",1024,682,true],"covernews-medium":["https:\/\/infoecos.com.ar\/wp-content\/uploads\/2021\/05\/lordenalejandra-720x380.jpeg",540,285,true],"covernews-medium-square":["https:\/\/infoecos.com.ar\/wp-content\/uploads\/2021\/05\/lordenalejandra-675x450.jpeg",375,250,true]},"author_info":{"info":["Jorge Matheus"]},"category_info":"<a href=\"https:\/\/infoecos.com.ar\/index.php\/category\/c2nota1\/\" rel=\"category tag\">C2 nota 1<\/a>","tag_info":"C2 nota 1","comment_count":"0","_links":{"self":[{"href":"https:\/\/infoecos.com.ar\/index.php\/wp-json\/wp\/v2\/posts\/77957","targetHints":{"allow":["GET"]}}],"collection":[{"href":"https:\/\/infoecos.com.ar\/index.php\/wp-json\/wp\/v2\/posts"}],"about":[{"href":"https:\/\/infoecos.com.ar\/index.php\/wp-json\/wp\/v2\/types\/post"}],"author":[{"embeddable":true,"href":"https:\/\/infoecos.com.ar\/index.php\/wp-json\/wp\/v2\/users\/2"}],"replies":[{"embeddable":true,"href":"https:\/\/infoecos.com.ar\/index.php\/wp-json\/wp\/v2\/comments?post=77957"}],"version-history":[{"count":1,"href":"https:\/\/infoecos.com.ar\/index.php\/wp-json\/wp\/v2\/posts\/77957\/revisions"}],"predecessor-version":[{"id":77959,"href":"https:\/\/infoecos.com.ar\/index.php\/wp-json\/wp\/v2\/posts\/77957\/revisions\/77959"}],"wp:featuredmedia":[{"embeddable":true,"href":"https:\/\/infoecos.com.ar\/index.php\/wp-json\/wp\/v2\/media\/77958"}],"wp:attachment":[{"href":"https:\/\/infoecos.com.ar\/index.php\/wp-json\/wp\/v2\/media?parent=77957"}],"wp:term":[{"taxonomy":"category","embeddable":true,"href":"https:\/\/infoecos.com.ar\/index.php\/wp-json\/wp\/v2\/categories?post=77957"},{"taxonomy":"post_tag","embeddable":true,"href":"https:\/\/infoecos.com.ar\/index.php\/wp-json\/wp\/v2\/tags?post=77957"}],"curies":[{"name":"wp","href":"https:\/\/api.w.org\/{rel}","templated":true}]}}