{"id":77988,"date":"2021-05-13T00:07:21","date_gmt":"2021-05-13T03:07:21","guid":{"rendered":"http:\/\/infoecos.com.ar\/?p=77988"},"modified":"2021-05-14T01:04:19","modified_gmt":"2021-05-14T04:04:19","slug":"alerta-del-intendente-de-carlos-casares-si-seguimos-asi-a-fines-de-mayo-llegamos-a-400-casos","status":"publish","type":"post","link":"https:\/\/infoecos.com.ar\/index.php\/alerta-del-intendente-de-carlos-casares-si-seguimos-asi-a-fines-de-mayo-llegamos-a-400-casos\/","title":{"rendered":"Alerta del intendente de Carlos Casares: si seguimos as\u00ed, a fines de mayo, llegamos a 400 casos"},"content":{"rendered":"\n<p class=\"wp-block-paragraph\">El municipio de Carlos Casares volvi\u00f3 a Fase 3. El intendente municipal, Walter Torchio, alert\u00f3 que de seguir en ascenso los casos \u00abimplicar\u00eda que a fin de mayo llegar\u00edamos a 400\u00bb.<\/p>\n\n\n\n<div class=\"wp-block-image\"><figure class=\"aligncenter size-medium\"><img loading=\"lazy\" decoding=\"async\" width=\"460\" height=\"259\" src=\"http:\/\/infoecos.com.ar\/wp-content\/uploads\/torchios-460x259.jpg\" alt=\"\" class=\"wp-image-65027\" srcset=\"https:\/\/infoecos.com.ar\/wp-content\/uploads\/torchios-460x259.jpg 460w, https:\/\/infoecos.com.ar\/wp-content\/uploads\/torchios-768x432.jpg 768w, https:\/\/infoecos.com.ar\/wp-content\/uploads\/torchios.jpg 777w\" sizes=\"auto, (max-width: 460px) 100vw, 460px\" \/><\/figure><\/div>\n\n\n\n<p class=\"wp-block-paragraph\">Expuso en el marco de una reuni\u00f3n de prensa que&nbsp;<strong>\u201cempezamos a tener de nuevo una secuencia de fallecidos lo cual es lamentable, pero sucede porque colectivamente no se toma conciencia\u201d<\/strong>. A su vez, lo propio juega en contra del trabajo y circulaci\u00f3n de todos porque si bien nadie quiere tomar estas medidas si llega a pasar es porque la comunidad no se cuida.<\/p>\n\n\n\n<p class=\"wp-block-paragraph\">Con la ca\u00edda a fase tres, los horarios en Casares son: Circulaci\u00f3n, no var\u00eda (00 a 06), comercios hasta las 20, y 23 hs. para bares y restaurantes. Pero&nbsp;<strong>\u201csi baj\u00e1ramos a fase dos los horarios son m\u00e1s restringidos, para los comercios, la circulaci\u00f3n y no habr\u00e1 clases<\/strong>\u00ab, dijo el mandatario comunal.<\/p>\n\n\n\n<p class=\"wp-block-paragraph\">Por \u00faltimo aconsej\u00f3 al se\u00f1alar que <strong>\u00abdepende de nosotros subir o bajar de fase, depende de nosotros, la salud, el trabajo y la educaci\u00f3n, seamos responsables y solidarios\u201d<\/strong>.<\/p>\n","protected":false},"excerpt":{"rendered":"<p>Por \u00faltimo aconsej\u00f3 al se\u00f1alar que \u00abdepende de nosotros subir o bajar de fase, depende de nosotros, la salud, el trabajo y la educaci\u00f3n, seamos responsables y solidarios\u201d<\/p>\n","protected":false},"author":2,"featured_media":63580,"comment_status":"closed","ping_status":"open","sticky":false,"template":"","format":"standard","meta":{"footnotes":""},"categories":[1326],"tags":[1785],"class_list":["post-77988","post","type-post","status-publish","format-standard","has-post-thumbnail","hentry","category-c2nota6","tag-coronavirus"],"featured_image_urls":{"full":["https:\/\/infoecos.com.ar\/wp-content\/uploads\/torchio-5.jpg",1280,854,false],"thumbnail":["https:\/\/infoecos.com.ar\/wp-content\/uploads\/torchio-5-150x150.jpg",150,150,true],"medium":["https:\/\/infoecos.com.ar\/wp-content\/uploads\/torchio-5-460x307.jpg",460,307,true],"medium_large":["https:\/\/infoecos.com.ar\/wp-content\/uploads\/torchio-5-768x512.jpg",640,427,true],"large":["https:\/\/infoecos.com.ar\/wp-content\/uploads\/torchio-5-920x614.jpg",640,427,true],"1536x1536":["https:\/\/infoecos.com.ar\/wp-content\/uploads\/torchio-5.jpg",1280,854,false],"2048x2048":["https:\/\/infoecos.com.ar\/wp-content\/uploads\/torchio-5.jpg",1280,854,false],"covernews-slider-full":["https:\/\/infoecos.com.ar\/wp-content\/uploads\/torchio-5.jpg",1072,715,false],"covernews-slider-center":["https:\/\/infoecos.com.ar\/wp-content\/uploads\/torchio-5-936x854.jpg",548,500,true],"covernews-featured":["https:\/\/infoecos.com.ar\/wp-content\/uploads\/torchio-5-1024x683.jpg",1024,683,true],"covernews-medium":["https:\/\/infoecos.com.ar\/wp-content\/uploads\/torchio-5-720x380.jpg",540,285,true],"covernews-medium-square":["https:\/\/infoecos.com.ar\/wp-content\/uploads\/torchio-5-675x450.jpg",375,250,true]},"author_info":{"info":["Jorge Matheus"]},"category_info":"<a href=\"https:\/\/infoecos.com.ar\/index.php\/category\/c2nota6\/\" rel=\"category tag\">C2 N6<\/a>","tag_info":"C2 N6","comment_count":"0","_links":{"self":[{"href":"https:\/\/infoecos.com.ar\/index.php\/wp-json\/wp\/v2\/posts\/77988","targetHints":{"allow":["GET"]}}],"collection":[{"href":"https:\/\/infoecos.com.ar\/index.php\/wp-json\/wp\/v2\/posts"}],"about":[{"href":"https:\/\/infoecos.com.ar\/index.php\/wp-json\/wp\/v2\/types\/post"}],"author":[{"embeddable":true,"href":"https:\/\/infoecos.com.ar\/index.php\/wp-json\/wp\/v2\/users\/2"}],"replies":[{"embeddable":true,"href":"https:\/\/infoecos.com.ar\/index.php\/wp-json\/wp\/v2\/comments?post=77988"}],"version-history":[{"count":2,"href":"https:\/\/infoecos.com.ar\/index.php\/wp-json\/wp\/v2\/posts\/77988\/revisions"}],"predecessor-version":[{"id":78050,"href":"https:\/\/infoecos.com.ar\/index.php\/wp-json\/wp\/v2\/posts\/77988\/revisions\/78050"}],"wp:featuredmedia":[{"embeddable":true,"href":"https:\/\/infoecos.com.ar\/index.php\/wp-json\/wp\/v2\/media\/63580"}],"wp:attachment":[{"href":"https:\/\/infoecos.com.ar\/index.php\/wp-json\/wp\/v2\/media?parent=77988"}],"wp:term":[{"taxonomy":"category","embeddable":true,"href":"https:\/\/infoecos.com.ar\/index.php\/wp-json\/wp\/v2\/categories?post=77988"},{"taxonomy":"post_tag","embeddable":true,"href":"https:\/\/infoecos.com.ar\/index.php\/wp-json\/wp\/v2\/tags?post=77988"}],"curies":[{"name":"wp","href":"https:\/\/api.w.org\/{rel}","templated":true}]}}