{"id":77996,"date":"2021-05-13T00:25:11","date_gmt":"2021-05-13T03:25:11","guid":{"rendered":"http:\/\/infoecos.com.ar\/?p=77996"},"modified":"2021-05-14T01:02:44","modified_gmt":"2021-05-14T04:02:44","slug":"son-de-cepa-comun-las-muestras-enviadas-desde-general-villegas-al-malbran","status":"publish","type":"post","link":"https:\/\/infoecos.com.ar\/index.php\/son-de-cepa-comun-las-muestras-enviadas-desde-general-villegas-al-malbran\/","title":{"rendered":"Son de cepa com\u00fan las muestras enviadas desde General Villegas al Malbr\u00e1n"},"content":{"rendered":"\n<p class=\"wp-block-paragraph\">Desde el laboratorio Malbr\u00e1n informaron a las autoridades sanitarias de General Villegas que las muestras enviadas para su an\u00e1lisis son de cepa com\u00fan. Es decir que en General Villegas no circulan, al menos por el momento, la cepa Manaos -que fue confirmada en Jun\u00edn- ni la Brit\u00e1nica.<\/p>\n\n\n\n<div class=\"wp-block-image\"><figure class=\"aligncenter size-medium\"><img loading=\"lazy\" decoding=\"async\" width=\"460\" height=\"249\" src=\"http:\/\/infoecos.com.ar\/wp-content\/uploads\/hospitalgv-460x249.jpg\" alt=\"\" class=\"wp-image-63890\" srcset=\"https:\/\/infoecos.com.ar\/wp-content\/uploads\/hospitalgv-460x249.jpg 460w, https:\/\/infoecos.com.ar\/wp-content\/uploads\/hospitalgv.jpg 600w\" sizes=\"auto, (max-width: 460px) 100vw, 460px\" \/><\/figure><\/div>\n\n\n\n<p class=\"wp-block-paragraph\">Consultado por Actualidad, el Dr. Ra\u00fal Sala -director del Hospital Municipal- explic\u00f3 que cuando Epidemiolog\u00eda del Malbr\u00e1n no carga los datos del estudio en el sistema SISA es porque corresponden a la variante original del virus. Eso explica la demora de los resultados, lo cual manten\u00eda en vilo al personal de salud de General Villegas.<\/p>\n\n\n\n<p class=\"wp-block-paragraph\">M\u00e1s all\u00e1 de que no hay cepas importadas, s\u00ed se notific\u00f3 que la cepa original presenta algunas variaciones que la potencian. Esto explicar\u00eda su agresividad.<\/p>\n\n\n\n<p class=\"wp-block-paragraph\"><strong>Fuente: diarioactualidad.com<\/strong><\/p>\n","protected":false},"excerpt":{"rendered":"<p>M\u00e1s all\u00e1 de que no hay cepas importadas, s\u00ed se notific\u00f3 que la cepa original presenta algunas variaciones que la potencian. Esto explicar\u00eda su agresividad<\/p>\n","protected":false},"author":2,"featured_media":63890,"comment_status":"closed","ping_status":"open","sticky":false,"template":"","format":"standard","meta":{"footnotes":""},"categories":[1325],"tags":[1785],"class_list":["post-77996","post","type-post","status-publish","format-standard","has-post-thumbnail","hentry","category-c1nota6","tag-coronavirus"],"featured_image_urls":{"full":["https:\/\/infoecos.com.ar\/wp-content\/uploads\/hospitalgv.jpg",600,325,false],"thumbnail":["https:\/\/infoecos.com.ar\/wp-content\/uploads\/hospitalgv-150x150.jpg",150,150,true],"medium":["https:\/\/infoecos.com.ar\/wp-content\/uploads\/hospitalgv-460x249.jpg",460,249,true],"medium_large":["https:\/\/infoecos.com.ar\/wp-content\/uploads\/hospitalgv.jpg",600,325,false],"large":["https:\/\/infoecos.com.ar\/wp-content\/uploads\/hospitalgv.jpg",600,325,false],"1536x1536":["https:\/\/infoecos.com.ar\/wp-content\/uploads\/hospitalgv.jpg",600,325,false],"2048x2048":["https:\/\/infoecos.com.ar\/wp-content\/uploads\/hospitalgv.jpg",600,325,false],"covernews-slider-full":["https:\/\/infoecos.com.ar\/wp-content\/uploads\/hospitalgv.jpg",600,325,false],"covernews-slider-center":["https:\/\/infoecos.com.ar\/wp-content\/uploads\/hospitalgv.jpg",600,325,false],"covernews-featured":["https:\/\/infoecos.com.ar\/wp-content\/uploads\/hospitalgv.jpg",600,325,false],"covernews-medium":["https:\/\/infoecos.com.ar\/wp-content\/uploads\/hospitalgv.jpg",540,293,false],"covernews-medium-square":["https:\/\/infoecos.com.ar\/wp-content\/uploads\/hospitalgv.jpg",400,217,false]},"author_info":{"info":["Jorge Matheus"]},"category_info":"<a href=\"https:\/\/infoecos.com.ar\/index.php\/category\/c1nota6\/\" rel=\"category tag\">C1 nota 6<\/a>","tag_info":"C1 nota 6","comment_count":"0","_links":{"self":[{"href":"https:\/\/infoecos.com.ar\/index.php\/wp-json\/wp\/v2\/posts\/77996","targetHints":{"allow":["GET"]}}],"collection":[{"href":"https:\/\/infoecos.com.ar\/index.php\/wp-json\/wp\/v2\/posts"}],"about":[{"href":"https:\/\/infoecos.com.ar\/index.php\/wp-json\/wp\/v2\/types\/post"}],"author":[{"embeddable":true,"href":"https:\/\/infoecos.com.ar\/index.php\/wp-json\/wp\/v2\/users\/2"}],"replies":[{"embeddable":true,"href":"https:\/\/infoecos.com.ar\/index.php\/wp-json\/wp\/v2\/comments?post=77996"}],"version-history":[{"count":1,"href":"https:\/\/infoecos.com.ar\/index.php\/wp-json\/wp\/v2\/posts\/77996\/revisions"}],"predecessor-version":[{"id":77997,"href":"https:\/\/infoecos.com.ar\/index.php\/wp-json\/wp\/v2\/posts\/77996\/revisions\/77997"}],"wp:featuredmedia":[{"embeddable":true,"href":"https:\/\/infoecos.com.ar\/index.php\/wp-json\/wp\/v2\/media\/63890"}],"wp:attachment":[{"href":"https:\/\/infoecos.com.ar\/index.php\/wp-json\/wp\/v2\/media?parent=77996"}],"wp:term":[{"taxonomy":"category","embeddable":true,"href":"https:\/\/infoecos.com.ar\/index.php\/wp-json\/wp\/v2\/categories?post=77996"},{"taxonomy":"post_tag","embeddable":true,"href":"https:\/\/infoecos.com.ar\/index.php\/wp-json\/wp\/v2\/tags?post=77996"}],"curies":[{"name":"wp","href":"https:\/\/api.w.org\/{rel}","templated":true}]}}