{"id":77998,"date":"2021-05-13T00:30:32","date_gmt":"2021-05-13T03:30:32","guid":{"rendered":"http:\/\/infoecos.com.ar\/?p=77998"},"modified":"2021-05-13T00:30:39","modified_gmt":"2021-05-13T03:30:39","slug":"el-presidente-de-la-nacion-alberto-fernandez-sera-recibido-hoy-por-el-papa-francisco","status":"publish","type":"post","link":"https:\/\/infoecos.com.ar\/index.php\/el-presidente-de-la-nacion-alberto-fernandez-sera-recibido-hoy-por-el-papa-francisco\/","title":{"rendered":"El presidente de la Naci\u00f3n, Alberto Fern\u00e1ndez, ser\u00e1 recibido hoy por el Papa Francisco"},"content":{"rendered":"\n<p class=\"wp-block-paragraph\">La reuni\u00f3n que el presidente Alberto Fern\u00e1ndez mantendr\u00e1 este jueves con el papa Francisco en el denominado estudio papal del Aula Pablo VI se enmarca en un momento de avances y definiciones de la serie de reformas que el pont\u00edfice argentino viene impulsando desde su entronizaci\u00f3n en 2013.<\/p>\n\n\n\n<div class=\"wp-block-image\"><figure class=\"aligncenter size-medium\"><img loading=\"lazy\" decoding=\"async\" width=\"460\" height=\"259\" src=\"http:\/\/infoecos.com.ar\/wp-content\/uploads\/2021\/05\/FRANCISCO-460x259.jpg\" alt=\"\" class=\"wp-image-77999\" srcset=\"https:\/\/infoecos.com.ar\/wp-content\/uploads\/2021\/05\/FRANCISCO-460x259.jpg 460w, https:\/\/infoecos.com.ar\/wp-content\/uploads\/2021\/05\/FRANCISCO-920x518.jpg 920w, https:\/\/infoecos.com.ar\/wp-content\/uploads\/2021\/05\/FRANCISCO-768x432.jpg 768w, https:\/\/infoecos.com.ar\/wp-content\/uploads\/2021\/05\/FRANCISCO.jpg 1004w\" sizes=\"auto, (max-width: 460px) 100vw, 460px\" \/><\/figure><\/div>\n\n\n\n<p class=\"wp-block-paragraph\">El encuentro que se har\u00e1 en el estudio conocido dentro del Vaticano como \u00abIl Fungo\u00bb, el mismo en el que el pont\u00edfice recibi\u00f3, por ejemplo, al entonces presidente cubano Ra\u00fal Castro en mayo de 2015, se da en momentos en que la Santa Sede espera para el mes pr\u00f3ximo la ansiada nueva Constituci\u00f3n apost\u00f3lica que est\u00e1 escribiendo Francisco, titulada \u00abPrediquen el Evangelio\u00bb.<\/p>\n\n\n\n<p class=\"wp-block-paragraph\"><strong>Fotos: telam.com.ar<\/strong><\/p>\n","protected":false},"excerpt":{"rendered":"<p>El encuentro que se har\u00e1 en el estudio conocido dentro del Vaticano como \u00abIl Fungo\u00bb, el mismo en el que el pont\u00edfice recibi\u00f3, por ejemplo, al entonces presidente cubano Ra\u00fal Castro en mayo de 2015<\/p>\n","protected":false},"author":2,"featured_media":78000,"comment_status":"closed","ping_status":"open","sticky":false,"template":"","format":"standard","meta":{"footnotes":""},"categories":[198],"tags":[3640],"class_list":["post-77998","post","type-post","status-publish","format-standard","has-post-thumbnail","hentry","category-c1nota5","tag-gira-internacional"],"featured_image_urls":{"full":["https:\/\/infoecos.com.ar\/wp-content\/uploads\/2021\/05\/FERNANDEZVATIANO.jpg",1004,565,false],"thumbnail":["https:\/\/infoecos.com.ar\/wp-content\/uploads\/2021\/05\/FERNANDEZVATIANO-150x150.jpg",150,150,true],"medium":["https:\/\/infoecos.com.ar\/wp-content\/uploads\/2021\/05\/FERNANDEZVATIANO-460x259.jpg",460,259,true],"medium_large":["https:\/\/infoecos.com.ar\/wp-content\/uploads\/2021\/05\/FERNANDEZVATIANO-768x432.jpg",640,360,true],"large":["https:\/\/infoecos.com.ar\/wp-content\/uploads\/2021\/05\/FERNANDEZVATIANO-920x518.jpg",640,360,true],"1536x1536":["https:\/\/infoecos.com.ar\/wp-content\/uploads\/2021\/05\/FERNANDEZVATIANO.jpg",1004,565,false],"2048x2048":["https:\/\/infoecos.com.ar\/wp-content\/uploads\/2021\/05\/FERNANDEZVATIANO.jpg",1004,565,false],"covernews-slider-full":["https:\/\/infoecos.com.ar\/wp-content\/uploads\/2021\/05\/FERNANDEZVATIANO.jpg",1004,565,false],"covernews-slider-center":["https:\/\/infoecos.com.ar\/wp-content\/uploads\/2021\/05\/FERNANDEZVATIANO-936x565.jpg",800,483,true],"covernews-featured":["https:\/\/infoecos.com.ar\/wp-content\/uploads\/2021\/05\/FERNANDEZVATIANO.jpg",1004,565,false],"covernews-medium":["https:\/\/infoecos.com.ar\/wp-content\/uploads\/2021\/05\/FERNANDEZVATIANO-720x380.jpg",540,285,true],"covernews-medium-square":["https:\/\/infoecos.com.ar\/wp-content\/uploads\/2021\/05\/FERNANDEZVATIANO-675x450.jpg",375,250,true]},"author_info":{"info":["Jorge Matheus"]},"category_info":"<a href=\"https:\/\/infoecos.com.ar\/index.php\/category\/c1nota5\/\" rel=\"category tag\">C1 nota 5<\/a>","tag_info":"C1 nota 5","comment_count":"0","_links":{"self":[{"href":"https:\/\/infoecos.com.ar\/index.php\/wp-json\/wp\/v2\/posts\/77998","targetHints":{"allow":["GET"]}}],"collection":[{"href":"https:\/\/infoecos.com.ar\/index.php\/wp-json\/wp\/v2\/posts"}],"about":[{"href":"https:\/\/infoecos.com.ar\/index.php\/wp-json\/wp\/v2\/types\/post"}],"author":[{"embeddable":true,"href":"https:\/\/infoecos.com.ar\/index.php\/wp-json\/wp\/v2\/users\/2"}],"replies":[{"embeddable":true,"href":"https:\/\/infoecos.com.ar\/index.php\/wp-json\/wp\/v2\/comments?post=77998"}],"version-history":[{"count":1,"href":"https:\/\/infoecos.com.ar\/index.php\/wp-json\/wp\/v2\/posts\/77998\/revisions"}],"predecessor-version":[{"id":78001,"href":"https:\/\/infoecos.com.ar\/index.php\/wp-json\/wp\/v2\/posts\/77998\/revisions\/78001"}],"wp:featuredmedia":[{"embeddable":true,"href":"https:\/\/infoecos.com.ar\/index.php\/wp-json\/wp\/v2\/media\/78000"}],"wp:attachment":[{"href":"https:\/\/infoecos.com.ar\/index.php\/wp-json\/wp\/v2\/media?parent=77998"}],"wp:term":[{"taxonomy":"category","embeddable":true,"href":"https:\/\/infoecos.com.ar\/index.php\/wp-json\/wp\/v2\/categories?post=77998"},{"taxonomy":"post_tag","embeddable":true,"href":"https:\/\/infoecos.com.ar\/index.php\/wp-json\/wp\/v2\/tags?post=77998"}],"curies":[{"name":"wp","href":"https:\/\/api.w.org\/{rel}","templated":true}]}}