{"id":78041,"date":"2021-05-14T00:39:09","date_gmt":"2021-05-14T03:39:09","guid":{"rendered":"http:\/\/infoecos.com.ar\/?p=78041"},"modified":"2021-05-14T00:39:12","modified_gmt":"2021-05-14T03:39:12","slug":"los-alcances-de-la-fase-3-en-el-distrito-de-general-villegas","status":"publish","type":"post","link":"https:\/\/infoecos.com.ar\/index.php\/los-alcances-de-la-fase-3-en-el-distrito-de-general-villegas\/","title":{"rendered":"Los alcances de la Fase 3 en el distrito de General Villegas"},"content":{"rendered":"\n<p class=\"wp-block-paragraph\">El municipio de General Villegas dio a conocer este jueves el texto del decreto 720\/2021 donde se detallan las actividades que no est\u00e1n permitidas en el distrito. <\/p>\n\n\n\n<ul class=\"wp-block-list\"><li><strong>ART\u00cdCULO PRIMERO:<\/strong> Complem\u00e9ntense las medidas y restricciones dispuestas por el Ministerio de Jefatura de Gabinete de Ministros de la Provincia de Buenos Aires, mediante Resoluci\u00f3n N\u00b0 1715\/21.<\/li><li><strong>ART\u00cdCULO SEGUNDO:<\/strong> Proh\u00edbase las reuniones y\/o toda actividad que implique aglomeraci\u00f3n de personas en los espacios p\u00fablicos, paseos, plazas, parques, entre otros.<\/li><li><strong>ART\u00cdCULO TERCERO:<\/strong> Establ\u00e9cese la obligatoriedad de utilizar tapaboca en todo \u00e1mbito que implique contacto con otras personas.<\/li><li><strong>ART\u00cdCULO CUARTO:<\/strong> Establ\u00e9cese una restricci\u00f3n horaria para la actividad comercial en general desde las 19 hasta las 06 horas del d\u00eda siguiente.<\/li><li><strong>ART\u00cdCULO QUINTO:<\/strong> Establ\u00e9cese una restricci\u00f3n horaria para la circulaci\u00f3n de personas y actividades no esenciales desde las 20 hasta las 06 horas del d\u00eda siguiente.<\/li><li><strong>ART\u00cdCULO SEXTO:<\/strong> Proh\u00edbase los talleres culturales ya sean al aire libre o en espacios cerrados con amplia ventilaci\u00f3n natural.<\/li><li><strong>ART\u00cdCULO S\u00c9PTIMO:<\/strong> Proh\u00edbase los eventos culturales, sociales, recreativos o religiosos en espacios p\u00fablicos al aire libre.<\/li><li><strong>ART\u00cdCULO OCTAVO:<\/strong> Proh\u00edbase la actividad de los museos.<\/li><li><strong>ART\u00cdCULO NOVENO:<\/strong> Proh\u00edbase las artes esc\u00e9nicas y musicales con y sin asistencia de espectadores.<\/li><li><strong>ART\u00cdCULO D\u00c9CIMO:<\/strong> Proh\u00edbase las actividades de jardines maternales y centros de atenci\u00f3n de desarrollo infantil.<\/li><li><strong>ART\u00cdCULO D\u00c9CIMO PRIMERO:<\/strong> Proh\u00edbase la pr\u00e1ctica recreativa de deportes grupales de contacto al aire libre.<\/li><li><strong>ART\u00cdCULO D\u00c9CIMO SEGUNDO:<\/strong> Proh\u00edbase la actividad de gimnasios en espacios cerrados y\/o al aire libre en espacios p\u00fablicos.<\/li><li><strong>ART\u00cdCULO D\u00c9CIMO TERCERO:<\/strong> Establ\u00e9cese que la transgresi\u00f3n y\/o el incumplimiento a las medidas adheridas por el presente Decreto y en el Decreto Municipal N\u00b0 308\/2020, decretos, resoluciones y\/o disposiciones municipales, provinciales y\/o nacionales que dispongan medidas generales de prevenci\u00f3n y disposiciones locales y focalizadas de contenci\u00f3n a la pandemia Covid-19, har\u00e1n pasible al infractor de las sanciones previstas en el R\u00e9gimen de Contravenciones y Sanciones Municipales Ordenanza N\u00b05760\/2016 en sus art\u00edculos 2\u00ba, 4\u00ba, 88\u00ba y 98\u00ba, stes. y ccdtes., y del C\u00f3digo de Faltas Municipales Decreto Ley 8751\/77 (adhesi\u00f3n por Ordenanza N\u00b04347\/2006) art\u00edculos 4\u00ba bis y 6\u00ba stes. y ccdtes., sin perjuicio de las sanciones que pudieren ser pasibles por la aplicaci\u00f3n de otros cuerpos legales.<\/li><li><strong>ART\u00cdCULO D\u00c9CIMO CUARTO:<\/strong> Establ\u00e9zcase las mismas restricciones aplicadas en la Resoluci\u00f3n N\u00ba1715\/21, para los distritos en fase 2, a la localidad de Piedritas.<\/li><li><strong>ART\u00cdCULO D\u00c9CIMO QUINTO:<\/strong> Der\u00f3guese a partir del d\u00eda de la fecha toda norma que se oponga a la presente.<\/li><\/ul>\n","protected":false},"excerpt":{"rendered":"<p>Entre otras cosas se establ\u00e9ce una restricci\u00f3n horaria para la circulaci\u00f3n de personas y actividades no esenciales desde las 20 hasta las 06 horas del d\u00eda siguiente<\/p>\n","protected":false},"author":2,"featured_media":59028,"comment_status":"closed","ping_status":"open","sticky":false,"template":"","format":"standard","meta":{"footnotes":""},"categories":[49],"tags":[3658],"class_list":["post-78041","post","type-post","status-publish","format-standard","has-post-thumbnail","hentry","category-c3nota3","tag-se-dio-a-conocer-un-decreto"],"featured_image_urls":{"full":["https:\/\/infoecos.com.ar\/wp-content\/uploads\/Frente-Palacio-Municipal.jpeg",768,576,false],"thumbnail":["https:\/\/infoecos.com.ar\/wp-content\/uploads\/Frente-Palacio-Municipal-150x150.jpeg",150,150,true],"medium":["https:\/\/infoecos.com.ar\/wp-content\/uploads\/Frente-Palacio-Municipal-460x345.jpeg",460,345,true],"medium_large":["https:\/\/infoecos.com.ar\/wp-content\/uploads\/Frente-Palacio-Municipal.jpeg",640,480,false],"large":["https:\/\/infoecos.com.ar\/wp-content\/uploads\/Frente-Palacio-Municipal.jpeg",640,480,false],"1536x1536":["https:\/\/infoecos.com.ar\/wp-content\/uploads\/Frente-Palacio-Municipal.jpeg",768,576,false],"2048x2048":["https:\/\/infoecos.com.ar\/wp-content\/uploads\/Frente-Palacio-Municipal.jpeg",768,576,false],"covernews-slider-full":["https:\/\/infoecos.com.ar\/wp-content\/uploads\/Frente-Palacio-Municipal.jpeg",768,576,false],"covernews-slider-center":["https:\/\/infoecos.com.ar\/wp-content\/uploads\/Frente-Palacio-Municipal.jpeg",667,500,false],"covernews-featured":["https:\/\/infoecos.com.ar\/wp-content\/uploads\/Frente-Palacio-Municipal.jpeg",768,576,false],"covernews-medium":["https:\/\/infoecos.com.ar\/wp-content\/uploads\/Frente-Palacio-Municipal-720x380.jpeg",540,285,true],"covernews-medium-square":["https:\/\/infoecos.com.ar\/wp-content\/uploads\/Frente-Palacio-Municipal-675x450.jpeg",375,250,true]},"author_info":{"info":["Jorge Matheus"]},"category_info":"<a href=\"https:\/\/infoecos.com.ar\/index.php\/category\/c3nota3\/\" rel=\"category tag\">C3 N3<\/a>","tag_info":"C3 N3","comment_count":"0","_links":{"self":[{"href":"https:\/\/infoecos.com.ar\/index.php\/wp-json\/wp\/v2\/posts\/78041","targetHints":{"allow":["GET"]}}],"collection":[{"href":"https:\/\/infoecos.com.ar\/index.php\/wp-json\/wp\/v2\/posts"}],"about":[{"href":"https:\/\/infoecos.com.ar\/index.php\/wp-json\/wp\/v2\/types\/post"}],"author":[{"embeddable":true,"href":"https:\/\/infoecos.com.ar\/index.php\/wp-json\/wp\/v2\/users\/2"}],"replies":[{"embeddable":true,"href":"https:\/\/infoecos.com.ar\/index.php\/wp-json\/wp\/v2\/comments?post=78041"}],"version-history":[{"count":1,"href":"https:\/\/infoecos.com.ar\/index.php\/wp-json\/wp\/v2\/posts\/78041\/revisions"}],"predecessor-version":[{"id":78042,"href":"https:\/\/infoecos.com.ar\/index.php\/wp-json\/wp\/v2\/posts\/78041\/revisions\/78042"}],"wp:featuredmedia":[{"embeddable":true,"href":"https:\/\/infoecos.com.ar\/index.php\/wp-json\/wp\/v2\/media\/59028"}],"wp:attachment":[{"href":"https:\/\/infoecos.com.ar\/index.php\/wp-json\/wp\/v2\/media?parent=78041"}],"wp:term":[{"taxonomy":"category","embeddable":true,"href":"https:\/\/infoecos.com.ar\/index.php\/wp-json\/wp\/v2\/categories?post=78041"},{"taxonomy":"post_tag","embeddable":true,"href":"https:\/\/infoecos.com.ar\/index.php\/wp-json\/wp\/v2\/tags?post=78041"}],"curies":[{"name":"wp","href":"https:\/\/api.w.org\/{rel}","templated":true}]}}