{"id":78054,"date":"2021-05-14T01:21:10","date_gmt":"2021-05-14T04:21:10","guid":{"rendered":"http:\/\/infoecos.com.ar\/?p=78054"},"modified":"2021-05-14T01:21:13","modified_gmt":"2021-05-14T04:21:13","slug":"el-presidente-de-la-nacion-alberto-fernandez-mantuvo-un-encuentro-a-solas-con-el-papa-francisco","status":"publish","type":"post","link":"https:\/\/infoecos.com.ar\/index.php\/el-presidente-de-la-nacion-alberto-fernandez-mantuvo-un-encuentro-a-solas-con-el-papa-francisco\/","title":{"rendered":"El presidente de la Naci\u00f3n, Alberto Fern\u00e1ndez, mantuvo un encuentro a solas con el papa Francisco"},"content":{"rendered":"\n<p class=\"wp-block-paragraph\"><strong>El presidente Alberto Fern\u00e1ndez mantuvo este jueves un encuentro a solas con el papa Francisco en el Vaticano<\/strong>, en el que dialogaron sobre los \u00abproblemas que aquejan\u00bb al mundo, a la regi\u00f3n y a la Argentina como la pandemia de coronavirus, y en el que el pont\u00edfice expres\u00f3 \u00absu idea de apoyar\u00bb a la Argentina \u00aben todo lo que pueda\u00bb.<\/p>\n\n\n\n<div class=\"wp-block-image\"><figure class=\"aligncenter size-medium\"><img loading=\"lazy\" decoding=\"async\" width=\"460\" height=\"259\" src=\"http:\/\/infoecos.com.ar\/wp-content\/uploads\/2021\/05\/fernandezconfrancisco-460x259.jpg\" alt=\"\" class=\"wp-image-78055\" srcset=\"https:\/\/infoecos.com.ar\/wp-content\/uploads\/2021\/05\/fernandezconfrancisco-460x259.jpg 460w, https:\/\/infoecos.com.ar\/wp-content\/uploads\/2021\/05\/fernandezconfrancisco-920x518.jpg 920w, https:\/\/infoecos.com.ar\/wp-content\/uploads\/2021\/05\/fernandezconfrancisco-768x432.jpg 768w, https:\/\/infoecos.com.ar\/wp-content\/uploads\/2021\/05\/fernandezconfrancisco.jpg 1004w\" sizes=\"auto, (max-width: 460px) 100vw, 460px\" \/><\/figure><\/div>\n\n\n\n<p class=\"wp-block-paragraph\"><strong>\u00abFue un muy lindo encuentro. Hablamos de todos los problemas que aquejan al mundo y la Argentina.&nbsp;<\/strong>Como siempre, \u00e9l con su gran predisposici\u00f3n para ayudarnos. Le coment\u00e9 lo que est\u00e1bamos haciendo, c\u00f3mo avanzamos en las negociaciones (con los organismos de cr\u00e9dito) y \u00e9l, como siempre hace,&nbsp;<strong>me expres\u00f3 su idea de apoyarnos en todo lo que pueda\u00bb,<\/strong>&nbsp;dijo el mandatario en declaraciones a la prensa argentina que cubre la gira por Europa.<\/p>\n\n\n\n<p class=\"wp-block-paragraph\"><strong>El encuentro a solas con el Papa se extendi\u00f3 durante 25 minutos<\/strong>\u00a0en el estudio privado del Aula Paulo VI y form\u00f3 parte de una gira que tambi\u00e9n incluy\u00f3 reuniones con los m\u00e1ximos mandatarios de Portugal, Espa\u00f1a, Francia e Italia.<\/p>\n\n\n\n<figure class=\"wp-block-embed is-type-video is-provider-youtube wp-block-embed-youtube wp-embed-aspect-16-9 wp-has-aspect-ratio\"><div class=\"wp-block-embed__wrapper\">\n<iframe loading=\"lazy\" title=\"Fern\u00e1ndez, sobre el Papa: \u201cComo siempre hace, me expres\u00f3 su idea de apoyarnos en todo lo que pueda\u201d\" width=\"640\" height=\"360\" src=\"https:\/\/www.youtube.com\/embed\/Fo1xv_uLAJ8?feature=oembed\" frameborder=\"0\" allow=\"accelerometer; autoplay; clipboard-write; encrypted-media; gyroscope; picture-in-picture; web-share\" referrerpolicy=\"strict-origin-when-cross-origin\" allowfullscreen><\/iframe>\n<\/div><\/figure>\n\n\n\n<p class=\"wp-block-paragraph\">\u00abHac\u00eda un tiempo que no lo ve\u00eda y reencontrarlo fue muy grato para m\u00ed. Hablamos de los problemas del mundo, de la Argentina, y despu\u00e9s hablamos de cosas nuestras\u00bb, dijo Fern\u00e1ndez tras el segundo encuentro que mantiene como el Papa desde que asumi\u00f3 la Presidencia de la Naci\u00f3n.<\/p>\n","protected":false},"excerpt":{"rendered":"<p>Dialogaron sobre los \u00abproblemas que aquejan\u00bb al mundo, a la regi\u00f3n y a la Argentina como la pandemia de coronavirus<\/p>\n","protected":false},"author":2,"featured_media":78055,"comment_status":"closed","ping_status":"open","sticky":false,"template":"","format":"standard","meta":{"footnotes":""},"categories":[198],"tags":[3662],"class_list":["post-78054","post","type-post","status-publish","format-standard","has-post-thumbnail","hentry","category-c1nota5","tag-dialogaron-sobre-varios-temas"],"featured_image_urls":{"full":["https:\/\/infoecos.com.ar\/wp-content\/uploads\/2021\/05\/fernandezconfrancisco.jpg",1004,565,false],"thumbnail":["https:\/\/infoecos.com.ar\/wp-content\/uploads\/2021\/05\/fernandezconfrancisco-150x150.jpg",150,150,true],"medium":["https:\/\/infoecos.com.ar\/wp-content\/uploads\/2021\/05\/fernandezconfrancisco-460x259.jpg",460,259,true],"medium_large":["https:\/\/infoecos.com.ar\/wp-content\/uploads\/2021\/05\/fernandezconfrancisco-768x432.jpg",640,360,true],"large":["https:\/\/infoecos.com.ar\/wp-content\/uploads\/2021\/05\/fernandezconfrancisco-920x518.jpg",640,360,true],"1536x1536":["https:\/\/infoecos.com.ar\/wp-content\/uploads\/2021\/05\/fernandezconfrancisco.jpg",1004,565,false],"2048x2048":["https:\/\/infoecos.com.ar\/wp-content\/uploads\/2021\/05\/fernandezconfrancisco.jpg",1004,565,false],"covernews-slider-full":["https:\/\/infoecos.com.ar\/wp-content\/uploads\/2021\/05\/fernandezconfrancisco.jpg",1004,565,false],"covernews-slider-center":["https:\/\/infoecos.com.ar\/wp-content\/uploads\/2021\/05\/fernandezconfrancisco-936x565.jpg",800,483,true],"covernews-featured":["https:\/\/infoecos.com.ar\/wp-content\/uploads\/2021\/05\/fernandezconfrancisco.jpg",1004,565,false],"covernews-medium":["https:\/\/infoecos.com.ar\/wp-content\/uploads\/2021\/05\/fernandezconfrancisco-720x380.jpg",540,285,true],"covernews-medium-square":["https:\/\/infoecos.com.ar\/wp-content\/uploads\/2021\/05\/fernandezconfrancisco-675x450.jpg",375,250,true]},"author_info":{"info":["Jorge Matheus"]},"category_info":"<a href=\"https:\/\/infoecos.com.ar\/index.php\/category\/c1nota5\/\" rel=\"category tag\">C1 nota 5<\/a>","tag_info":"C1 nota 5","comment_count":"0","_links":{"self":[{"href":"https:\/\/infoecos.com.ar\/index.php\/wp-json\/wp\/v2\/posts\/78054","targetHints":{"allow":["GET"]}}],"collection":[{"href":"https:\/\/infoecos.com.ar\/index.php\/wp-json\/wp\/v2\/posts"}],"about":[{"href":"https:\/\/infoecos.com.ar\/index.php\/wp-json\/wp\/v2\/types\/post"}],"author":[{"embeddable":true,"href":"https:\/\/infoecos.com.ar\/index.php\/wp-json\/wp\/v2\/users\/2"}],"replies":[{"embeddable":true,"href":"https:\/\/infoecos.com.ar\/index.php\/wp-json\/wp\/v2\/comments?post=78054"}],"version-history":[{"count":1,"href":"https:\/\/infoecos.com.ar\/index.php\/wp-json\/wp\/v2\/posts\/78054\/revisions"}],"predecessor-version":[{"id":78056,"href":"https:\/\/infoecos.com.ar\/index.php\/wp-json\/wp\/v2\/posts\/78054\/revisions\/78056"}],"wp:featuredmedia":[{"embeddable":true,"href":"https:\/\/infoecos.com.ar\/index.php\/wp-json\/wp\/v2\/media\/78055"}],"wp:attachment":[{"href":"https:\/\/infoecos.com.ar\/index.php\/wp-json\/wp\/v2\/media?parent=78054"}],"wp:term":[{"taxonomy":"category","embeddable":true,"href":"https:\/\/infoecos.com.ar\/index.php\/wp-json\/wp\/v2\/categories?post=78054"},{"taxonomy":"post_tag","embeddable":true,"href":"https:\/\/infoecos.com.ar\/index.php\/wp-json\/wp\/v2\/tags?post=78054"}],"curies":[{"name":"wp","href":"https:\/\/api.w.org\/{rel}","templated":true}]}}