{"id":78057,"date":"2021-05-14T01:23:56","date_gmt":"2021-05-14T04:23:56","guid":{"rendered":"http:\/\/infoecos.com.ar\/?p=78057"},"modified":"2021-05-14T01:23:59","modified_gmt":"2021-05-14T04:23:59","slug":"el-indice-de-precios-al-consumidor-registro-en-abril-un-incremento-de-41","status":"publish","type":"post","link":"https:\/\/infoecos.com.ar\/index.php\/el-indice-de-precios-al-consumidor-registro-en-abril-un-incremento-de-41\/","title":{"rendered":"El \u00edndice de precios al consumidor registr\u00f3 en abril un incremento de 4,1%"},"content":{"rendered":"\n<p>El&nbsp;<strong>\u00edndice de precios al consumidor registr\u00f3 en abril un incremento de 4,1%<\/strong>, con lo que en los primeros cuatro meses del a\u00f1o acumul\u00f3 una suba de 17,6%, inform\u00f3 el Instituto Nacional de Estad\u00edstica y Censos (Indec).<\/p>\n\n\n\n<div class=\"wp-block-image\"><figure class=\"aligncenter size-large\"><img decoding=\"async\" src=\"http:\/\/infoecos.com.ar\/wp-content\/uploads\/58067ad53a47f_324x182.jpg\" alt=\"\" class=\"wp-image-36152\"\/><figcaption>INDEC<\/figcaption><\/figure><\/div>\n\n\n\n<p>De esta forma, a lo largo de los doce \u00faltimos meses la inflaci\u00f3n acumula un incremento de 46,3%.<\/p>\n\n\n\n<p>Respecto del mes previo, l<strong>a suba de 4,1% registrada en abril se ubic\u00f3 siete d\u00e9cimas por debajo del \u00edndice precios al consumidor de marzo, de 4,8%<\/strong>.<\/p>\n\n\n\n<p>Los rubros de mayor incremento en abril fueron Prendas de vestir y calzado, con una suba del 6 %; y Transporte, con un avance de 5,7%.<\/p>\n","protected":false},"excerpt":{"rendered":"<p>Los rubros de mayor incremento en abril fueron Prendas de vestir y calzado, con una suba del 6 %; y Transporte, con un avance de 5,7%<\/p>\n","protected":false},"author":2,"featured_media":36152,"comment_status":"closed","ping_status":"open","sticky":false,"template":"","format":"standard","meta":{"footnotes":""},"categories":[1323],"tags":[3663],"class_list":["post-78057","post","type-post","status-publish","format-standard","has-post-thumbnail","hentry","category-c2nota5","tag-lo-informo-el-indec"],"yoast_head":"<!-- This site is optimized with the Yoast SEO plugin v23.4 - https:\/\/yoast.com\/wordpress\/plugins\/seo\/ -->\n<title>El \u00edndice de precios al consumidor registr\u00f3 en abril un incremento de 4,1% - Infoecos<\/title>\n<meta name=\"robots\" content=\"index, follow, max-snippet:-1, max-image-preview:large, max-video-preview:-1\" \/>\n<link rel=\"canonical\" href=\"https:\/\/infoecos.com.ar\/index.php\/el-indice-de-precios-al-consumidor-registro-en-abril-un-incremento-de-41\/\" \/>\n<meta property=\"og:locale\" content=\"es_ES\" \/>\n<meta property=\"og:type\" content=\"article\" \/>\n<meta property=\"og:title\" content=\"El \u00edndice de precios al consumidor registr\u00f3 en abril un incremento de 4,1% - Infoecos\" \/>\n<meta property=\"og:description\" content=\"Los rubros de mayor incremento en abril fueron Prendas de vestir y calzado, con una suba del 6 %; y Transporte, con un avance de 5,7%\" \/>\n<meta property=\"og:url\" content=\"https:\/\/infoecos.com.ar\/index.php\/el-indice-de-precios-al-consumidor-registro-en-abril-un-incremento-de-41\/\" \/>\n<meta property=\"og:site_name\" content=\"Infoecos\" \/>\n<meta property=\"article:publisher\" content=\"https:\/\/www.facebook.com\/profile.php?id=100063200290284\" \/>\n<meta property=\"article:published_time\" content=\"2021-05-14T04:23:56+00:00\" \/>\n<meta property=\"article:modified_time\" content=\"2021-05-14T04:23:59+00:00\" \/>\n<meta property=\"og:image\" content=\"https:\/\/infoecos.com.ar\/wp-content\/uploads\/58067ad53a47f_324x182.jpg\" \/>\n\t<meta property=\"og:image:width\" content=\"324\" \/>\n\t<meta property=\"og:image:height\" content=\"182\" \/>\n\t<meta property=\"og:image:type\" content=\"image\/jpeg\" \/>\n<meta name=\"author\" content=\"Jorge Matheus\" \/>\n<meta name=\"twitter:card\" content=\"summary_large_image\" \/>\n<meta name=\"twitter:creator\" content=\"@infoecos\" \/>\n<meta name=\"twitter:site\" content=\"@infoecos\" \/>\n<meta name=\"twitter:label1\" content=\"Escrito por\" \/>\n\t<meta name=\"twitter:data1\" content=\"Jorge Matheus\" \/>\n\t<meta name=\"twitter:label2\" content=\"Tiempo de lectura\" \/>\n\t<meta name=\"twitter:data2\" content=\"1 minuto\" \/>\n<script type=\"application\/ld+json\" class=\"yoast-schema-graph\">{\"@context\":\"https:\/\/schema.org\",\"@graph\":[{\"@type\":\"Article\",\"@id\":\"https:\/\/infoecos.com.ar\/index.php\/el-indice-de-precios-al-consumidor-registro-en-abril-un-incremento-de-41\/#article\",\"isPartOf\":{\"@id\":\"https:\/\/infoecos.com.ar\/index.php\/el-indice-de-precios-al-consumidor-registro-en-abril-un-incremento-de-41\/\"},\"author\":{\"name\":\"Jorge Matheus\",\"@id\":\"https:\/\/infoecos.com.ar\/#\/schema\/person\/8f5ace5ce73b4b4aac4b7245aee6f191\"},\"headline\":\"El \u00edndice de precios al consumidor registr\u00f3 en abril un incremento de 4,1%\",\"datePublished\":\"2021-05-14T04:23:56+00:00\",\"dateModified\":\"2021-05-14T04:23:59+00:00\",\"mainEntityOfPage\":{\"@id\":\"https:\/\/infoecos.com.ar\/index.php\/el-indice-de-precios-al-consumidor-registro-en-abril-un-incremento-de-41\/\"},\"wordCount\":117,\"publisher\":{\"@id\":\"https:\/\/infoecos.com.ar\/#organization\"},\"image\":{\"@id\":\"https:\/\/infoecos.com.ar\/index.php\/el-indice-de-precios-al-consumidor-registro-en-abril-un-incremento-de-41\/#primaryimage\"},\"thumbnailUrl\":\"\",\"keywords\":[\"LO INFORM\u00d3 EL INDEC\"],\"articleSection\":[\"C2 N5\"],\"inLanguage\":\"es\"},{\"@type\":\"WebPage\",\"@id\":\"https:\/\/infoecos.com.ar\/index.php\/el-indice-de-precios-al-consumidor-registro-en-abril-un-incremento-de-41\/\",\"url\":\"https:\/\/infoecos.com.ar\/index.php\/el-indice-de-precios-al-consumidor-registro-en-abril-un-incremento-de-41\/\",\"name\":\"El \u00edndice de precios al consumidor registr\u00f3 en abril un incremento de 4,1% - Infoecos\",\"isPartOf\":{\"@id\":\"https:\/\/infoecos.com.ar\/#website\"},\"primaryImageOfPage\":{\"@id\":\"https:\/\/infoecos.com.ar\/index.php\/el-indice-de-precios-al-consumidor-registro-en-abril-un-incremento-de-41\/#primaryimage\"},\"image\":{\"@id\":\"https:\/\/infoecos.com.ar\/index.php\/el-indice-de-precios-al-consumidor-registro-en-abril-un-incremento-de-41\/#primaryimage\"},\"thumbnailUrl\":\"\",\"datePublished\":\"2021-05-14T04:23:56+00:00\",\"dateModified\":\"2021-05-14T04:23:59+00:00\",\"breadcrumb\":{\"@id\":\"https:\/\/infoecos.com.ar\/index.php\/el-indice-de-precios-al-consumidor-registro-en-abril-un-incremento-de-41\/#breadcrumb\"},\"inLanguage\":\"es\",\"potentialAction\":[{\"@type\":\"ReadAction\",\"target\":[\"https:\/\/infoecos.com.ar\/index.php\/el-indice-de-precios-al-consumidor-registro-en-abril-un-incremento-de-41\/\"]}]},{\"@type\":\"ImageObject\",\"inLanguage\":\"es\",\"@id\":\"https:\/\/infoecos.com.ar\/index.php\/el-indice-de-precios-al-consumidor-registro-en-abril-un-incremento-de-41\/#primaryimage\",\"url\":\"\",\"contentUrl\":\"\"},{\"@type\":\"BreadcrumbList\",\"@id\":\"https:\/\/infoecos.com.ar\/index.php\/el-indice-de-precios-al-consumidor-registro-en-abril-un-incremento-de-41\/#breadcrumb\",\"itemListElement\":[{\"@type\":\"ListItem\",\"position\":1,\"name\":\"Portada\",\"item\":\"https:\/\/infoecos.com.ar\/\"},{\"@type\":\"ListItem\",\"position\":2,\"name\":\"El \u00edndice de precios al consumidor registr\u00f3 en abril un incremento de 4,1%\"}]},{\"@type\":\"WebSite\",\"@id\":\"https:\/\/infoecos.com.ar\/#website\",\"url\":\"https:\/\/infoecos.com.ar\/\",\"name\":\"Infoecos\",\"description\":\"Noticias de trenque lauquen y la zona\",\"publisher\":{\"@id\":\"https:\/\/infoecos.com.ar\/#organization\"},\"alternateName\":\"Noticias\",\"potentialAction\":[{\"@type\":\"SearchAction\",\"target\":{\"@type\":\"EntryPoint\",\"urlTemplate\":\"https:\/\/infoecos.com.ar\/?s={search_term_string}\"},\"query-input\":{\"@type\":\"PropertyValueSpecification\",\"valueRequired\":true,\"valueName\":\"search_term_string\"}}],\"inLanguage\":\"es\"},{\"@type\":\"Organization\",\"@id\":\"https:\/\/infoecos.com.ar\/#organization\",\"name\":\"Infoecos\",\"alternateName\":\"Noticias\",\"url\":\"https:\/\/infoecos.com.ar\/\",\"logo\":{\"@type\":\"ImageObject\",\"inLanguage\":\"es\",\"@id\":\"https:\/\/infoecos.com.ar\/#\/schema\/logo\/image\/\",\"url\":\"https:\/\/infoecos.com.ar\/wp-content\/uploads\/2024\/03\/cropped-logo.png\",\"contentUrl\":\"https:\/\/infoecos.com.ar\/wp-content\/uploads\/2024\/03\/cropped-logo.png\",\"width\":374,\"height\":90,\"caption\":\"Infoecos\"},\"image\":{\"@id\":\"https:\/\/infoecos.com.ar\/#\/schema\/logo\/image\/\"},\"sameAs\":[\"https:\/\/www.facebook.com\/profile.php?id=100063200290284\",\"https:\/\/x.com\/infoecos\"]},{\"@type\":\"Person\",\"@id\":\"https:\/\/infoecos.com.ar\/#\/schema\/person\/8f5ace5ce73b4b4aac4b7245aee6f191\",\"name\":\"Jorge Matheus\",\"url\":\"https:\/\/infoecos.com.ar\/index.php\/author\/jomatheus\/\"}]}<\/script>\n<!-- \/ Yoast SEO plugin. -->","yoast_head_json":{"title":"El \u00edndice de precios al consumidor registr\u00f3 en abril un incremento de 4,1% - Infoecos","robots":{"index":"index","follow":"follow","max-snippet":"max-snippet:-1","max-image-preview":"max-image-preview:large","max-video-preview":"max-video-preview:-1"},"canonical":"https:\/\/infoecos.com.ar\/index.php\/el-indice-de-precios-al-consumidor-registro-en-abril-un-incremento-de-41\/","og_locale":"es_ES","og_type":"article","og_title":"El \u00edndice de precios al consumidor registr\u00f3 en abril un incremento de 4,1% - Infoecos","og_description":"Los rubros de mayor incremento en abril fueron Prendas de vestir y calzado, con una suba del 6 %; y Transporte, con un avance de 5,7%","og_url":"https:\/\/infoecos.com.ar\/index.php\/el-indice-de-precios-al-consumidor-registro-en-abril-un-incremento-de-41\/","og_site_name":"Infoecos","article_publisher":"https:\/\/www.facebook.com\/profile.php?id=100063200290284","article_published_time":"2021-05-14T04:23:56+00:00","article_modified_time":"2021-05-14T04:23:59+00:00","og_image":[{"width":324,"height":182,"url":"https:\/\/infoecos.com.ar\/wp-content\/uploads\/58067ad53a47f_324x182.jpg","type":"image\/jpeg"}],"author":"Jorge Matheus","twitter_card":"summary_large_image","twitter_creator":"@infoecos","twitter_site":"@infoecos","twitter_misc":{"Escrito por":"Jorge Matheus","Tiempo de lectura":"1 minuto"},"schema":{"@context":"https:\/\/schema.org","@graph":[{"@type":"Article","@id":"https:\/\/infoecos.com.ar\/index.php\/el-indice-de-precios-al-consumidor-registro-en-abril-un-incremento-de-41\/#article","isPartOf":{"@id":"https:\/\/infoecos.com.ar\/index.php\/el-indice-de-precios-al-consumidor-registro-en-abril-un-incremento-de-41\/"},"author":{"name":"Jorge Matheus","@id":"https:\/\/infoecos.com.ar\/#\/schema\/person\/8f5ace5ce73b4b4aac4b7245aee6f191"},"headline":"El \u00edndice de precios al consumidor registr\u00f3 en abril un incremento de 4,1%","datePublished":"2021-05-14T04:23:56+00:00","dateModified":"2021-05-14T04:23:59+00:00","mainEntityOfPage":{"@id":"https:\/\/infoecos.com.ar\/index.php\/el-indice-de-precios-al-consumidor-registro-en-abril-un-incremento-de-41\/"},"wordCount":117,"publisher":{"@id":"https:\/\/infoecos.com.ar\/#organization"},"image":{"@id":"https:\/\/infoecos.com.ar\/index.php\/el-indice-de-precios-al-consumidor-registro-en-abril-un-incremento-de-41\/#primaryimage"},"thumbnailUrl":"","keywords":["LO INFORM\u00d3 EL INDEC"],"articleSection":["C2 N5"],"inLanguage":"es"},{"@type":"WebPage","@id":"https:\/\/infoecos.com.ar\/index.php\/el-indice-de-precios-al-consumidor-registro-en-abril-un-incremento-de-41\/","url":"https:\/\/infoecos.com.ar\/index.php\/el-indice-de-precios-al-consumidor-registro-en-abril-un-incremento-de-41\/","name":"El \u00edndice de precios al consumidor registr\u00f3 en abril un incremento de 4,1% - Infoecos","isPartOf":{"@id":"https:\/\/infoecos.com.ar\/#website"},"primaryImageOfPage":{"@id":"https:\/\/infoecos.com.ar\/index.php\/el-indice-de-precios-al-consumidor-registro-en-abril-un-incremento-de-41\/#primaryimage"},"image":{"@id":"https:\/\/infoecos.com.ar\/index.php\/el-indice-de-precios-al-consumidor-registro-en-abril-un-incremento-de-41\/#primaryimage"},"thumbnailUrl":"","datePublished":"2021-05-14T04:23:56+00:00","dateModified":"2021-05-14T04:23:59+00:00","breadcrumb":{"@id":"https:\/\/infoecos.com.ar\/index.php\/el-indice-de-precios-al-consumidor-registro-en-abril-un-incremento-de-41\/#breadcrumb"},"inLanguage":"es","potentialAction":[{"@type":"ReadAction","target":["https:\/\/infoecos.com.ar\/index.php\/el-indice-de-precios-al-consumidor-registro-en-abril-un-incremento-de-41\/"]}]},{"@type":"ImageObject","inLanguage":"es","@id":"https:\/\/infoecos.com.ar\/index.php\/el-indice-de-precios-al-consumidor-registro-en-abril-un-incremento-de-41\/#primaryimage","url":"","contentUrl":""},{"@type":"BreadcrumbList","@id":"https:\/\/infoecos.com.ar\/index.php\/el-indice-de-precios-al-consumidor-registro-en-abril-un-incremento-de-41\/#breadcrumb","itemListElement":[{"@type":"ListItem","position":1,"name":"Portada","item":"https:\/\/infoecos.com.ar\/"},{"@type":"ListItem","position":2,"name":"El \u00edndice de precios al consumidor registr\u00f3 en abril un incremento de 4,1%"}]},{"@type":"WebSite","@id":"https:\/\/infoecos.com.ar\/#website","url":"https:\/\/infoecos.com.ar\/","name":"Infoecos","description":"Noticias de trenque lauquen y la zona","publisher":{"@id":"https:\/\/infoecos.com.ar\/#organization"},"alternateName":"Noticias","potentialAction":[{"@type":"SearchAction","target":{"@type":"EntryPoint","urlTemplate":"https:\/\/infoecos.com.ar\/?s={search_term_string}"},"query-input":{"@type":"PropertyValueSpecification","valueRequired":true,"valueName":"search_term_string"}}],"inLanguage":"es"},{"@type":"Organization","@id":"https:\/\/infoecos.com.ar\/#organization","name":"Infoecos","alternateName":"Noticias","url":"https:\/\/infoecos.com.ar\/","logo":{"@type":"ImageObject","inLanguage":"es","@id":"https:\/\/infoecos.com.ar\/#\/schema\/logo\/image\/","url":"https:\/\/infoecos.com.ar\/wp-content\/uploads\/2024\/03\/cropped-logo.png","contentUrl":"https:\/\/infoecos.com.ar\/wp-content\/uploads\/2024\/03\/cropped-logo.png","width":374,"height":90,"caption":"Infoecos"},"image":{"@id":"https:\/\/infoecos.com.ar\/#\/schema\/logo\/image\/"},"sameAs":["https:\/\/www.facebook.com\/profile.php?id=100063200290284","https:\/\/x.com\/infoecos"]},{"@type":"Person","@id":"https:\/\/infoecos.com.ar\/#\/schema\/person\/8f5ace5ce73b4b4aac4b7245aee6f191","name":"Jorge Matheus","url":"https:\/\/infoecos.com.ar\/index.php\/author\/jomatheus\/"}]}},"featured_image_urls":{"full":"","thumbnail":"","medium":"","medium_large":"","large":"","1536x1536":"","2048x2048":"","covernews-slider-full":"","covernews-slider-center":"","covernews-featured":"","covernews-medium":"","covernews-medium-square":""},"author_info":{"info":["Jorge Matheus"]},"category_info":"<a href=\"https:\/\/infoecos.com.ar\/index.php\/category\/c2nota5\/\" rel=\"category tag\">C2 N5<\/a>","tag_info":"C2 N5","comment_count":"0","_links":{"self":[{"href":"https:\/\/infoecos.com.ar\/index.php\/wp-json\/wp\/v2\/posts\/78057"}],"collection":[{"href":"https:\/\/infoecos.com.ar\/index.php\/wp-json\/wp\/v2\/posts"}],"about":[{"href":"https:\/\/infoecos.com.ar\/index.php\/wp-json\/wp\/v2\/types\/post"}],"author":[{"embeddable":true,"href":"https:\/\/infoecos.com.ar\/index.php\/wp-json\/wp\/v2\/users\/2"}],"replies":[{"embeddable":true,"href":"https:\/\/infoecos.com.ar\/index.php\/wp-json\/wp\/v2\/comments?post=78057"}],"version-history":[{"count":1,"href":"https:\/\/infoecos.com.ar\/index.php\/wp-json\/wp\/v2\/posts\/78057\/revisions"}],"predecessor-version":[{"id":78058,"href":"https:\/\/infoecos.com.ar\/index.php\/wp-json\/wp\/v2\/posts\/78057\/revisions\/78058"}],"wp:featuredmedia":[{"embeddable":true,"href":"https:\/\/infoecos.com.ar\/index.php\/wp-json\/"}],"wp:attachment":[{"href":"https:\/\/infoecos.com.ar\/index.php\/wp-json\/wp\/v2\/media?parent=78057"}],"wp:term":[{"taxonomy":"category","embeddable":true,"href":"https:\/\/infoecos.com.ar\/index.php\/wp-json\/wp\/v2\/categories?post=78057"},{"taxonomy":"post_tag","embeddable":true,"href":"https:\/\/infoecos.com.ar\/index.php\/wp-json\/wp\/v2\/tags?post=78057"}],"curies":[{"name":"wp","href":"https:\/\/api.w.org\/{rel}","templated":true}]}}