{"id":78080,"date":"2021-05-14T17:30:02","date_gmt":"2021-05-14T20:30:02","guid":{"rendered":"http:\/\/infoecos.com.ar\/?p=78080"},"modified":"2021-05-16T00:39:32","modified_gmt":"2021-05-16T03:39:32","slug":"infobae-publica-polemicas-opiniones-de-pablo-zurro-el-estado-tiene-que-volver-a-regular-la-carne-y-los-alimentos-aunque-no-le-guste-a-los-gorilas","status":"publish","type":"post","link":"https:\/\/infoecos.com.ar\/index.php\/infobae-publica-polemicas-opiniones-de-pablo-zurro-el-estado-tiene-que-volver-a-regular-la-carne-y-los-alimentos-aunque-no-le-guste-a-los-gorilas\/","title":{"rendered":"Infobae publica opiniones de Pablo Zurro: \u201cel Estado tiene que volver a regular la carne y los alimentos, aunque no le guste a los gorilas\u00bb"},"content":{"rendered":"\n<p class=\"wp-block-paragraph\">Seg\u00fan consigna una informaci\u00f3n publicada en el sitio <strong>Infobae.com<\/strong>, tras la difusi\u00f3n del \u00edndice oficial de inflaci\u00f3n del pasado mes, que casi lleg\u00f3 al 5%, el intendente del Frente de Todos, Pablo Zurro, propuso en declaraciones radiales que \u201cel Estado tiene que volver a regular la carne y los alimentos, aunque no le guste a los gorilas, como en la \u00e9poca de Per\u00f3n, pero adaptado a estos tiempos. No podemos dejar liberado el precio para que un argentino pague los precios de exportaci\u00f3n, porque en vez de 800 pesos el kilo de asado va a valer 2.000 pesos\u201d.<\/p>\n\n\n\n<div class=\"wp-block-image\"><figure class=\"aligncenter size-medium\"><img loading=\"lazy\" decoding=\"async\" width=\"460\" height=\"306\" src=\"http:\/\/infoecos.com.ar\/wp-content\/uploads\/2021\/03\/zurropablo1-460x306.jpg\" alt=\"\" class=\"wp-image-75415\" srcset=\"https:\/\/infoecos.com.ar\/wp-content\/uploads\/2021\/03\/zurropablo1-460x306.jpg 460w, https:\/\/infoecos.com.ar\/wp-content\/uploads\/2021\/03\/zurropablo1-920x612.jpg 920w, https:\/\/infoecos.com.ar\/wp-content\/uploads\/2021\/03\/zurropablo1-768x511.jpg 768w, https:\/\/infoecos.com.ar\/wp-content\/uploads\/2021\/03\/zurropablo1-1536x1020.jpg 1536w, https:\/\/infoecos.com.ar\/wp-content\/uploads\/2021\/03\/zurropablo1-1024x682.jpg 1024w, https:\/\/infoecos.com.ar\/wp-content\/uploads\/2021\/03\/zurropablo1-675x450.jpg 675w, https:\/\/infoecos.com.ar\/wp-content\/uploads\/2021\/03\/zurropablo1.jpg 1956w\" sizes=\"auto, (max-width: 460px) 100vw, 460px\" \/><\/figure><\/div>\n\n\n\n<p class=\"wp-block-paragraph\">Y agreg\u00f3: \u201cYo no me puedo pelear con un chacarero. Sin ofender a nadie tenemos que dar una pelea sobre la redistribuci\u00f3n de la riqueza, no se lo haremos con este Gobierno o con otro. Pero hay que hacerlo tambi\u00e9n con la diversidad del campo, hay que proyectar pymes de cerdos, donde en la \u00e9poca de N\u00e9stor Kirchner y Cristina Fern\u00e1ndez hubo un crecimiento importante para esa producci\u00f3n\u201d.<\/p>\n\n\n\n<p class=\"wp-block-paragraph\">\u201cEntre mis colegas intendentes yo tengo una cucarda, como entregan en el campo, es la de no haber asistido en ms 14 a\u00f1os de m\u00e1xima autoridad municipal a una fiesta de la rural de mi ciudad. Para que ir si siempre criticaban a Cristina Kirchner. Si iba me cagaba a trompadas con todos los gorilas arriba del escenario\u201d.<\/p>\n\n\n\n<p class=\"wp-block-paragraph\">Por otro lado, en la misma radio, el presidente de la Sociedad Rural de C\u00f3rdoba,&nbsp;Pedro Salas,&nbsp;se mostr\u00f3 a favor de avanzar con el di\u00e1logo para analizar la posibilidad de subir las retenciones de ma\u00edz. \u201cSeria por lo menos para sentarse a conversarlo, pero es muy dif\u00edcil sentar a todos.&nbsp;Cuando el ministro de Agricultura, Luis Basterra, a petici\u00f3n de las partes intent\u00f3 modificar la retenci\u00f3n del ma\u00edz, del otro lado&nbsp;casi le declaran la guerra. No todas las agrupaciones de referentes de los productores rurales piensan lo mismo\u201d, manifest\u00f3.<\/p>\n\n\n\n<div class=\"wp-block-image\"><figure class=\"aligncenter size-medium\"><img loading=\"lazy\" decoding=\"async\" width=\"460\" height=\"257\" src=\"http:\/\/infoecos.com.ar\/wp-content\/uploads\/2020\/09\/zurro-1-460x257.jpg\" alt=\"\" class=\"wp-image-67144\" srcset=\"https:\/\/infoecos.com.ar\/wp-content\/uploads\/2020\/09\/zurro-1-460x257.jpg 460w, https:\/\/infoecos.com.ar\/wp-content\/uploads\/2020\/09\/zurro-1-920x514.jpg 920w, https:\/\/infoecos.com.ar\/wp-content\/uploads\/2020\/09\/zurro-1-768x429.jpg 768w, https:\/\/infoecos.com.ar\/wp-content\/uploads\/2020\/09\/zurro-1-1024x572.jpg 1024w, https:\/\/infoecos.com.ar\/wp-content\/uploads\/2020\/09\/zurro-1.jpg 1088w\" sizes=\"auto, (max-width: 460px) 100vw, 460px\" \/><\/figure><\/div>\n\n\n\n<p class=\"wp-block-paragraph\">Las declaraciones del intendente kirchnerista y del titular de la rural de C\u00f3rdoba, llegan en un momento donde desde el sector agropecuario volvieron a plantear que no son responsables de la suba de precios de los alimentos, ya que hay una baja incidencia del campo en los valores finales de los alimentos, y si hay una alta presencia del Estado mediante el cobro de los impuestos.<\/p>\n\n\n\n<p class=\"wp-block-paragraph\">Los \u00faltimos datos aportados por la&nbsp;Fundaci\u00f3n Agropecuaria para el Desarrollo de Argentina (FADA)&nbsp;reflejaron que el caso del precio del pan, el mismo se multiplica por siete desde que sale el trigo del campo, hasta el consumidor. De $135, precio promedio de un kilo de pan, $29 pesos son impuestos. \u201cLa carga impositiva es mayor que lo que sale producir el trigo y hacer la harina para ese kilo de pan\u201d, dijeron los especialistas de la entidad.<\/p>\n\n\n\n<p class=\"wp-block-paragraph\">En el caso de la leche, el precio se triplica desde que sale del tambo, pasa por la industria, el comercio y llega a nuestro desayuno. De $67 de precio promedio de un litro de leche, $18 corresponde al peso impositivo. Y por \u00faltimo, la carne es el producto que mayor impacto tiene de los impuestos, ya que de $531 de precio promedio por kilo, $149 son impuestos.<\/p>\n\n\n\n<div class=\"wp-block-image\"><figure class=\"aligncenter size-medium\"><img loading=\"lazy\" decoding=\"async\" width=\"460\" height=\"307\" src=\"http:\/\/infoecos.com.ar\/wp-content\/uploads\/zurrocom-460x307.jpg\" alt=\"\" class=\"wp-image-64319\" srcset=\"https:\/\/infoecos.com.ar\/wp-content\/uploads\/zurrocom-460x307.jpg 460w, https:\/\/infoecos.com.ar\/wp-content\/uploads\/zurrocom-920x613.jpg 920w, https:\/\/infoecos.com.ar\/wp-content\/uploads\/zurrocom-768x512.jpg 768w, https:\/\/infoecos.com.ar\/wp-content\/uploads\/zurrocom-1024x682.jpg 1024w, https:\/\/infoecos.com.ar\/wp-content\/uploads\/zurrocom-675x450.jpg 675w, https:\/\/infoecos.com.ar\/wp-content\/uploads\/zurrocom.jpg 1280w\" sizes=\"auto, (max-width: 460px) 100vw, 460px\" \/><\/figure><\/div>\n\n\n\n<p class=\"wp-block-paragraph\">Adem\u00e1s,&nbsp;el intendente Zurro respald\u00f3 la iniciativa del diputado del oficialismo M\u00e1ximo Kirchner, para que en 40 municipios se paguen tarifas diferenciadas de gas con una reducci\u00f3n que oscila entre el 30% y el 50%,&nbsp;seg\u00fan la provincia. \u201cEs un muy buen proyecto, se lo hemos agradecido al diputado, y lo destacamos no s\u00f3lo por el dinero, sino que es un avance a retomar derechos. Esta ley tardar\u00e1 unos 30 d\u00edas para ser promulgada y habr\u00e1 que hacer un trabajo en cada distrito para incorporar a aquellas personas que contempla la ley que son vulnerables\u201d, se\u00f1al\u00f3 en declaraciones a El Destape Radio.<\/p>\n\n\n\n<p class=\"wp-block-paragraph\">Por otro lado, Zurro volvi\u00f3 a criticar al ex presidente de la Naci\u00f3n, Mauricio Macri:&nbsp;\u201cNo est\u00e1 preso porque el 80% de la Justicia es macrista. Tra\u00edan gente a adoctrinar a la Embajada de los Estados Unidos, con un alto porcentaje de los fiscales que pasaron por ah\u00ed o por la Quinta de Olivos\u201d.<\/p>\n","protected":false},"excerpt":{"rendered":"<p>Dijo que \u201cMauricio Macri no est\u00e1 preso porque el 80 % de la justicia es macrista\u201d.<\/p>\n","protected":false},"author":2,"featured_media":67144,"comment_status":"closed","ping_status":"open","sticky":false,"template":"","format":"standard","meta":{"footnotes":""},"categories":[49],"tags":[3665],"class_list":["post-78080","post","type-post","status-publish","format-standard","has-post-thumbnail","hentry","category-c3nota3","tag-declaraciones-radiales"],"featured_image_urls":{"full":["https:\/\/infoecos.com.ar\/wp-content\/uploads\/2020\/09\/zurro-1.jpg",1088,608,false],"thumbnail":["https:\/\/infoecos.com.ar\/wp-content\/uploads\/2020\/09\/zurro-1-150x150.jpg",150,150,true],"medium":["https:\/\/infoecos.com.ar\/wp-content\/uploads\/2020\/09\/zurro-1-460x257.jpg",460,257,true],"medium_large":["https:\/\/infoecos.com.ar\/wp-content\/uploads\/2020\/09\/zurro-1-768x429.jpg",640,358,true],"large":["https:\/\/infoecos.com.ar\/wp-content\/uploads\/2020\/09\/zurro-1-920x514.jpg",640,358,true],"1536x1536":["https:\/\/infoecos.com.ar\/wp-content\/uploads\/2020\/09\/zurro-1.jpg",1088,608,false],"2048x2048":["https:\/\/infoecos.com.ar\/wp-content\/uploads\/2020\/09\/zurro-1.jpg",1088,608,false],"covernews-slider-full":["https:\/\/infoecos.com.ar\/wp-content\/uploads\/2020\/09\/zurro-1.jpg",1088,608,false],"covernews-slider-center":["https:\/\/infoecos.com.ar\/wp-content\/uploads\/2020\/09\/zurro-1-936x608.jpg",770,500,true],"covernews-featured":["https:\/\/infoecos.com.ar\/wp-content\/uploads\/2020\/09\/zurro-1-1024x572.jpg",1024,572,true],"covernews-medium":["https:\/\/infoecos.com.ar\/wp-content\/uploads\/2020\/09\/zurro-1-720x380.jpg",540,285,true],"covernews-medium-square":["https:\/\/infoecos.com.ar\/wp-content\/uploads\/2020\/09\/zurro-1-675x450.jpg",375,250,true]},"author_info":{"info":["Jorge Matheus"]},"category_info":"<a href=\"https:\/\/infoecos.com.ar\/index.php\/category\/c3nota3\/\" rel=\"category tag\">C3 N3<\/a>","tag_info":"C3 N3","comment_count":"0","_links":{"self":[{"href":"https:\/\/infoecos.com.ar\/index.php\/wp-json\/wp\/v2\/posts\/78080","targetHints":{"allow":["GET"]}}],"collection":[{"href":"https:\/\/infoecos.com.ar\/index.php\/wp-json\/wp\/v2\/posts"}],"about":[{"href":"https:\/\/infoecos.com.ar\/index.php\/wp-json\/wp\/v2\/types\/post"}],"author":[{"embeddable":true,"href":"https:\/\/infoecos.com.ar\/index.php\/wp-json\/wp\/v2\/users\/2"}],"replies":[{"embeddable":true,"href":"https:\/\/infoecos.com.ar\/index.php\/wp-json\/wp\/v2\/comments?post=78080"}],"version-history":[{"count":2,"href":"https:\/\/infoecos.com.ar\/index.php\/wp-json\/wp\/v2\/posts\/78080\/revisions"}],"predecessor-version":[{"id":78083,"href":"https:\/\/infoecos.com.ar\/index.php\/wp-json\/wp\/v2\/posts\/78080\/revisions\/78083"}],"wp:featuredmedia":[{"embeddable":true,"href":"https:\/\/infoecos.com.ar\/index.php\/wp-json\/wp\/v2\/media\/67144"}],"wp:attachment":[{"href":"https:\/\/infoecos.com.ar\/index.php\/wp-json\/wp\/v2\/media?parent=78080"}],"wp:term":[{"taxonomy":"category","embeddable":true,"href":"https:\/\/infoecos.com.ar\/index.php\/wp-json\/wp\/v2\/categories?post=78080"},{"taxonomy":"post_tag","embeddable":true,"href":"https:\/\/infoecos.com.ar\/index.php\/wp-json\/wp\/v2\/tags?post=78080"}],"curies":[{"name":"wp","href":"https:\/\/api.w.org\/{rel}","templated":true}]}}