{"id":78088,"date":"2021-05-15T00:36:05","date_gmt":"2021-05-15T03:36:05","guid":{"rendered":"http:\/\/infoecos.com.ar\/?p=78088"},"modified":"2021-05-19T01:20:18","modified_gmt":"2021-05-19T04:20:18","slug":"se-creo-para-tres-lomas-el-instituto-superior-de-formacion-docente-y-tecnica-numero-237","status":"publish","type":"post","link":"https:\/\/infoecos.com.ar\/index.php\/se-creo-para-tres-lomas-el-instituto-superior-de-formacion-docente-y-tecnica-numero-237\/","title":{"rendered":"Se cre\u00f3 para Tres Lomas el Instituto Superior de Formaci\u00f3n Docente y T\u00e9cnica n\u00famero 237"},"content":{"rendered":"\n<p class=\"wp-block-paragraph\">El Intendente Municipal de Tres Lomas, Roberto \u00c1lvarez, recibi\u00f3 la resoluci\u00f3n donde se confirma la creaci\u00f3n del Instituto Superior de Formaci\u00f3n Docente y T\u00e9cnica n\u00famero 237 en su distrito.<\/p>\n\n\n\n<p class=\"wp-block-paragraph\">La comunicaci\u00f3n la hizo efectiva la Directora General de Cultura y Educaci\u00f3n, Agustina Vila, la que entreg\u00f3 a \u00c1lvarez la copia de la resoluci\u00f3n. <\/p>\n\n\n\n<div class=\"wp-block-image\"><figure class=\"aligncenter size-medium\"><img loading=\"lazy\" decoding=\"async\" width=\"460\" height=\"358\" src=\"http:\/\/infoecos.com.ar\/wp-content\/uploads\/2021\/05\/Foto-460x358.jpeg\" alt=\"\" class=\"wp-image-78089\" srcset=\"https:\/\/infoecos.com.ar\/wp-content\/uploads\/2021\/05\/Foto-460x358.jpeg 460w, https:\/\/infoecos.com.ar\/wp-content\/uploads\/2021\/05\/Foto-920x717.jpeg 920w, https:\/\/infoecos.com.ar\/wp-content\/uploads\/2021\/05\/Foto-768x598.jpeg 768w, https:\/\/infoecos.com.ar\/wp-content\/uploads\/2021\/05\/Foto-1024x798.jpeg 1024w, https:\/\/infoecos.com.ar\/wp-content\/uploads\/2021\/05\/Foto.jpeg 1090w\" sizes=\"auto, (max-width: 460px) 100vw, 460px\" \/><figcaption>Agustina Vila y Roberto \u00c1lvarez<\/figcaption><\/figure><\/div>\n\n\n\n<p class=\"wp-block-paragraph\">Se inform\u00f3 desde el municipio que llegan a feliz t\u00e9rmino de esta manera las gestiones iniciadas en el a\u00f1o 2014 y que fueron impulsadas intensamente a trav\u00e9s de la Direcci\u00f3n de Educaci\u00f3n comunal. <\/p>\n\n\n\n<p class=\"wp-block-paragraph\">La resoluci\u00f3n que crea el Instituto Superior de Formaci\u00f3n Docente y T\u00e9cnica Nro.237 de Tres Lomas expresa en su articulado que <strong>\u201dAutor\u00edzase la creaci\u00f3n del Instituto Superior de Formaci\u00f3n Docente y T\u00e9cnica N\u00b0 237, en el distrito de Tres Lomas, de Tercera (3ra.) Categor\u00eda\u201d\u2026 y agrega\u2026\u201dAsignar a la instituci\u00f3n creada un (1) cargo de Director, un (1) cargo de Secretario, los cargos y carga horaria correspondiente a la Planta Org\u00e1nico Funcional y un (1) cargo de agente de la Ley 10.430 \u2013 Portero de Escuela\u201d<\/strong>.<\/p>\n\n\n\n<p class=\"wp-block-paragraph\"><br><\/p>\n","protected":false},"excerpt":{"rendered":"<p>Se inform\u00f3 desde el municipio que llegan a feliz t\u00e9rmino de esta manera las gestiones iniciadas en el a\u00f1o 2014 y que fueron impulsadas intensamente a trav\u00e9s de la Direcci\u00f3n de Educaci\u00f3n comunal<\/p>\n","protected":false},"author":2,"featured_media":78089,"comment_status":"closed","ping_status":"open","sticky":false,"template":"","format":"standard","meta":{"footnotes":""},"categories":[1334],"tags":[3666],"class_list":["post-78088","post","type-post","status-publish","format-standard","has-post-thumbnail","hentry","category-inferior14","tag-agustina-vila-recibio-a-alvarez"],"featured_image_urls":{"full":["https:\/\/infoecos.com.ar\/wp-content\/uploads\/2021\/05\/Foto.jpeg",1090,849,false],"thumbnail":["https:\/\/infoecos.com.ar\/wp-content\/uploads\/2021\/05\/Foto-150x150.jpeg",150,150,true],"medium":["https:\/\/infoecos.com.ar\/wp-content\/uploads\/2021\/05\/Foto-460x358.jpeg",460,358,true],"medium_large":["https:\/\/infoecos.com.ar\/wp-content\/uploads\/2021\/05\/Foto-768x598.jpeg",640,498,true],"large":["https:\/\/infoecos.com.ar\/wp-content\/uploads\/2021\/05\/Foto-920x717.jpeg",640,499,true],"1536x1536":["https:\/\/infoecos.com.ar\/wp-content\/uploads\/2021\/05\/Foto.jpeg",1090,849,false],"2048x2048":["https:\/\/infoecos.com.ar\/wp-content\/uploads\/2021\/05\/Foto.jpeg",1090,849,false],"covernews-slider-full":["https:\/\/infoecos.com.ar\/wp-content\/uploads\/2021\/05\/Foto.jpeg",918,715,false],"covernews-slider-center":["https:\/\/infoecos.com.ar\/wp-content\/uploads\/2021\/05\/Foto-936x849.jpeg",551,500,true],"covernews-featured":["https:\/\/infoecos.com.ar\/wp-content\/uploads\/2021\/05\/Foto-1024x798.jpeg",1024,798,true],"covernews-medium":["https:\/\/infoecos.com.ar\/wp-content\/uploads\/2021\/05\/Foto-720x380.jpeg",540,285,true],"covernews-medium-square":["https:\/\/infoecos.com.ar\/wp-content\/uploads\/2021\/05\/Foto-675x450.jpeg",375,250,true]},"author_info":{"info":["Jorge Matheus"]},"category_info":"<a href=\"https:\/\/infoecos.com.ar\/index.php\/category\/inferior14\/\" rel=\"category tag\">Bloque inferior - 14<\/a>","tag_info":"Bloque inferior - 14","comment_count":"0","_links":{"self":[{"href":"https:\/\/infoecos.com.ar\/index.php\/wp-json\/wp\/v2\/posts\/78088","targetHints":{"allow":["GET"]}}],"collection":[{"href":"https:\/\/infoecos.com.ar\/index.php\/wp-json\/wp\/v2\/posts"}],"about":[{"href":"https:\/\/infoecos.com.ar\/index.php\/wp-json\/wp\/v2\/types\/post"}],"author":[{"embeddable":true,"href":"https:\/\/infoecos.com.ar\/index.php\/wp-json\/wp\/v2\/users\/2"}],"replies":[{"embeddable":true,"href":"https:\/\/infoecos.com.ar\/index.php\/wp-json\/wp\/v2\/comments?post=78088"}],"version-history":[{"count":1,"href":"https:\/\/infoecos.com.ar\/index.php\/wp-json\/wp\/v2\/posts\/78088\/revisions"}],"predecessor-version":[{"id":78090,"href":"https:\/\/infoecos.com.ar\/index.php\/wp-json\/wp\/v2\/posts\/78088\/revisions\/78090"}],"wp:featuredmedia":[{"embeddable":true,"href":"https:\/\/infoecos.com.ar\/index.php\/wp-json\/wp\/v2\/media\/78089"}],"wp:attachment":[{"href":"https:\/\/infoecos.com.ar\/index.php\/wp-json\/wp\/v2\/media?parent=78088"}],"wp:term":[{"taxonomy":"category","embeddable":true,"href":"https:\/\/infoecos.com.ar\/index.php\/wp-json\/wp\/v2\/categories?post=78088"},{"taxonomy":"post_tag","embeddable":true,"href":"https:\/\/infoecos.com.ar\/index.php\/wp-json\/wp\/v2\/tags?post=78088"}],"curies":[{"name":"wp","href":"https:\/\/api.w.org\/{rel}","templated":true}]}}