{"id":78110,"date":"2021-05-15T01:34:15","date_gmt":"2021-05-15T04:34:15","guid":{"rendered":"http:\/\/infoecos.com.ar\/?p=78110"},"modified":"2021-05-15T01:34:19","modified_gmt":"2021-05-15T04:34:19","slug":"coronel-suarez-tambien-a-fase-2-y-hasta-el-30-de-mayo","status":"publish","type":"post","link":"https:\/\/infoecos.com.ar\/index.php\/coronel-suarez-tambien-a-fase-2-y-hasta-el-30-de-mayo\/","title":{"rendered":"Coronel Su\u00e1rez tambi\u00e9n a Fase 2 y hasta el 30 de mayo"},"content":{"rendered":"\n<p class=\"wp-block-paragraph\">El distrito de Coronel Su\u00e1rez tambi\u00e9n pasa a Fase 2, desde hoy. La informaci\u00f3n consignada por los medios da cuenta de cuales son las medidas. Se extender\u00e1n hasta el 30 de mayo, inclusive. <\/p>\n\n\n\n<div class=\"wp-block-image\"><figure class=\"aligncenter size-large\"><img loading=\"lazy\" decoding=\"async\" width=\"550\" height=\"309\" src=\"http:\/\/infoecos.com.ar\/wp-content\/uploads\/municipalidaddecs.jpg\" alt=\"\" class=\"wp-image-62565\" srcset=\"https:\/\/infoecos.com.ar\/wp-content\/uploads\/municipalidaddecs.jpg 550w, https:\/\/infoecos.com.ar\/wp-content\/uploads\/municipalidaddecs-460x258.jpg 460w\" sizes=\"auto, (max-width: 550px) 100vw, 550px\" \/><\/figure><\/div>\n\n\n\n<p class=\"wp-block-paragraph\">&#8211; Es obligatorio el uso de barbijo en la v\u00eda p\u00fablica<br>\u2013 Restricci\u00f3n de la circulaci\u00f3n nocturna de 20 a 6 horas<br>\u2013 Comercios en General hasta las 19 horas<br>\u2013 SIN LIMITE DE HORARIO Farmacias, veterinarias y estaciones de servicios (SHOP hasta las 19).<br>\u2013 GASTRON\u00d3MICOS hasta las 19 horas \u00fanicamente atender\u00e1n clientes al aire libre. De 19 a 23 s\u00f3lo env\u00edo a domicilio delivery.<br>\u2013 Se permitir\u00e1n actividades deportivas, recreativas, entrenamientos en clubes al AIRE LIBRE \u00fanicamente los deportes SIN CONTACTO hasta 10 personas.<br>\u2013 Gimnasios podr\u00e1n funcionar al AIRE LIBRE con la utilizaci\u00f3n de espacios p\u00fablicos. Queda suspendida actividad en espacios cerrados.<br>\u2013 Se suspender\u00e1n, a partir del mi\u00e9rcoles, las clases presenciales con escuelas ABIERTAS para consultas.<br>\u2013 Educaci\u00f3n Especial y CEC est\u00e1n habilitados para continuar con presencialidad si as\u00ed lo requieren.<br>\u2013 Suspensi\u00f3n de actividades recreativas, deportivas, sociales, culturales y religiosas en ESPACIOS CERRADOS.<br>\u2013 No se permiten actividades y reuniones sociales en domicilios particulares.<\/p>\n","protected":false},"excerpt":{"rendered":"<p>La restricci\u00f3n nocturna es de 20 a 6. Y los comercios en general deben cerrar sus puertas a las 19<\/p>\n","protected":false},"author":2,"featured_media":62565,"comment_status":"closed","ping_status":"open","sticky":false,"template":"","format":"standard","meta":{"footnotes":""},"categories":[1323],"tags":[1785],"class_list":["post-78110","post","type-post","status-publish","format-standard","has-post-thumbnail","hentry","category-c2nota5","tag-coronavirus"],"featured_image_urls":{"full":["https:\/\/infoecos.com.ar\/wp-content\/uploads\/municipalidaddecs.jpg",550,309,false],"thumbnail":["https:\/\/infoecos.com.ar\/wp-content\/uploads\/municipalidaddecs-150x150.jpg",150,150,true],"medium":["https:\/\/infoecos.com.ar\/wp-content\/uploads\/municipalidaddecs-460x258.jpg",460,258,true],"medium_large":["https:\/\/infoecos.com.ar\/wp-content\/uploads\/municipalidaddecs.jpg",550,309,false],"large":["https:\/\/infoecos.com.ar\/wp-content\/uploads\/municipalidaddecs.jpg",550,309,false],"1536x1536":["https:\/\/infoecos.com.ar\/wp-content\/uploads\/municipalidaddecs.jpg",550,309,false],"2048x2048":["https:\/\/infoecos.com.ar\/wp-content\/uploads\/municipalidaddecs.jpg",550,309,false],"covernews-slider-full":["https:\/\/infoecos.com.ar\/wp-content\/uploads\/municipalidaddecs.jpg",550,309,false],"covernews-slider-center":["https:\/\/infoecos.com.ar\/wp-content\/uploads\/municipalidaddecs.jpg",550,309,false],"covernews-featured":["https:\/\/infoecos.com.ar\/wp-content\/uploads\/municipalidaddecs.jpg",550,309,false],"covernews-medium":["https:\/\/infoecos.com.ar\/wp-content\/uploads\/municipalidaddecs.jpg",540,303,false],"covernews-medium-square":["https:\/\/infoecos.com.ar\/wp-content\/uploads\/municipalidaddecs.jpg",400,225,false]},"author_info":{"info":["Jorge Matheus"]},"category_info":"<a href=\"https:\/\/infoecos.com.ar\/index.php\/category\/c2nota5\/\" rel=\"category tag\">C2 N5<\/a>","tag_info":"C2 N5","comment_count":"0","_links":{"self":[{"href":"https:\/\/infoecos.com.ar\/index.php\/wp-json\/wp\/v2\/posts\/78110","targetHints":{"allow":["GET"]}}],"collection":[{"href":"https:\/\/infoecos.com.ar\/index.php\/wp-json\/wp\/v2\/posts"}],"about":[{"href":"https:\/\/infoecos.com.ar\/index.php\/wp-json\/wp\/v2\/types\/post"}],"author":[{"embeddable":true,"href":"https:\/\/infoecos.com.ar\/index.php\/wp-json\/wp\/v2\/users\/2"}],"replies":[{"embeddable":true,"href":"https:\/\/infoecos.com.ar\/index.php\/wp-json\/wp\/v2\/comments?post=78110"}],"version-history":[{"count":1,"href":"https:\/\/infoecos.com.ar\/index.php\/wp-json\/wp\/v2\/posts\/78110\/revisions"}],"predecessor-version":[{"id":78111,"href":"https:\/\/infoecos.com.ar\/index.php\/wp-json\/wp\/v2\/posts\/78110\/revisions\/78111"}],"wp:featuredmedia":[{"embeddable":true,"href":"https:\/\/infoecos.com.ar\/index.php\/wp-json\/wp\/v2\/media\/62565"}],"wp:attachment":[{"href":"https:\/\/infoecos.com.ar\/index.php\/wp-json\/wp\/v2\/media?parent=78110"}],"wp:term":[{"taxonomy":"category","embeddable":true,"href":"https:\/\/infoecos.com.ar\/index.php\/wp-json\/wp\/v2\/categories?post=78110"},{"taxonomy":"post_tag","embeddable":true,"href":"https:\/\/infoecos.com.ar\/index.php\/wp-json\/wp\/v2\/tags?post=78110"}],"curies":[{"name":"wp","href":"https:\/\/api.w.org\/{rel}","templated":true}]}}