{"id":78119,"date":"2021-05-15T16:42:30","date_gmt":"2021-05-15T19:42:30","guid":{"rendered":"http:\/\/infoecos.com.ar\/?p=78119"},"modified":"2021-05-19T01:18:41","modified_gmt":"2021-05-19T04:18:41","slug":"la-vicegobernadora-veronica-magario-dijo-que-la-tarifa-de-gas-para-las-zonas-frias-da-respuesta-a-una-demanda-historica","status":"publish","type":"post","link":"https:\/\/infoecos.com.ar\/index.php\/la-vicegobernadora-veronica-magario-dijo-que-la-tarifa-de-gas-para-las-zonas-frias-da-respuesta-a-una-demanda-historica\/","title":{"rendered":"La vicegobernadora Ver\u00f3nica Magario dijo que la tarifa de gas para las Zonas Fr\u00edas da respuesta a \u00abuna demanda hist\u00f3rica\u00bb"},"content":{"rendered":"\n<p>La Vicegobernadora bonaerense, Ver\u00f3nica Magario, estuvo presente en el anuncio que se concret\u00f3 el jueves en el Congreso de la Naci\u00f3n de la presentaci\u00f3n del proyecto de Ley de Disminuci\u00f3n de la Tarifa de gas para las Zonas Fr\u00edas, que lleva la firma del diputado nacional M\u00e1ximo Kirchner, y que beneficiar\u00e1 en forma directa a m\u00e1s de tres millones de argentinos y argentinas sobre la base de su situaci\u00f3n de vulnerabilidad.<\/p>\n\n\n\n<div class=\"wp-block-image\"><figure class=\"aligncenter size-medium\"><img loading=\"lazy\" decoding=\"async\" width=\"460\" height=\"307\" src=\"http:\/\/infoecos.com.ar\/wp-content\/uploads\/2021\/05\/magariokirchner-460x307.jpg\" alt=\"\" class=\"wp-image-78120\" srcset=\"https:\/\/infoecos.com.ar\/wp-content\/uploads\/2021\/05\/magariokirchner-460x307.jpg 460w, https:\/\/infoecos.com.ar\/wp-content\/uploads\/2021\/05\/magariokirchner-920x613.jpg 920w, https:\/\/infoecos.com.ar\/wp-content\/uploads\/2021\/05\/magariokirchner-768x512.jpg 768w, https:\/\/infoecos.com.ar\/wp-content\/uploads\/2021\/05\/magariokirchner-1024x682.jpg 1024w, https:\/\/infoecos.com.ar\/wp-content\/uploads\/2021\/05\/magariokirchner-675x450.jpg 675w, https:\/\/infoecos.com.ar\/wp-content\/uploads\/2021\/05\/magariokirchner.jpg 1280w\" sizes=\"(max-width: 460px) 100vw, 460px\" \/><\/figure><\/div>\n\n\n\n<p>Magario celebr\u00f3 la iniciativa e hizo hincapi\u00e9 en que el beneficio incluye a m\u00e1s de 50 distritos de la provincia de Buenos Aires \u201ccomo un primer paso hacia un esquema de servicios p\u00fablicos accesibles\u201d.<\/p>\n\n\n\n<p>La vicegobernadora ponder\u00f3 que los descuentos se extiendan al precio de la garrafa contemplando as\u00ed a aquellos hogares que no tienen acceso a la red de gas natural.<\/p>\n\n\n\n<p>\u201cEsto beneficia a m\u00e1s de tres millones de personas y da respuesta a una demanda hist\u00f3rica por parte de asociaciones de defensa del consumidor\u201d, resumi\u00f3 Magario.<\/p>\n\n\n\n<div class=\"wp-block-image\"><figure class=\"aligncenter size-medium\"><img loading=\"lazy\" decoding=\"async\" width=\"460\" height=\"306\" src=\"http:\/\/infoecos.com.ar\/wp-content\/uploads\/2021\/05\/magariokircnerrodrimassa-460x306.jpg\" alt=\"\" class=\"wp-image-78121\" srcset=\"https:\/\/infoecos.com.ar\/wp-content\/uploads\/2021\/05\/magariokircnerrodrimassa-460x306.jpg 460w, https:\/\/infoecos.com.ar\/wp-content\/uploads\/2021\/05\/magariokircnerrodrimassa-920x613.jpg 920w, https:\/\/infoecos.com.ar\/wp-content\/uploads\/2021\/05\/magariokircnerrodrimassa-768x512.jpg 768w, https:\/\/infoecos.com.ar\/wp-content\/uploads\/2021\/05\/magariokircnerrodrimassa-675x450.jpg 675w, https:\/\/infoecos.com.ar\/wp-content\/uploads\/2021\/05\/magariokircnerrodrimassa.jpg 1024w\" sizes=\"(max-width: 460px) 100vw, 460px\" \/><\/figure><\/div>\n\n\n\n<p><strong>En la Provincia de Buenos Aires el beneficio contemplado en el proyecto abarcar\u00e1 a los siguientes distritos:<\/strong><\/p>\n\n\n\n<p>Partido de La Costa, Pinamar, Villa Gesell, Mar Chiquita, General Pueyrred\u00f3n, General Alvarado, Lober\u00eda, Necochea, Tres Arroyos, San Cayetano, Coronel Dorrego, Monte Hermoso, Coronel Rosales, Bah\u00eda Blanca, Villarino, Patagones, Tandil, Olavarr\u00eda, Azul, General La Madrid, Coronel Su\u00e1rez, Saavedra, Tornquist, Coronel Pringles, Laprida, Benito Ju\u00e1rez, Gonzales Chaves, General Juan de Madariaga, General Lavalle, Ayacucho, Rauch, Pellegrini, Salliquel\u00f3, Guamin\u00ed, Tres Lomas, Daireaux, Balcarce, Puan, Adolfo Alsina, Tapalqu\u00e9, General Guido, Castelli, Dolores, Maip\u00fa, Tordillo, Hip\u00f3lito Yrigoyen, Carlos Tejedor, Bol\u00edvar, Pehuaj\u00f3, Trenque Lauquen, General Alvear, Rivadavia, General Villegas y Carlos Casares.<\/p>\n","protected":false},"excerpt":{"rendered":"<p>Magario celebr\u00f3 la iniciativa e hizo hincapi\u00e9 en que el beneficio incluye a m\u00e1s de 50 distritos de la provincia de Buenos Aires \u201ccomo un primer paso hacia un esquema de servicios p\u00fablicos accesibles\u201d<\/p>\n","protected":false},"author":2,"featured_media":78120,"comment_status":"closed","ping_status":"open","sticky":false,"template":"","format":"standard","meta":{"footnotes":""},"categories":[1332],"tags":[3672],"class_list":["post-78119","post","type-post","status-publish","format-standard","has-post-thumbnail","hentry","category-inferior12","tag-beneficio-para-interior-bonaerense"],"yoast_head":"<!-- This site is optimized with the Yoast SEO plugin v23.4 - https:\/\/yoast.com\/wordpress\/plugins\/seo\/ -->\n<title>La vicegobernadora Ver\u00f3nica Magario dijo que la tarifa de gas para las Zonas Fr\u00edas da respuesta a &quot;una demanda hist\u00f3rica&quot; - Infoecos<\/title>\n<meta name=\"robots\" content=\"index, follow, max-snippet:-1, max-image-preview:large, max-video-preview:-1\" \/>\n<link rel=\"canonical\" href=\"https:\/\/infoecos.com.ar\/index.php\/la-vicegobernadora-veronica-magario-dijo-que-la-tarifa-de-gas-para-las-zonas-frias-da-respuesta-a-una-demanda-historica\/\" \/>\n<meta property=\"og:locale\" content=\"es_ES\" \/>\n<meta property=\"og:type\" content=\"article\" \/>\n<meta property=\"og:title\" content=\"La vicegobernadora Ver\u00f3nica Magario dijo que la tarifa de gas para las Zonas Fr\u00edas da respuesta a &quot;una demanda hist\u00f3rica&quot; - Infoecos\" \/>\n<meta property=\"og:description\" content=\"Magario celebr\u00f3 la iniciativa e hizo hincapi\u00e9 en que el beneficio incluye a m\u00e1s de 50 distritos de la provincia de Buenos Aires \u201ccomo un primer paso hacia un esquema de servicios p\u00fablicos accesibles\u201d\" \/>\n<meta property=\"og:url\" content=\"https:\/\/infoecos.com.ar\/index.php\/la-vicegobernadora-veronica-magario-dijo-que-la-tarifa-de-gas-para-las-zonas-frias-da-respuesta-a-una-demanda-historica\/\" \/>\n<meta property=\"og:site_name\" content=\"Infoecos\" \/>\n<meta property=\"article:publisher\" content=\"https:\/\/www.facebook.com\/profile.php?id=100063200290284\" \/>\n<meta property=\"article:published_time\" content=\"2021-05-15T19:42:30+00:00\" \/>\n<meta property=\"article:modified_time\" content=\"2021-05-19T04:18:41+00:00\" \/>\n<meta property=\"og:image\" content=\"https:\/\/infoecos.com.ar\/wp-content\/uploads\/2021\/05\/magariokirchner.jpg\" \/>\n\t<meta property=\"og:image:width\" content=\"1280\" \/>\n\t<meta property=\"og:image:height\" content=\"853\" \/>\n\t<meta property=\"og:image:type\" content=\"image\/jpeg\" \/>\n<meta name=\"author\" content=\"Jorge Matheus\" \/>\n<meta name=\"twitter:card\" content=\"summary_large_image\" \/>\n<meta name=\"twitter:creator\" content=\"@infoecos\" \/>\n<meta name=\"twitter:site\" content=\"@infoecos\" \/>\n<meta name=\"twitter:label1\" content=\"Escrito por\" \/>\n\t<meta name=\"twitter:data1\" content=\"Jorge Matheus\" \/>\n\t<meta name=\"twitter:label2\" content=\"Tiempo de lectura\" \/>\n\t<meta name=\"twitter:data2\" content=\"1 minuto\" \/>\n<script type=\"application\/ld+json\" class=\"yoast-schema-graph\">{\"@context\":\"https:\/\/schema.org\",\"@graph\":[{\"@type\":\"Article\",\"@id\":\"https:\/\/infoecos.com.ar\/index.php\/la-vicegobernadora-veronica-magario-dijo-que-la-tarifa-de-gas-para-las-zonas-frias-da-respuesta-a-una-demanda-historica\/#article\",\"isPartOf\":{\"@id\":\"https:\/\/infoecos.com.ar\/index.php\/la-vicegobernadora-veronica-magario-dijo-que-la-tarifa-de-gas-para-las-zonas-frias-da-respuesta-a-una-demanda-historica\/\"},\"author\":{\"name\":\"Jorge Matheus\",\"@id\":\"https:\/\/infoecos.com.ar\/#\/schema\/person\/8f5ace5ce73b4b4aac4b7245aee6f191\"},\"headline\":\"La vicegobernadora Ver\u00f3nica Magario dijo que la tarifa de gas para las Zonas Fr\u00edas da respuesta a \u00abuna demanda hist\u00f3rica\u00bb\",\"datePublished\":\"2021-05-15T19:42:30+00:00\",\"dateModified\":\"2021-05-19T04:18:41+00:00\",\"mainEntityOfPage\":{\"@id\":\"https:\/\/infoecos.com.ar\/index.php\/la-vicegobernadora-veronica-magario-dijo-que-la-tarifa-de-gas-para-las-zonas-frias-da-respuesta-a-una-demanda-historica\/\"},\"wordCount\":305,\"publisher\":{\"@id\":\"https:\/\/infoecos.com.ar\/#organization\"},\"image\":{\"@id\":\"https:\/\/infoecos.com.ar\/index.php\/la-vicegobernadora-veronica-magario-dijo-que-la-tarifa-de-gas-para-las-zonas-frias-da-respuesta-a-una-demanda-historica\/#primaryimage\"},\"thumbnailUrl\":\"https:\/\/infoecos.com.ar\/wp-content\/uploads\/2021\/05\/magariokirchner.jpg\",\"keywords\":[\"BENEFICIO PARA INTERIOR BONAERENSE\"],\"articleSection\":[\"Bloque inferior - 12\"],\"inLanguage\":\"es\"},{\"@type\":\"WebPage\",\"@id\":\"https:\/\/infoecos.com.ar\/index.php\/la-vicegobernadora-veronica-magario-dijo-que-la-tarifa-de-gas-para-las-zonas-frias-da-respuesta-a-una-demanda-historica\/\",\"url\":\"https:\/\/infoecos.com.ar\/index.php\/la-vicegobernadora-veronica-magario-dijo-que-la-tarifa-de-gas-para-las-zonas-frias-da-respuesta-a-una-demanda-historica\/\",\"name\":\"La vicegobernadora Ver\u00f3nica Magario dijo que la tarifa de gas para las Zonas Fr\u00edas da respuesta a \\\"una demanda hist\u00f3rica\\\" - Infoecos\",\"isPartOf\":{\"@id\":\"https:\/\/infoecos.com.ar\/#website\"},\"primaryImageOfPage\":{\"@id\":\"https:\/\/infoecos.com.ar\/index.php\/la-vicegobernadora-veronica-magario-dijo-que-la-tarifa-de-gas-para-las-zonas-frias-da-respuesta-a-una-demanda-historica\/#primaryimage\"},\"image\":{\"@id\":\"https:\/\/infoecos.com.ar\/index.php\/la-vicegobernadora-veronica-magario-dijo-que-la-tarifa-de-gas-para-las-zonas-frias-da-respuesta-a-una-demanda-historica\/#primaryimage\"},\"thumbnailUrl\":\"https:\/\/infoecos.com.ar\/wp-content\/uploads\/2021\/05\/magariokirchner.jpg\",\"datePublished\":\"2021-05-15T19:42:30+00:00\",\"dateModified\":\"2021-05-19T04:18:41+00:00\",\"breadcrumb\":{\"@id\":\"https:\/\/infoecos.com.ar\/index.php\/la-vicegobernadora-veronica-magario-dijo-que-la-tarifa-de-gas-para-las-zonas-frias-da-respuesta-a-una-demanda-historica\/#breadcrumb\"},\"inLanguage\":\"es\",\"potentialAction\":[{\"@type\":\"ReadAction\",\"target\":[\"https:\/\/infoecos.com.ar\/index.php\/la-vicegobernadora-veronica-magario-dijo-que-la-tarifa-de-gas-para-las-zonas-frias-da-respuesta-a-una-demanda-historica\/\"]}]},{\"@type\":\"ImageObject\",\"inLanguage\":\"es\",\"@id\":\"https:\/\/infoecos.com.ar\/index.php\/la-vicegobernadora-veronica-magario-dijo-que-la-tarifa-de-gas-para-las-zonas-frias-da-respuesta-a-una-demanda-historica\/#primaryimage\",\"url\":\"https:\/\/infoecos.com.ar\/wp-content\/uploads\/2021\/05\/magariokirchner.jpg\",\"contentUrl\":\"https:\/\/infoecos.com.ar\/wp-content\/uploads\/2021\/05\/magariokirchner.jpg\",\"width\":1280,\"height\":853},{\"@type\":\"BreadcrumbList\",\"@id\":\"https:\/\/infoecos.com.ar\/index.php\/la-vicegobernadora-veronica-magario-dijo-que-la-tarifa-de-gas-para-las-zonas-frias-da-respuesta-a-una-demanda-historica\/#breadcrumb\",\"itemListElement\":[{\"@type\":\"ListItem\",\"position\":1,\"name\":\"Portada\",\"item\":\"https:\/\/infoecos.com.ar\/\"},{\"@type\":\"ListItem\",\"position\":2,\"name\":\"La vicegobernadora Ver\u00f3nica Magario dijo que la tarifa de gas para las Zonas Fr\u00edas da respuesta a \u00abuna demanda hist\u00f3rica\u00bb\"}]},{\"@type\":\"WebSite\",\"@id\":\"https:\/\/infoecos.com.ar\/#website\",\"url\":\"https:\/\/infoecos.com.ar\/\",\"name\":\"Infoecos\",\"description\":\"Noticias de trenque lauquen y la zona\",\"publisher\":{\"@id\":\"https:\/\/infoecos.com.ar\/#organization\"},\"alternateName\":\"Noticias\",\"potentialAction\":[{\"@type\":\"SearchAction\",\"target\":{\"@type\":\"EntryPoint\",\"urlTemplate\":\"https:\/\/infoecos.com.ar\/?s={search_term_string}\"},\"query-input\":{\"@type\":\"PropertyValueSpecification\",\"valueRequired\":true,\"valueName\":\"search_term_string\"}}],\"inLanguage\":\"es\"},{\"@type\":\"Organization\",\"@id\":\"https:\/\/infoecos.com.ar\/#organization\",\"name\":\"Infoecos\",\"alternateName\":\"Noticias\",\"url\":\"https:\/\/infoecos.com.ar\/\",\"logo\":{\"@type\":\"ImageObject\",\"inLanguage\":\"es\",\"@id\":\"https:\/\/infoecos.com.ar\/#\/schema\/logo\/image\/\",\"url\":\"https:\/\/infoecos.com.ar\/wp-content\/uploads\/2024\/03\/cropped-logo.png\",\"contentUrl\":\"https:\/\/infoecos.com.ar\/wp-content\/uploads\/2024\/03\/cropped-logo.png\",\"width\":374,\"height\":90,\"caption\":\"Infoecos\"},\"image\":{\"@id\":\"https:\/\/infoecos.com.ar\/#\/schema\/logo\/image\/\"},\"sameAs\":[\"https:\/\/www.facebook.com\/profile.php?id=100063200290284\",\"https:\/\/x.com\/infoecos\"]},{\"@type\":\"Person\",\"@id\":\"https:\/\/infoecos.com.ar\/#\/schema\/person\/8f5ace5ce73b4b4aac4b7245aee6f191\",\"name\":\"Jorge Matheus\",\"url\":\"https:\/\/infoecos.com.ar\/index.php\/author\/jomatheus\/\"}]}<\/script>\n<!-- \/ Yoast SEO plugin. -->","yoast_head_json":{"title":"La vicegobernadora Ver\u00f3nica Magario dijo que la tarifa de gas para las Zonas Fr\u00edas da respuesta a \"una demanda hist\u00f3rica\" - Infoecos","robots":{"index":"index","follow":"follow","max-snippet":"max-snippet:-1","max-image-preview":"max-image-preview:large","max-video-preview":"max-video-preview:-1"},"canonical":"https:\/\/infoecos.com.ar\/index.php\/la-vicegobernadora-veronica-magario-dijo-que-la-tarifa-de-gas-para-las-zonas-frias-da-respuesta-a-una-demanda-historica\/","og_locale":"es_ES","og_type":"article","og_title":"La vicegobernadora Ver\u00f3nica Magario dijo que la tarifa de gas para las Zonas Fr\u00edas da respuesta a \"una demanda hist\u00f3rica\" - Infoecos","og_description":"Magario celebr\u00f3 la iniciativa e hizo hincapi\u00e9 en que el beneficio incluye a m\u00e1s de 50 distritos de la provincia de Buenos Aires \u201ccomo un primer paso hacia un esquema de servicios p\u00fablicos accesibles\u201d","og_url":"https:\/\/infoecos.com.ar\/index.php\/la-vicegobernadora-veronica-magario-dijo-que-la-tarifa-de-gas-para-las-zonas-frias-da-respuesta-a-una-demanda-historica\/","og_site_name":"Infoecos","article_publisher":"https:\/\/www.facebook.com\/profile.php?id=100063200290284","article_published_time":"2021-05-15T19:42:30+00:00","article_modified_time":"2021-05-19T04:18:41+00:00","og_image":[{"width":1280,"height":853,"url":"https:\/\/infoecos.com.ar\/wp-content\/uploads\/2021\/05\/magariokirchner.jpg","type":"image\/jpeg"}],"author":"Jorge Matheus","twitter_card":"summary_large_image","twitter_creator":"@infoecos","twitter_site":"@infoecos","twitter_misc":{"Escrito por":"Jorge Matheus","Tiempo de lectura":"1 minuto"},"schema":{"@context":"https:\/\/schema.org","@graph":[{"@type":"Article","@id":"https:\/\/infoecos.com.ar\/index.php\/la-vicegobernadora-veronica-magario-dijo-que-la-tarifa-de-gas-para-las-zonas-frias-da-respuesta-a-una-demanda-historica\/#article","isPartOf":{"@id":"https:\/\/infoecos.com.ar\/index.php\/la-vicegobernadora-veronica-magario-dijo-que-la-tarifa-de-gas-para-las-zonas-frias-da-respuesta-a-una-demanda-historica\/"},"author":{"name":"Jorge Matheus","@id":"https:\/\/infoecos.com.ar\/#\/schema\/person\/8f5ace5ce73b4b4aac4b7245aee6f191"},"headline":"La vicegobernadora Ver\u00f3nica Magario dijo que la tarifa de gas para las Zonas Fr\u00edas da respuesta a \u00abuna demanda hist\u00f3rica\u00bb","datePublished":"2021-05-15T19:42:30+00:00","dateModified":"2021-05-19T04:18:41+00:00","mainEntityOfPage":{"@id":"https:\/\/infoecos.com.ar\/index.php\/la-vicegobernadora-veronica-magario-dijo-que-la-tarifa-de-gas-para-las-zonas-frias-da-respuesta-a-una-demanda-historica\/"},"wordCount":305,"publisher":{"@id":"https:\/\/infoecos.com.ar\/#organization"},"image":{"@id":"https:\/\/infoecos.com.ar\/index.php\/la-vicegobernadora-veronica-magario-dijo-que-la-tarifa-de-gas-para-las-zonas-frias-da-respuesta-a-una-demanda-historica\/#primaryimage"},"thumbnailUrl":"https:\/\/infoecos.com.ar\/wp-content\/uploads\/2021\/05\/magariokirchner.jpg","keywords":["BENEFICIO PARA INTERIOR BONAERENSE"],"articleSection":["Bloque inferior - 12"],"inLanguage":"es"},{"@type":"WebPage","@id":"https:\/\/infoecos.com.ar\/index.php\/la-vicegobernadora-veronica-magario-dijo-que-la-tarifa-de-gas-para-las-zonas-frias-da-respuesta-a-una-demanda-historica\/","url":"https:\/\/infoecos.com.ar\/index.php\/la-vicegobernadora-veronica-magario-dijo-que-la-tarifa-de-gas-para-las-zonas-frias-da-respuesta-a-una-demanda-historica\/","name":"La vicegobernadora Ver\u00f3nica Magario dijo que la tarifa de gas para las Zonas Fr\u00edas da respuesta a \"una demanda hist\u00f3rica\" - Infoecos","isPartOf":{"@id":"https:\/\/infoecos.com.ar\/#website"},"primaryImageOfPage":{"@id":"https:\/\/infoecos.com.ar\/index.php\/la-vicegobernadora-veronica-magario-dijo-que-la-tarifa-de-gas-para-las-zonas-frias-da-respuesta-a-una-demanda-historica\/#primaryimage"},"image":{"@id":"https:\/\/infoecos.com.ar\/index.php\/la-vicegobernadora-veronica-magario-dijo-que-la-tarifa-de-gas-para-las-zonas-frias-da-respuesta-a-una-demanda-historica\/#primaryimage"},"thumbnailUrl":"https:\/\/infoecos.com.ar\/wp-content\/uploads\/2021\/05\/magariokirchner.jpg","datePublished":"2021-05-15T19:42:30+00:00","dateModified":"2021-05-19T04:18:41+00:00","breadcrumb":{"@id":"https:\/\/infoecos.com.ar\/index.php\/la-vicegobernadora-veronica-magario-dijo-que-la-tarifa-de-gas-para-las-zonas-frias-da-respuesta-a-una-demanda-historica\/#breadcrumb"},"inLanguage":"es","potentialAction":[{"@type":"ReadAction","target":["https:\/\/infoecos.com.ar\/index.php\/la-vicegobernadora-veronica-magario-dijo-que-la-tarifa-de-gas-para-las-zonas-frias-da-respuesta-a-una-demanda-historica\/"]}]},{"@type":"ImageObject","inLanguage":"es","@id":"https:\/\/infoecos.com.ar\/index.php\/la-vicegobernadora-veronica-magario-dijo-que-la-tarifa-de-gas-para-las-zonas-frias-da-respuesta-a-una-demanda-historica\/#primaryimage","url":"https:\/\/infoecos.com.ar\/wp-content\/uploads\/2021\/05\/magariokirchner.jpg","contentUrl":"https:\/\/infoecos.com.ar\/wp-content\/uploads\/2021\/05\/magariokirchner.jpg","width":1280,"height":853},{"@type":"BreadcrumbList","@id":"https:\/\/infoecos.com.ar\/index.php\/la-vicegobernadora-veronica-magario-dijo-que-la-tarifa-de-gas-para-las-zonas-frias-da-respuesta-a-una-demanda-historica\/#breadcrumb","itemListElement":[{"@type":"ListItem","position":1,"name":"Portada","item":"https:\/\/infoecos.com.ar\/"},{"@type":"ListItem","position":2,"name":"La vicegobernadora Ver\u00f3nica Magario dijo que la tarifa de gas para las Zonas Fr\u00edas da respuesta a \u00abuna demanda hist\u00f3rica\u00bb"}]},{"@type":"WebSite","@id":"https:\/\/infoecos.com.ar\/#website","url":"https:\/\/infoecos.com.ar\/","name":"Infoecos","description":"Noticias de trenque lauquen y la zona","publisher":{"@id":"https:\/\/infoecos.com.ar\/#organization"},"alternateName":"Noticias","potentialAction":[{"@type":"SearchAction","target":{"@type":"EntryPoint","urlTemplate":"https:\/\/infoecos.com.ar\/?s={search_term_string}"},"query-input":{"@type":"PropertyValueSpecification","valueRequired":true,"valueName":"search_term_string"}}],"inLanguage":"es"},{"@type":"Organization","@id":"https:\/\/infoecos.com.ar\/#organization","name":"Infoecos","alternateName":"Noticias","url":"https:\/\/infoecos.com.ar\/","logo":{"@type":"ImageObject","inLanguage":"es","@id":"https:\/\/infoecos.com.ar\/#\/schema\/logo\/image\/","url":"https:\/\/infoecos.com.ar\/wp-content\/uploads\/2024\/03\/cropped-logo.png","contentUrl":"https:\/\/infoecos.com.ar\/wp-content\/uploads\/2024\/03\/cropped-logo.png","width":374,"height":90,"caption":"Infoecos"},"image":{"@id":"https:\/\/infoecos.com.ar\/#\/schema\/logo\/image\/"},"sameAs":["https:\/\/www.facebook.com\/profile.php?id=100063200290284","https:\/\/x.com\/infoecos"]},{"@type":"Person","@id":"https:\/\/infoecos.com.ar\/#\/schema\/person\/8f5ace5ce73b4b4aac4b7245aee6f191","name":"Jorge Matheus","url":"https:\/\/infoecos.com.ar\/index.php\/author\/jomatheus\/"}]}},"featured_image_urls":{"full":["https:\/\/infoecos.com.ar\/wp-content\/uploads\/2021\/05\/magariokirchner.jpg",1280,853,false],"thumbnail":["https:\/\/infoecos.com.ar\/wp-content\/uploads\/2021\/05\/magariokirchner-150x150.jpg",150,150,true],"medium":["https:\/\/infoecos.com.ar\/wp-content\/uploads\/2021\/05\/magariokirchner-460x307.jpg",460,307,true],"medium_large":["https:\/\/infoecos.com.ar\/wp-content\/uploads\/2021\/05\/magariokirchner-768x512.jpg",640,427,true],"large":["https:\/\/infoecos.com.ar\/wp-content\/uploads\/2021\/05\/magariokirchner-920x613.jpg",640,426,true],"1536x1536":["https:\/\/infoecos.com.ar\/wp-content\/uploads\/2021\/05\/magariokirchner.jpg",1280,853,false],"2048x2048":["https:\/\/infoecos.com.ar\/wp-content\/uploads\/2021\/05\/magariokirchner.jpg",1280,853,false],"covernews-slider-full":["https:\/\/infoecos.com.ar\/wp-content\/uploads\/2021\/05\/magariokirchner.jpg",1073,715,false],"covernews-slider-center":["https:\/\/infoecos.com.ar\/wp-content\/uploads\/2021\/05\/magariokirchner-936x853.jpg",549,500,true],"covernews-featured":["https:\/\/infoecos.com.ar\/wp-content\/uploads\/2021\/05\/magariokirchner-1024x682.jpg",1024,682,true],"covernews-medium":["https:\/\/infoecos.com.ar\/wp-content\/uploads\/2021\/05\/magariokirchner-720x380.jpg",540,285,true],"covernews-medium-square":["https:\/\/infoecos.com.ar\/wp-content\/uploads\/2021\/05\/magariokirchner-675x450.jpg",375,250,true]},"author_info":{"info":["Jorge Matheus"]},"category_info":"<a href=\"https:\/\/infoecos.com.ar\/index.php\/category\/inferior12\/\" rel=\"category tag\">Bloque inferior - 12<\/a>","tag_info":"Bloque inferior - 12","comment_count":"0","_links":{"self":[{"href":"https:\/\/infoecos.com.ar\/index.php\/wp-json\/wp\/v2\/posts\/78119"}],"collection":[{"href":"https:\/\/infoecos.com.ar\/index.php\/wp-json\/wp\/v2\/posts"}],"about":[{"href":"https:\/\/infoecos.com.ar\/index.php\/wp-json\/wp\/v2\/types\/post"}],"author":[{"embeddable":true,"href":"https:\/\/infoecos.com.ar\/index.php\/wp-json\/wp\/v2\/users\/2"}],"replies":[{"embeddable":true,"href":"https:\/\/infoecos.com.ar\/index.php\/wp-json\/wp\/v2\/comments?post=78119"}],"version-history":[{"count":1,"href":"https:\/\/infoecos.com.ar\/index.php\/wp-json\/wp\/v2\/posts\/78119\/revisions"}],"predecessor-version":[{"id":78122,"href":"https:\/\/infoecos.com.ar\/index.php\/wp-json\/wp\/v2\/posts\/78119\/revisions\/78122"}],"wp:featuredmedia":[{"embeddable":true,"href":"https:\/\/infoecos.com.ar\/index.php\/wp-json\/wp\/v2\/media\/78120"}],"wp:attachment":[{"href":"https:\/\/infoecos.com.ar\/index.php\/wp-json\/wp\/v2\/media?parent=78119"}],"wp:term":[{"taxonomy":"category","embeddable":true,"href":"https:\/\/infoecos.com.ar\/index.php\/wp-json\/wp\/v2\/categories?post=78119"},{"taxonomy":"post_tag","embeddable":true,"href":"https:\/\/infoecos.com.ar\/index.php\/wp-json\/wp\/v2\/tags?post=78119"}],"curies":[{"name":"wp","href":"https:\/\/api.w.org\/{rel}","templated":true}]}}