{"id":78130,"date":"2021-05-16T00:31:06","date_gmt":"2021-05-16T03:31:06","guid":{"rendered":"http:\/\/infoecos.com.ar\/?p=78130"},"modified":"2021-05-19T01:17:56","modified_gmt":"2021-05-19T04:17:56","slug":"sotullo-lanz-destaco-el-proyecto-de-zonas-frias-y-recordo-gestiones-para-incluirla-en-la-region-patagonica","status":"publish","type":"post","link":"https:\/\/infoecos.com.ar\/index.php\/sotullo-lanz-destaco-el-proyecto-de-zonas-frias-y-recordo-gestiones-para-incluirla-en-la-region-patagonica\/","title":{"rendered":"Sotullo Lanz destac\u00f3 el proyecto de \u00abZonas Fr\u00edas\u00bb y record\u00f3 gestiones para incluirla en la regi\u00f3n patag\u00f3nica"},"content":{"rendered":"\n<p class=\"wp-block-paragraph\">El presidente del bloque de concejales del Frente de Todos de Trenque Lauquen, doctor Mart\u00edn Sotullo, en di\u00e1logo con la redacci\u00f3n de Infoecos reiter\u00f3 lo manifestado a otros medios de la ciudad cabecera del distrito en torno al denominado proyecto \u00abZonas Fr\u00edas\u00bb que fue presentado la semana anterior y que de aprobarse beneficiar\u00e1 a 50 distritos de la provincia de Buenos Aires, entre otros <strong>Tres Lomas, Carlos Tejedor, Pellegrini, Salliquel\u00f3, Guamin\u00ed, Pehuaj\u00f3, Rivadavia, General Villegas<\/strong> y <strong>Trenque Lauquen.<\/strong><\/p>\n\n\n\n<div class=\"wp-block-image\"><figure class=\"aligncenter size-medium\"><img loading=\"lazy\" decoding=\"async\" width=\"460\" height=\"345\" src=\"http:\/\/infoecos.com.ar\/wp-content\/uploads\/2021\/05\/sotullolanz-460x345.jpg\" alt=\"\" class=\"wp-image-78131\" srcset=\"https:\/\/infoecos.com.ar\/wp-content\/uploads\/2021\/05\/sotullolanz-460x345.jpg 460w, https:\/\/infoecos.com.ar\/wp-content\/uploads\/2021\/05\/sotullolanz.jpg 512w\" sizes=\"auto, (max-width: 460px) 100vw, 460px\" \/><\/figure><\/div>\n\n\n\n<p class=\"wp-block-paragraph\">Como se ha venido publicando en nuestro sitio  el proyecto cont\u00f3 con el respaldo de un alto porcentaje de los legisladores nacionales, y fue comunicado a la sociedad durante una reuni\u00f3n que se concret\u00f3 el jueves por M\u00e1ximo Kirchner, presidente del bloque de diputados nacionales del Frente de Todos. Beneficiar\u00eda a m\u00e1s de 3 millones de argentinos con una posible disminuci\u00f3n del 30% y 50% sobre las facturas de gas.<\/p>\n\n\n\n<div class=\"wp-block-image\"><figure class=\"aligncenter size-large\"><img loading=\"lazy\" decoding=\"async\" width=\"390\" height=\"390\" src=\"http:\/\/infoecos.com.ar\/wp-content\/uploads\/2021\/05\/sotullolanzycfk.jpg\" alt=\"\" class=\"wp-image-78132\" srcset=\"https:\/\/infoecos.com.ar\/wp-content\/uploads\/2021\/05\/sotullolanzycfk.jpg 390w, https:\/\/infoecos.com.ar\/wp-content\/uploads\/2021\/05\/sotullolanzycfk-150x150.jpg 150w\" sizes=\"auto, (max-width: 390px) 100vw, 390px\" \/><\/figure><\/div>\n\n\n\n<p class=\"wp-block-paragraph\">Sotullo Lanz destac\u00f3 que \u00abes un viejo anhelo que tienen numerosas regiones del pa\u00eds y se mostr\u00f3 confiado en que Respecto de este proyecto ingresado al Congreso el concejal y presidente del Bloque del Frente de Todos de Trenque Lauquen, Mart\u00edn Sotullo Lanz, destac\u00f3 que \u201ces un viejo anhelo que tienen numerosas regiones del pa\u00eds\u201d y se mostr\u00f3 confiado en \u201cque pueda ser aprobado por las dos c\u00e1maras y convertirse en Ley\u201d. Se mostr\u00f3 esperanzado que \u201csi bien es un proyecto que ingres\u00f3 reci\u00e9n, creo que va a tener tratamiento positivo en las dos c\u00e1maras\u201d.<\/p>\n\n\n\n<p class=\"wp-block-paragraph\">\u201cComo cuerpo hemos peticionado en numerosas oportunidades sobre la posibilidad de contemplar a Trenque Lauquen en lo que se denomina zona patag\u00f3nica\u201d, puntualiz\u00f3.<\/p>\n\n\n\n<p class=\"wp-block-paragraph\"><\/p>\n\n\n\n<p class=\"wp-block-paragraph\"><\/p>\n\n\n\n<p class=\"wp-block-paragraph\"><\/p>\n\n\n\n<p class=\"wp-block-paragraph\"><\/p>\n\n\n\n<p class=\"wp-block-paragraph\"><\/p>\n\n\n\n<p class=\"wp-block-paragraph\"><\/p>\n","protected":false},"excerpt":{"rendered":"<p>Se beneficiar\u00edan entre otros distritos: Tres Lomas, Carlos Tejedor, Pellegrini, Salliquel\u00f3, Guamin\u00ed, Pehuaj\u00f3, Rivadavia, General Villegas y Trenque Lauquen<\/p>\n","protected":false},"author":2,"featured_media":78133,"comment_status":"closed","ping_status":"open","sticky":false,"template":"","format":"standard","meta":{"footnotes":""},"categories":[1331],"tags":[3673],"class_list":["post-78130","post","type-post","status-publish","format-standard","has-post-thumbnail","hentry","category-inferior11","tag-el-fdt-confiado-con-su-aprobacion"],"featured_image_urls":{"full":["https:\/\/infoecos.com.ar\/wp-content\/uploads\/2021\/05\/sotullolanz-1.jpg",512,384,false],"thumbnail":["https:\/\/infoecos.com.ar\/wp-content\/uploads\/2021\/05\/sotullolanz-1-150x150.jpg",150,150,true],"medium":["https:\/\/infoecos.com.ar\/wp-content\/uploads\/2021\/05\/sotullolanz-1-460x345.jpg",460,345,true],"medium_large":["https:\/\/infoecos.com.ar\/wp-content\/uploads\/2021\/05\/sotullolanz-1.jpg",512,384,false],"large":["https:\/\/infoecos.com.ar\/wp-content\/uploads\/2021\/05\/sotullolanz-1.jpg",512,384,false],"1536x1536":["https:\/\/infoecos.com.ar\/wp-content\/uploads\/2021\/05\/sotullolanz-1.jpg",512,384,false],"2048x2048":["https:\/\/infoecos.com.ar\/wp-content\/uploads\/2021\/05\/sotullolanz-1.jpg",512,384,false],"covernews-slider-full":["https:\/\/infoecos.com.ar\/wp-content\/uploads\/2021\/05\/sotullolanz-1.jpg",512,384,false],"covernews-slider-center":["https:\/\/infoecos.com.ar\/wp-content\/uploads\/2021\/05\/sotullolanz-1.jpg",512,384,false],"covernews-featured":["https:\/\/infoecos.com.ar\/wp-content\/uploads\/2021\/05\/sotullolanz-1.jpg",512,384,false],"covernews-medium":["https:\/\/infoecos.com.ar\/wp-content\/uploads\/2021\/05\/sotullolanz-1-512x380.jpg",458,340,true],"covernews-medium-square":["https:\/\/infoecos.com.ar\/wp-content\/uploads\/2021\/05\/sotullolanz-1.jpg",333,250,false]},"author_info":{"info":["Jorge Matheus"]},"category_info":"<a href=\"https:\/\/infoecos.com.ar\/index.php\/category\/inferior11\/\" rel=\"category tag\">Bloque inferior - 11<\/a>","tag_info":"Bloque inferior - 11","comment_count":"0","_links":{"self":[{"href":"https:\/\/infoecos.com.ar\/index.php\/wp-json\/wp\/v2\/posts\/78130","targetHints":{"allow":["GET"]}}],"collection":[{"href":"https:\/\/infoecos.com.ar\/index.php\/wp-json\/wp\/v2\/posts"}],"about":[{"href":"https:\/\/infoecos.com.ar\/index.php\/wp-json\/wp\/v2\/types\/post"}],"author":[{"embeddable":true,"href":"https:\/\/infoecos.com.ar\/index.php\/wp-json\/wp\/v2\/users\/2"}],"replies":[{"embeddable":true,"href":"https:\/\/infoecos.com.ar\/index.php\/wp-json\/wp\/v2\/comments?post=78130"}],"version-history":[{"count":1,"href":"https:\/\/infoecos.com.ar\/index.php\/wp-json\/wp\/v2\/posts\/78130\/revisions"}],"predecessor-version":[{"id":78134,"href":"https:\/\/infoecos.com.ar\/index.php\/wp-json\/wp\/v2\/posts\/78130\/revisions\/78134"}],"wp:featuredmedia":[{"embeddable":true,"href":"https:\/\/infoecos.com.ar\/index.php\/wp-json\/wp\/v2\/media\/78133"}],"wp:attachment":[{"href":"https:\/\/infoecos.com.ar\/index.php\/wp-json\/wp\/v2\/media?parent=78130"}],"wp:term":[{"taxonomy":"category","embeddable":true,"href":"https:\/\/infoecos.com.ar\/index.php\/wp-json\/wp\/v2\/categories?post=78130"},{"taxonomy":"post_tag","embeddable":true,"href":"https:\/\/infoecos.com.ar\/index.php\/wp-json\/wp\/v2\/tags?post=78130"}],"curies":[{"name":"wp","href":"https:\/\/api.w.org\/{rel}","templated":true}]}}