{"id":78148,"date":"2021-05-16T01:15:41","date_gmt":"2021-05-16T04:15:41","guid":{"rendered":"http:\/\/infoecos.com.ar\/?p=78148"},"modified":"2021-05-16T01:15:46","modified_gmt":"2021-05-16T04:15:46","slug":"otros-561-nuevos-casos-de-coronavirus-y-cinco-muertes-en-la-provincia-de-la-pampa","status":"publish","type":"post","link":"https:\/\/infoecos.com.ar\/index.php\/otros-561-nuevos-casos-de-coronavirus-y-cinco-muertes-en-la-provincia-de-la-pampa\/","title":{"rendered":"Otros 561 nuevos casos de coronavirus y cinco muertes en la provincia de La Pampa"},"content":{"rendered":"\n<p class=\"wp-block-paragraph\">El Ministerio de Salud de la provincia confirm\u00f3 este s\u00e1bado<strong>&nbsp;otros 561 nuevos casos de coronavirus<\/strong>&nbsp;en La Pampa. Adem\u00e1s sumaron otras cinco muertes durante las \u00faltimas 24 horas,&nbsp;<strong>entre ellas la de una joven de 22 a\u00f1os de General Pico.<\/strong><\/p>\n\n\n\n<p class=\"wp-block-paragraph\">Los otros fallecimientos registrados fueron una mujer de 71 a\u00f1os de Embajador Martini, dos hombres de La Adela de 91 y 63 a\u00f1os y otro vecino de Macach\u00edn de 75.<\/p>\n\n\n\n<div class=\"wp-block-image\"><figure class=\"aligncenter size-medium\"><img loading=\"lazy\" decoding=\"async\" width=\"460\" height=\"259\" src=\"http:\/\/infoecos.com.ar\/wp-content\/uploads\/2021\/01\/coronaviruslapampa-460x259.jpg\" alt=\"\" class=\"wp-image-72209\" srcset=\"https:\/\/infoecos.com.ar\/wp-content\/uploads\/2021\/01\/coronaviruslapampa-460x259.jpg 460w, https:\/\/infoecos.com.ar\/wp-content\/uploads\/2021\/01\/coronaviruslapampa-768x433.jpg 768w, https:\/\/infoecos.com.ar\/wp-content\/uploads\/2021\/01\/coronaviruslapampa.jpg 900w\" sizes=\"auto, (max-width: 460px) 100vw, 460px\" \/><\/figure><\/div>\n\n\n\n<p class=\"wp-block-paragraph\">El indice de positividad, sobre las 2366 muestras analizadas se ubica en el 23,7%.<\/p>\n\n\n\n<p class=\"wp-block-paragraph\">Del total de nuevos contagios, 179 residen en Santa Rosa, 137 en General Pico, 46 en Toay, 24 en Eduardo Castex, 18 en Realic\u00f3, 17 en Ingeniero Luiggi, 16 en Quem\u00fa Quem\u00fa, 13 en Macach\u00edn, 10 en Trenel, 10 en Doblas, 9 en 25 de Mayo, 9 en Guatrach\u00e9, 8 en Intendente Alvear, 8 en General Acha, 6 en Anguil, 6 en Jacinto Arauz, 5 en Colonia Bar\u00f3n, 5 en Parera, 4 en Alta Italia, 4 en Falucho, 3 en Santa Isabel, 3 en Dorila, 2 en Victorica, 2 en Catril\u00f3, 2 en La Adela, 2 en Agustoni, 2 en Ceballos, 2 en La Reforma, 1 en Lonquimay, 1 en Conhello, 1 en Speluzzi, 1 en Miguel Riglos, 1 en Arata, 1 en Puelches, 1 en Quetrequ\u00e9n, 1 en Abramo y 1 en Per\u00fa.<\/p>\n\n\n\n<p class=\"wp-block-paragraph\">Son 92 de esos 561 los que se encontraban aislados por ser considerados contactos estrechos.\u00a0<strong>De 2.366\u00a0 muestras analizadas en toda la provincia, 1.124 fueron por test r\u00e1pidos y 1.242 por PCR.<\/strong><\/p>\n\n\n\n<p class=\"wp-block-paragraph\"><strong>Fuente textual: eldiariodelapampa.com.ar<\/strong><\/p>\n","protected":false},"excerpt":{"rendered":"<p>El indice de positividad, sobre las 2366 muestras analizadas se ubica en el 23,7%<\/p>\n","protected":false},"author":2,"featured_media":72209,"comment_status":"closed","ping_status":"open","sticky":false,"template":"","format":"standard","meta":{"footnotes":""},"categories":[51],"tags":[156],"class_list":["post-78148","post","type-post","status-publish","format-standard","has-post-thumbnail","hentry","category-c2nota4","tag-salud"],"featured_image_urls":{"full":["https:\/\/infoecos.com.ar\/wp-content\/uploads\/2021\/01\/coronaviruslapampa.jpg",900,507,false],"thumbnail":["https:\/\/infoecos.com.ar\/wp-content\/uploads\/2021\/01\/coronaviruslapampa-150x150.jpg",150,150,true],"medium":["https:\/\/infoecos.com.ar\/wp-content\/uploads\/2021\/01\/coronaviruslapampa-460x259.jpg",460,259,true],"medium_large":["https:\/\/infoecos.com.ar\/wp-content\/uploads\/2021\/01\/coronaviruslapampa-768x433.jpg",640,361,true],"large":["https:\/\/infoecos.com.ar\/wp-content\/uploads\/2021\/01\/coronaviruslapampa.jpg",640,361,false],"1536x1536":["https:\/\/infoecos.com.ar\/wp-content\/uploads\/2021\/01\/coronaviruslapampa.jpg",900,507,false],"2048x2048":["https:\/\/infoecos.com.ar\/wp-content\/uploads\/2021\/01\/coronaviruslapampa.jpg",900,507,false],"covernews-slider-full":["https:\/\/infoecos.com.ar\/wp-content\/uploads\/2021\/01\/coronaviruslapampa.jpg",900,507,false],"covernews-slider-center":["https:\/\/infoecos.com.ar\/wp-content\/uploads\/2021\/01\/coronaviruslapampa.jpg",800,451,false],"covernews-featured":["https:\/\/infoecos.com.ar\/wp-content\/uploads\/2021\/01\/coronaviruslapampa.jpg",900,507,false],"covernews-medium":["https:\/\/infoecos.com.ar\/wp-content\/uploads\/2021\/01\/coronaviruslapampa-720x380.jpg",540,285,true],"covernews-medium-square":["https:\/\/infoecos.com.ar\/wp-content\/uploads\/2021\/01\/coronaviruslapampa-675x450.jpg",375,250,true]},"author_info":{"info":["Jorge Matheus"]},"category_info":"<a href=\"https:\/\/infoecos.com.ar\/index.php\/category\/c2nota4\/\" rel=\"category tag\">C2 N4<\/a>","tag_info":"C2 N4","comment_count":"0","_links":{"self":[{"href":"https:\/\/infoecos.com.ar\/index.php\/wp-json\/wp\/v2\/posts\/78148","targetHints":{"allow":["GET"]}}],"collection":[{"href":"https:\/\/infoecos.com.ar\/index.php\/wp-json\/wp\/v2\/posts"}],"about":[{"href":"https:\/\/infoecos.com.ar\/index.php\/wp-json\/wp\/v2\/types\/post"}],"author":[{"embeddable":true,"href":"https:\/\/infoecos.com.ar\/index.php\/wp-json\/wp\/v2\/users\/2"}],"replies":[{"embeddable":true,"href":"https:\/\/infoecos.com.ar\/index.php\/wp-json\/wp\/v2\/comments?post=78148"}],"version-history":[{"count":1,"href":"https:\/\/infoecos.com.ar\/index.php\/wp-json\/wp\/v2\/posts\/78148\/revisions"}],"predecessor-version":[{"id":78149,"href":"https:\/\/infoecos.com.ar\/index.php\/wp-json\/wp\/v2\/posts\/78148\/revisions\/78149"}],"wp:featuredmedia":[{"embeddable":true,"href":"https:\/\/infoecos.com.ar\/index.php\/wp-json\/wp\/v2\/media\/72209"}],"wp:attachment":[{"href":"https:\/\/infoecos.com.ar\/index.php\/wp-json\/wp\/v2\/media?parent=78148"}],"wp:term":[{"taxonomy":"category","embeddable":true,"href":"https:\/\/infoecos.com.ar\/index.php\/wp-json\/wp\/v2\/categories?post=78148"},{"taxonomy":"post_tag","embeddable":true,"href":"https:\/\/infoecos.com.ar\/index.php\/wp-json\/wp\/v2\/tags?post=78148"}],"curies":[{"name":"wp","href":"https:\/\/api.w.org\/{rel}","templated":true}]}}