{"id":78152,"date":"2021-05-17T00:08:45","date_gmt":"2021-05-17T03:08:45","guid":{"rendered":"http:\/\/infoecos.com.ar\/?p=78152"},"modified":"2021-05-17T00:08:51","modified_gmt":"2021-05-17T03:08:51","slug":"el-reporte-del-domingo-en-trenque-lauquen-reflejo-que-el-covid-19-no-da-ninguna-tregua","status":"publish","type":"post","link":"https:\/\/infoecos.com.ar\/index.php\/el-reporte-del-domingo-en-trenque-lauquen-reflejo-que-el-covid-19-no-da-ninguna-tregua\/","title":{"rendered":"El reporte del domingo en Trenque Lauquen reflej\u00f3 que el COVID-19 no da ninguna tregua"},"content":{"rendered":"\n<p class=\"wp-block-paragraph\">Sesenta y cuatro (64) nuevos casos confirmados de Covid-19, la mayor\u00eda, 46, por criterio o nexo epidemiol\u00f3gico seg\u00fan protocolo actualizado vigente, y 18 por hisopado; un (1) deceso; 37 personas recuperadas m\u00e1s; 40 casos descartados; 15 casos sospechosos y 577 personas en aislamiento, fueron reportadas este domingo por la subsecretar\u00eda de Salud municipal de Trenque Lauquen, siendo ahora 566 los casos activos en el distrito.<\/p>\n\n\n\n<div class=\"wp-block-image\"><figure class=\"aligncenter size-medium\"><img decoding=\"async\" src=\"http:\/\/infoecos.com.ar\/wp-content\/uploads\/Arco-de-acceso-2-460x307.jpg\" alt=\"\" class=\"wp-image-45997\"\/><figcaption>Trenque Lauquen &#8211; Arco de acceso<\/figcaption><\/figure><\/div>\n\n\n\n<p class=\"wp-block-paragraph\">De los 64 nuevos casos positivos, 60 pertenecen a Trenque Lauquen y cuatro (4) a Treinta de Agosto, mientras que del total de 566 casos activos, 501 corresponden a la ciudad cabecera, 38 a Treinta de Agosto y 27 a Beruti: 40 se encuentran internados en el Hospital Municipal, cuatro (4) en el Centro Extrahospitalario que funciona en el ex Hotel Pailla Hu\u00e9 y 522 en sus domicilios particulares.<\/p>\n\n\n\n<p class=\"wp-block-paragraph\">La 79a persona fallecida desde que comenz\u00f3 la pandemia en marzo del a\u00f1o pasado hasta la fecha es un hombre de 68 a\u00f1os, de Trenque Lauquen, asm\u00e1tico y con comorbilidades que ingres\u00f3 al Hospital municipal el 10 de mayo pasado con diagn\u00f3stico de positivo.<\/p>\n\n\n\n<p class=\"wp-block-paragraph\">Treinta tres (33) de las 37 personas recuperadas en las \u00faltimas 24 horas son de Trenque Lauquen y las otras cuatro (4) de Treinta de Agosto, ascendiendo a 4.506 las que recibieron el alta desde marzo de 2020. En ese mismo per\u00edodo fueron descartados 9.608 casos, incluidos los 40 de hoy, 38 de la ciudad cabecera y dos (2) de Treinta de Agosto.<\/p>\n\n\n\n<p class=\"wp-block-paragraph\">Ayer quedaban 15 casos sospechosos, todos de Trenque Lauquen, y 577 personas en aislamiento, 525 de la ciudad cabecera, 43 de Treinta de Agosto y nueve (9) de Beruti.<\/p>\n","protected":false},"excerpt":{"rendered":"<p>De los 64 nuevos casos positivos, 60 pertenecen a Trenque Lauquen y cuatro (4) a Treinta de Agosto, mientras que del total de 566 casos activos, 501 corresponden a la ciudad cabecera, 38 a Treinta de Agosto y 27 a Beruti: 40 se encuentran internados en el Hospital Municipal, cuatro (4) en el Centro Extrahospitalario que funciona en el ex Hotel Pailla Hu\u00e9 y 522 en sus domicilios particulares<\/p>\n","protected":false},"author":2,"featured_media":45997,"comment_status":"closed","ping_status":"open","sticky":false,"template":"","format":"standard","meta":{"footnotes":""},"categories":[1612],"tags":[3675],"class_list":["post-78152","post","type-post","status-publish","format-standard","has-post-thumbnail","hentry","category-noticia-principal","tag-aumento-de-casos-y-un-fallecido"],"featured_image_urls":{"full":"","thumbnail":"","medium":"","medium_large":"","large":"","1536x1536":"","2048x2048":"","covernews-slider-full":"","covernews-slider-center":"","covernews-featured":"","covernews-medium":"","covernews-medium-square":""},"author_info":{"info":["Jorge Matheus"]},"category_info":"<a href=\"https:\/\/infoecos.com.ar\/index.php\/category\/noticia-principal\/\" rel=\"category tag\">Noticia Principal<\/a>","tag_info":"Noticia Principal","comment_count":"0","_links":{"self":[{"href":"https:\/\/infoecos.com.ar\/index.php\/wp-json\/wp\/v2\/posts\/78152","targetHints":{"allow":["GET"]}}],"collection":[{"href":"https:\/\/infoecos.com.ar\/index.php\/wp-json\/wp\/v2\/posts"}],"about":[{"href":"https:\/\/infoecos.com.ar\/index.php\/wp-json\/wp\/v2\/types\/post"}],"author":[{"embeddable":true,"href":"https:\/\/infoecos.com.ar\/index.php\/wp-json\/wp\/v2\/users\/2"}],"replies":[{"embeddable":true,"href":"https:\/\/infoecos.com.ar\/index.php\/wp-json\/wp\/v2\/comments?post=78152"}],"version-history":[{"count":1,"href":"https:\/\/infoecos.com.ar\/index.php\/wp-json\/wp\/v2\/posts\/78152\/revisions"}],"predecessor-version":[{"id":78153,"href":"https:\/\/infoecos.com.ar\/index.php\/wp-json\/wp\/v2\/posts\/78152\/revisions\/78153"}],"wp:attachment":[{"href":"https:\/\/infoecos.com.ar\/index.php\/wp-json\/wp\/v2\/media?parent=78152"}],"wp:term":[{"taxonomy":"category","embeddable":true,"href":"https:\/\/infoecos.com.ar\/index.php\/wp-json\/wp\/v2\/categories?post=78152"},{"taxonomy":"post_tag","embeddable":true,"href":"https:\/\/infoecos.com.ar\/index.php\/wp-json\/wp\/v2\/tags?post=78152"}],"curies":[{"name":"wp","href":"https:\/\/api.w.org\/{rel}","templated":true}]}}