{"id":78154,"date":"2021-05-17T00:22:11","date_gmt":"2021-05-17T03:22:11","guid":{"rendered":"http:\/\/infoecos.com.ar\/?p=78154"},"modified":"2021-05-17T00:22:25","modified_gmt":"2021-05-17T03:22:25","slug":"siguen-sumandose-casos-activos-en-el-distrito-de-rivadavia","status":"publish","type":"post","link":"https:\/\/infoecos.com.ar\/index.php\/siguen-sumandose-casos-activos-en-el-distrito-de-rivadavia\/","title":{"rendered":"Siguen sum\u00e1ndose casos activos en el distrito de Rivadavia"},"content":{"rendered":"\n<p class=\"wp-block-paragraph\">El coronavirus tambi\u00e9n ha comenzado a hacerse sentir de manera exponencial en Rivadavia. Oblig\u00f3 a la suspensi\u00f3n de los actos previstos por un nuevo aniversario de la ciudad de Am\u00e9rica, como as\u00ed tambi\u00e9n se determin\u00f3 suspender el f\u00fatbol, actividad que se materializaba en inferiores y en el Senior. Con relaci\u00f3n al acto por el cumplea\u00f1os de la capital del distrito, se llev\u00f3 a cabo una modesta ceremonia en la plaza principal.<\/p>\n\n\n\n<p class=\"wp-block-paragraph\">Con relaci\u00f3n a la situaci\u00f3n sanitaria se indic\u00f3 en el reporte dominical que <strong>se diagnosticaron 7 casos positivos<\/strong>. Por otro lado, <strong>se registraron 23 hisopados negativos<\/strong>.<\/p>\n\n\n\n<p class=\"wp-block-paragraph\">El informe proporcionado a los medios: <\/p>\n\n\n\n<div class=\"wp-block-image\"><figure class=\"aligncenter size-medium\"><img loading=\"lazy\" decoding=\"async\" width=\"460\" height=\"460\" src=\"http:\/\/infoecos.com.ar\/wp-content\/uploads\/2021\/05\/reporterivadavia-1-460x460.jpg\" alt=\"\" class=\"wp-image-78155\" srcset=\"https:\/\/infoecos.com.ar\/wp-content\/uploads\/2021\/05\/reporterivadavia-1-460x460.jpg 460w, https:\/\/infoecos.com.ar\/wp-content\/uploads\/2021\/05\/reporterivadavia-1-150x150.jpg 150w, https:\/\/infoecos.com.ar\/wp-content\/uploads\/2021\/05\/reporterivadavia-1.jpg 526w\" sizes=\"auto, (max-width: 460px) 100vw, 460px\" \/><\/figure><\/div>\n\n\n\n<p class=\"wp-block-paragraph\">Rivadavia: 153 casos activos <\/p>\n\n\n\n<p class=\"wp-block-paragraph\">Am\u00e9rica: 126 <\/p>\n\n\n\n<p class=\"wp-block-paragraph\">Fort\u00edn Olavarr\u00eda: 16<\/p>\n\n\n\n<p class=\"wp-block-paragraph\">Gonz\u00e1lez Moreno: 11<\/p>\n\n\n\n<p class=\"wp-block-paragraph\">1119 confirmados totales<\/p>\n","protected":false},"excerpt":{"rendered":"<p>Oblig\u00f3 a la suspensi\u00f3n de los actos previstos por un nuevo aniversario de la ciudad de Am\u00e9rica, como as\u00ed tambi\u00e9n se determin\u00f3 suspender el f\u00fatbol, actividad que se materializaba en inferiores y en el Senior<\/p>\n","protected":false},"author":2,"featured_media":78156,"comment_status":"closed","ping_status":"open","sticky":false,"template":"","format":"standard","meta":{"footnotes":""},"categories":[1613],"tags":[3676],"class_list":["post-78154","post","type-post","status-publish","format-standard","has-post-thumbnail","hentry","category-noticia-secundaria","tag-reporte-del-domingo"],"featured_image_urls":{"full":["https:\/\/infoecos.com.ar\/wp-content\/uploads\/2021\/05\/REYNOSOACTO114ANIVERSARIO.jpg",640,320,false],"thumbnail":["https:\/\/infoecos.com.ar\/wp-content\/uploads\/2021\/05\/REYNOSOACTO114ANIVERSARIO-150x150.jpg",150,150,true],"medium":["https:\/\/infoecos.com.ar\/wp-content\/uploads\/2021\/05\/REYNOSOACTO114ANIVERSARIO-460x230.jpg",460,230,true],"medium_large":["https:\/\/infoecos.com.ar\/wp-content\/uploads\/2021\/05\/REYNOSOACTO114ANIVERSARIO.jpg",640,320,false],"large":["https:\/\/infoecos.com.ar\/wp-content\/uploads\/2021\/05\/REYNOSOACTO114ANIVERSARIO.jpg",640,320,false],"1536x1536":["https:\/\/infoecos.com.ar\/wp-content\/uploads\/2021\/05\/REYNOSOACTO114ANIVERSARIO.jpg",640,320,false],"2048x2048":["https:\/\/infoecos.com.ar\/wp-content\/uploads\/2021\/05\/REYNOSOACTO114ANIVERSARIO.jpg",640,320,false],"covernews-slider-full":["https:\/\/infoecos.com.ar\/wp-content\/uploads\/2021\/05\/REYNOSOACTO114ANIVERSARIO.jpg",640,320,false],"covernews-slider-center":["https:\/\/infoecos.com.ar\/wp-content\/uploads\/2021\/05\/REYNOSOACTO114ANIVERSARIO.jpg",640,320,false],"covernews-featured":["https:\/\/infoecos.com.ar\/wp-content\/uploads\/2021\/05\/REYNOSOACTO114ANIVERSARIO.jpg",640,320,false],"covernews-medium":["https:\/\/infoecos.com.ar\/wp-content\/uploads\/2021\/05\/REYNOSOACTO114ANIVERSARIO.jpg",540,270,false],"covernews-medium-square":["https:\/\/infoecos.com.ar\/wp-content\/uploads\/2021\/05\/REYNOSOACTO114ANIVERSARIO.jpg",400,200,false]},"author_info":{"info":["Jorge Matheus"]},"category_info":"<a href=\"https:\/\/infoecos.com.ar\/index.php\/category\/noticia-secundaria\/\" rel=\"category tag\">Noticia Secundaria<\/a>","tag_info":"Noticia Secundaria","comment_count":"0","_links":{"self":[{"href":"https:\/\/infoecos.com.ar\/index.php\/wp-json\/wp\/v2\/posts\/78154","targetHints":{"allow":["GET"]}}],"collection":[{"href":"https:\/\/infoecos.com.ar\/index.php\/wp-json\/wp\/v2\/posts"}],"about":[{"href":"https:\/\/infoecos.com.ar\/index.php\/wp-json\/wp\/v2\/types\/post"}],"author":[{"embeddable":true,"href":"https:\/\/infoecos.com.ar\/index.php\/wp-json\/wp\/v2\/users\/2"}],"replies":[{"embeddable":true,"href":"https:\/\/infoecos.com.ar\/index.php\/wp-json\/wp\/v2\/comments?post=78154"}],"version-history":[{"count":1,"href":"https:\/\/infoecos.com.ar\/index.php\/wp-json\/wp\/v2\/posts\/78154\/revisions"}],"predecessor-version":[{"id":78157,"href":"https:\/\/infoecos.com.ar\/index.php\/wp-json\/wp\/v2\/posts\/78154\/revisions\/78157"}],"wp:featuredmedia":[{"embeddable":true,"href":"https:\/\/infoecos.com.ar\/index.php\/wp-json\/wp\/v2\/media\/78156"}],"wp:attachment":[{"href":"https:\/\/infoecos.com.ar\/index.php\/wp-json\/wp\/v2\/media?parent=78154"}],"wp:term":[{"taxonomy":"category","embeddable":true,"href":"https:\/\/infoecos.com.ar\/index.php\/wp-json\/wp\/v2\/categories?post=78154"},{"taxonomy":"post_tag","embeddable":true,"href":"https:\/\/infoecos.com.ar\/index.php\/wp-json\/wp\/v2\/tags?post=78154"}],"curies":[{"name":"wp","href":"https:\/\/api.w.org\/{rel}","templated":true}]}}