{"id":78172,"date":"2021-05-17T01:11:24","date_gmt":"2021-05-17T04:11:24","guid":{"rendered":"http:\/\/infoecos.com.ar\/?p=78172"},"modified":"2021-05-19T01:17:01","modified_gmt":"2021-05-19T04:17:01","slug":"jorge-macri-hace-pie-en-la-4-seccion-junto-a-los-intendentes-de-junin-y-9-de-julio","status":"publish","type":"post","link":"https:\/\/infoecos.com.ar\/index.php\/jorge-macri-hace-pie-en-la-4-seccion-junto-a-los-intendentes-de-junin-y-9-de-julio\/","title":{"rendered":"Jorge Macri hace \u00abpie\u00bb en la 4\u00b0 Secci\u00f3n junto a los intendentes de Jun\u00edn y 9 de Julio"},"content":{"rendered":"\n<p class=\"wp-block-paragraph\">El intendente de Vicente L\u00f3pez y titular del PRO a nivel bonaerense, Jorge Macri, encabez\u00f3 un encuentro con los referentes de su espacio de la cuarta secci\u00f3n electoral para comenzar a analizar estrategias electorales con el objetivo de retener los cinco senadores que se ponen en juego este a\u00f1o.<\/p>\n\n\n\n<p class=\"wp-block-paragraph\">En la reuni\u00f3n, de la que participaron&nbsp;los Intendentes <strong>Pablo Petrecca<\/strong> de Jun\u00edn&nbsp;y <strong>Mariano Barroso<\/strong>&nbsp; de Nueve de&nbsp;Julio, se abord\u00f3 la situaci\u00f3n epidemiol\u00f3gica de los distritos y el impacto de las medidas adoptadas para mitigar la segunda ola de Covid-19 en la provincia, y adem\u00e1s hubo un \u00abmensaje de unidad\u00bb del PRO de cara a las elecciones de este a\u00f1o<\/p>\n\n\n\n<div class=\"wp-block-image\"><figure class=\"aligncenter size-medium\"><img loading=\"lazy\" decoding=\"async\" width=\"460\" height=\"258\" src=\"http:\/\/infoecos.com.ar\/wp-content\/uploads\/2021\/05\/macriconpetreccaybarroso-460x258.jpg\" alt=\"\" class=\"wp-image-78173\" srcset=\"https:\/\/infoecos.com.ar\/wp-content\/uploads\/2021\/05\/macriconpetreccaybarroso-460x258.jpg 460w, https:\/\/infoecos.com.ar\/wp-content\/uploads\/2021\/05\/macriconpetreccaybarroso-768x430.jpg 768w, https:\/\/infoecos.com.ar\/wp-content\/uploads\/2021\/05\/macriconpetreccaybarroso.jpg 880w\" sizes=\"auto, (max-width: 460px) 100vw, 460px\" \/><\/figure><\/div>\n\n\n\n<p class=\"wp-block-paragraph\">En este contexto, Jorge Macri remarc\u00f3 \u00abque nuestra&nbsp;secci\u00f3n tendr\u00e1 un rol important\u00edsimo, ya que Juntos por el Cambio renueva en estas legislativas cinco senadores, y ser\u00eda fundamental poder mantener la mayor\u00eda en el Senado Bonaerense, lo que ha permitido un equilibrio de poder muy sano y una oposici\u00f3n fuerte\u00bb, indicaron tras el encuentro los dirigentes consultados.<\/p>\n\n\n\n<p class=\"wp-block-paragraph\">En el mismo sentido Petrecca, inst\u00f3 a los referentes de cada&nbsp;distrito a no detenerse y seguir con el trabajo de consolidaci\u00f3n del PRO en cada uno de ellos, como lo est\u00e1n haciendo Patricia Bullrich a nivel nacional, y Jorge Macri desde el&nbsp;PRO de la Provincia de Buenos Aires.<\/p>\n\n\n\n<p class=\"wp-block-paragraph\">\u201cEsto servir\u00e1 para poder posicionarnos fuertemente y hacer crecer a Juntos por el&nbsp;Cambio, pudiendo de esta forma llegar a representar a una mayor cantidad de vecinos&nbsp;que confiaron en nuestro trabajo\u201d, expres\u00f3.<\/p>\n\n\n\n<p class=\"wp-block-paragraph\">Por \u00faltimo, el Intendente de Nueve de Julio convoc\u00f3 a&nbsp;los dirigentes a concentrarse en sus territorios, trabajando fuertemente para seguir creciendo y fortalecer el espacio, rest\u00e1ndole importancia a situaciones a las que calific\u00f3&nbsp;como \u201coperaciones pol\u00edticas que son normales en las previas a los cierres de frentes\u201d.<\/p>\n","protected":false},"excerpt":{"rendered":"<p>Jorge Macri remarc\u00f3 \u00abque nuestra secci\u00f3n tendr\u00e1 un rol important\u00edsimo, ya que Juntos por el Cambio renueva en estas legislativas cinco senadores\u00bb<\/p>\n","protected":false},"author":2,"featured_media":78173,"comment_status":"closed","ping_status":"open","sticky":false,"template":"","format":"standard","meta":{"footnotes":""},"categories":[201],"tags":[3679],"class_list":["post-78172","post","type-post","status-publish","format-standard","has-post-thumbnail","hentry","category-inferior9","tag-reunion-con-petrecca-y-barroso"],"featured_image_urls":{"full":["https:\/\/infoecos.com.ar\/wp-content\/uploads\/2021\/05\/macriconpetreccaybarroso.jpg",880,493,false],"thumbnail":["https:\/\/infoecos.com.ar\/wp-content\/uploads\/2021\/05\/macriconpetreccaybarroso-150x150.jpg",150,150,true],"medium":["https:\/\/infoecos.com.ar\/wp-content\/uploads\/2021\/05\/macriconpetreccaybarroso-460x258.jpg",460,258,true],"medium_large":["https:\/\/infoecos.com.ar\/wp-content\/uploads\/2021\/05\/macriconpetreccaybarroso-768x430.jpg",640,358,true],"large":["https:\/\/infoecos.com.ar\/wp-content\/uploads\/2021\/05\/macriconpetreccaybarroso.jpg",640,359,false],"1536x1536":["https:\/\/infoecos.com.ar\/wp-content\/uploads\/2021\/05\/macriconpetreccaybarroso.jpg",880,493,false],"2048x2048":["https:\/\/infoecos.com.ar\/wp-content\/uploads\/2021\/05\/macriconpetreccaybarroso.jpg",880,493,false],"covernews-slider-full":["https:\/\/infoecos.com.ar\/wp-content\/uploads\/2021\/05\/macriconpetreccaybarroso.jpg",880,493,false],"covernews-slider-center":["https:\/\/infoecos.com.ar\/wp-content\/uploads\/2021\/05\/macriconpetreccaybarroso.jpg",800,448,false],"covernews-featured":["https:\/\/infoecos.com.ar\/wp-content\/uploads\/2021\/05\/macriconpetreccaybarroso.jpg",880,493,false],"covernews-medium":["https:\/\/infoecos.com.ar\/wp-content\/uploads\/2021\/05\/macriconpetreccaybarroso-720x380.jpg",540,285,true],"covernews-medium-square":["https:\/\/infoecos.com.ar\/wp-content\/uploads\/2021\/05\/macriconpetreccaybarroso-675x450.jpg",375,250,true]},"author_info":{"info":["Jorge Matheus"]},"category_info":"<a href=\"https:\/\/infoecos.com.ar\/index.php\/category\/inferior9\/\" rel=\"category tag\">Bloque inferior - 9<\/a>","tag_info":"Bloque inferior - 9","comment_count":"0","_links":{"self":[{"href":"https:\/\/infoecos.com.ar\/index.php\/wp-json\/wp\/v2\/posts\/78172","targetHints":{"allow":["GET"]}}],"collection":[{"href":"https:\/\/infoecos.com.ar\/index.php\/wp-json\/wp\/v2\/posts"}],"about":[{"href":"https:\/\/infoecos.com.ar\/index.php\/wp-json\/wp\/v2\/types\/post"}],"author":[{"embeddable":true,"href":"https:\/\/infoecos.com.ar\/index.php\/wp-json\/wp\/v2\/users\/2"}],"replies":[{"embeddable":true,"href":"https:\/\/infoecos.com.ar\/index.php\/wp-json\/wp\/v2\/comments?post=78172"}],"version-history":[{"count":2,"href":"https:\/\/infoecos.com.ar\/index.php\/wp-json\/wp\/v2\/posts\/78172\/revisions"}],"predecessor-version":[{"id":78329,"href":"https:\/\/infoecos.com.ar\/index.php\/wp-json\/wp\/v2\/posts\/78172\/revisions\/78329"}],"wp:featuredmedia":[{"embeddable":true,"href":"https:\/\/infoecos.com.ar\/index.php\/wp-json\/wp\/v2\/media\/78173"}],"wp:attachment":[{"href":"https:\/\/infoecos.com.ar\/index.php\/wp-json\/wp\/v2\/media?parent=78172"}],"wp:term":[{"taxonomy":"category","embeddable":true,"href":"https:\/\/infoecos.com.ar\/index.php\/wp-json\/wp\/v2\/categories?post=78172"},{"taxonomy":"post_tag","embeddable":true,"href":"https:\/\/infoecos.com.ar\/index.php\/wp-json\/wp\/v2\/tags?post=78172"}],"curies":[{"name":"wp","href":"https:\/\/api.w.org\/{rel}","templated":true}]}}