{"id":78203,"date":"2021-05-17T17:37:00","date_gmt":"2021-05-17T20:37:00","guid":{"rendered":"http:\/\/infoecos.com.ar\/?p=78203"},"modified":"2021-05-17T17:38:25","modified_gmt":"2021-05-17T20:38:25","slug":"el-intendente-de-alberti-solicito-que-su-distrito-pase-a-fase-2","status":"publish","type":"post","link":"https:\/\/infoecos.com.ar\/index.php\/el-intendente-de-alberti-solicito-que-su-distrito-pase-a-fase-2\/","title":{"rendered":"El intendente de Alberti solicit\u00f3 que su distrito pase a Fase 2"},"content":{"rendered":"\n<p class=\"wp-block-paragraph\">Debido a la curva ascendente de contagios de coronavirus, el intendente de Alberti, Germ\u00e1n Lago, solicit\u00f3 que su distrito pase a fase 2.<\/p>\n\n\n\n<p class=\"wp-block-paragraph\">Dijo que \u00abse vienen duplicando la cantidad de casos en forma mensual, si bien el sistema sanitario est\u00e1 atendiendo a los vecinos, estamos con mucha preocupaci\u00f3n y vemos conveniente tomar un medida para la regi\u00f3n\u00bb.<\/p>\n\n\n\n<div class=\"wp-block-image\"><figure class=\"aligncenter size-large\"><img loading=\"lazy\" decoding=\"async\" width=\"360\" height=\"240\" src=\"http:\/\/infoecos.com.ar\/wp-content\/uploads\/2021\/05\/hospitalalberti.jpg\" alt=\"\" class=\"wp-image-78204\"\/><\/figure><\/div>\n\n\n\n<p class=\"wp-block-paragraph\">Asimismo, asegur\u00f3 que \u00abdesde el 20 de marzo de 2020 los vecinos han entendido las medidas, pueden no compartirlas pero hay un acompa\u00f1amiento de la poblaci\u00f3n. Creo que es una situaci\u00f3n en la que debemos animarnos a ser protagonistas de algo hist\u00f3rico\u00bb.<\/p>\n\n\n\n<p class=\"wp-block-paragraph\">En Albert\u00ed hay 105 casos activos de COVID y el intendente Lago se\u00f1al\u00f3 que se est\u00e1 analizado cu\u00e1l es la cepa que circula en el distrito. Lago apel\u00f3 a que la ciudadan\u00eda \u00abse cuide, proteja y act\u00fae responsablemente\u00bb.<\/p>\n\n\n\n<p class=\"wp-block-paragraph\">Por \u00faltimo, indic\u00f3 sobre la presencialidad en las escuelas que \u00abhasta el d\u00eda mi\u00e9rcoles va a continuar para dar tiempo a organizarse las familias y a partir del d\u00eda mi\u00e9rcoles entra en vigencia la virtualidad. La escolaridad en el distrito no ha sido el foco de contagios\u00bb.\u00a0<\/p>\n","protected":false},"excerpt":{"rendered":"<p>Dijo que \u00abse vienen duplicando la cantidad de casos en forma mensual, si bien el sistema sanitario est\u00e1 atendiendo a los vecinos, estamos con mucha preocupaci\u00f3n y vemos conveniente tomar un medida para la regi\u00f3n\u00bb<\/p>\n","protected":false},"author":2,"featured_media":78204,"comment_status":"closed","ping_status":"open","sticky":false,"template":"","format":"standard","meta":{"footnotes":""},"categories":[28],"tags":[3684],"class_list":["post-78203","post","type-post","status-publish","format-standard","has-post-thumbnail","hentry","category-c1nota1","tag-ante-la-curva-ascendente"],"featured_image_urls":{"full":["https:\/\/infoecos.com.ar\/wp-content\/uploads\/2021\/05\/hospitalalberti.jpg",360,240,false],"thumbnail":["https:\/\/infoecos.com.ar\/wp-content\/uploads\/2021\/05\/hospitalalberti-150x150.jpg",150,150,true],"medium":["https:\/\/infoecos.com.ar\/wp-content\/uploads\/2021\/05\/hospitalalberti.jpg",360,240,false],"medium_large":["https:\/\/infoecos.com.ar\/wp-content\/uploads\/2021\/05\/hospitalalberti.jpg",360,240,false],"large":["https:\/\/infoecos.com.ar\/wp-content\/uploads\/2021\/05\/hospitalalberti.jpg",360,240,false],"1536x1536":["https:\/\/infoecos.com.ar\/wp-content\/uploads\/2021\/05\/hospitalalberti.jpg",360,240,false],"2048x2048":["https:\/\/infoecos.com.ar\/wp-content\/uploads\/2021\/05\/hospitalalberti.jpg",360,240,false],"covernews-slider-full":["https:\/\/infoecos.com.ar\/wp-content\/uploads\/2021\/05\/hospitalalberti.jpg",360,240,false],"covernews-slider-center":["https:\/\/infoecos.com.ar\/wp-content\/uploads\/2021\/05\/hospitalalberti.jpg",360,240,false],"covernews-featured":["https:\/\/infoecos.com.ar\/wp-content\/uploads\/2021\/05\/hospitalalberti.jpg",360,240,false],"covernews-medium":["https:\/\/infoecos.com.ar\/wp-content\/uploads\/2021\/05\/hospitalalberti.jpg",360,240,false],"covernews-medium-square":["https:\/\/infoecos.com.ar\/wp-content\/uploads\/2021\/05\/hospitalalberti.jpg",360,240,false]},"author_info":{"info":["Jorge Matheus"]},"category_info":"<a href=\"https:\/\/infoecos.com.ar\/index.php\/category\/c1nota1\/\" rel=\"category tag\">C1 N1<\/a>","tag_info":"C1 N1","comment_count":"0","_links":{"self":[{"href":"https:\/\/infoecos.com.ar\/index.php\/wp-json\/wp\/v2\/posts\/78203","targetHints":{"allow":["GET"]}}],"collection":[{"href":"https:\/\/infoecos.com.ar\/index.php\/wp-json\/wp\/v2\/posts"}],"about":[{"href":"https:\/\/infoecos.com.ar\/index.php\/wp-json\/wp\/v2\/types\/post"}],"author":[{"embeddable":true,"href":"https:\/\/infoecos.com.ar\/index.php\/wp-json\/wp\/v2\/users\/2"}],"replies":[{"embeddable":true,"href":"https:\/\/infoecos.com.ar\/index.php\/wp-json\/wp\/v2\/comments?post=78203"}],"version-history":[{"count":1,"href":"https:\/\/infoecos.com.ar\/index.php\/wp-json\/wp\/v2\/posts\/78203\/revisions"}],"predecessor-version":[{"id":78205,"href":"https:\/\/infoecos.com.ar\/index.php\/wp-json\/wp\/v2\/posts\/78203\/revisions\/78205"}],"wp:featuredmedia":[{"embeddable":true,"href":"https:\/\/infoecos.com.ar\/index.php\/wp-json\/wp\/v2\/media\/78204"}],"wp:attachment":[{"href":"https:\/\/infoecos.com.ar\/index.php\/wp-json\/wp\/v2\/media?parent=78203"}],"wp:term":[{"taxonomy":"category","embeddable":true,"href":"https:\/\/infoecos.com.ar\/index.php\/wp-json\/wp\/v2\/categories?post=78203"},{"taxonomy":"post_tag","embeddable":true,"href":"https:\/\/infoecos.com.ar\/index.php\/wp-json\/wp\/v2\/tags?post=78203"}],"curies":[{"name":"wp","href":"https:\/\/api.w.org\/{rel}","templated":true}]}}