{"id":78207,"date":"2021-05-17T17:47:37","date_gmt":"2021-05-17T20:47:37","guid":{"rendered":"http:\/\/infoecos.com.ar\/?p=78207"},"modified":"2021-05-17T17:48:04","modified_gmt":"2021-05-17T20:48:04","slug":"el-gobierno-confirmo-este-lunes-28-680-nuevos-casos-y-otras-505-muertes","status":"publish","type":"post","link":"https:\/\/infoecos.com.ar\/index.php\/el-gobierno-confirmo-este-lunes-28-680-nuevos-casos-y-otras-505-muertes\/","title":{"rendered":"El Gobierno confirm\u00f3 este lunes 28.680 nuevos casos y otras 505 muertes"},"content":{"rendered":"\n<p class=\"wp-block-paragraph\">El Gobierno confirm\u00f3 este lunes\u00a028.680 nuevos casos\u00a0y otras\u00a0505 muertes\u00a0por coronavirus\u00a0en la Argentina.<\/p>\n\n\n\n<p class=\"wp-block-paragraph\">Es la<strong>\u00a0<\/strong>tercera cifra diaria de contagios m\u00e1s alta\u00a0desde el inicio de la\u00a0pandemia<a rel=\"noreferrer noopener\" href=\"https:\/\/www.clarin.com\/tema\/pandemia.html\" target=\"_blank\">,<\/a> s\u00f3lo superada por los 29472 del 16 de abril y los 29.145 del 20 de abril.<\/p>\n\n\n\n<div class=\"wp-block-image\"><figure class=\"aligncenter size-medium\"><img loading=\"lazy\" decoding=\"async\" width=\"460\" height=\"259\" src=\"http:\/\/infoecos.com.ar\/wp-content\/uploads\/5e92ef0d35853_1004x565-460x259.jpg\" alt=\"\" class=\"wp-image-65618\" srcset=\"https:\/\/infoecos.com.ar\/wp-content\/uploads\/5e92ef0d35853_1004x565-460x259.jpg 460w, https:\/\/infoecos.com.ar\/wp-content\/uploads\/5e92ef0d35853_1004x565-920x518.jpg 920w, https:\/\/infoecos.com.ar\/wp-content\/uploads\/5e92ef0d35853_1004x565-768x432.jpg 768w, https:\/\/infoecos.com.ar\/wp-content\/uploads\/5e92ef0d35853_1004x565.jpg 1004w\" sizes=\"auto, (max-width: 460px) 100vw, 460px\" \/><\/figure><\/div>\n\n\n\n<p class=\"wp-block-paragraph\">Por d\u00e9cimo d\u00eda consecutivo,\u00a0volvi\u00f3 a subir la cantidad de pacientes graves\u00a0internados en terapia intensiva. Seg\u00fan el parte oficial del Ministerio de Salud, este lunes lleg\u00f3 a un r\u00e9cord de\u00a05.690\u00a0(el domingo se hab\u00edan informado 5.538).<\/p>\n\n\n\n<p class=\"wp-block-paragraph\">La ocupaci\u00f3n de camas cr\u00edticas es del\u00a075.7%\u00a0a nivel nacional y del\u00a069.7%, ambos porcentajes con una leve suba en las \u00faltimas 24 horas.<\/p>\n\n\n\n<p class=\"wp-block-paragraph\">De este modo, ya son\u00a03.335.965\u00a0los infectados y\u00a071.027\u00a0las muertes.<\/p>\n\n\n\n<p class=\"wp-block-paragraph\">Durante las \u00faltimas 24 horas se cargaron al sistema\u00a091.456 testeos, con una alta tasa de positividad:\u00a0<strong>31,3%<\/strong>. Es m\u00e1s del triple del 10% recomendado por la OMS.<\/p>\n","protected":false},"excerpt":{"rendered":"<p>Por d\u00e9cimo d\u00eda consecutivo, volvi\u00f3 a subir la cantidad de pacientes graves internados en terapia intensiva. Seg\u00fan el parte oficial del Ministerio de Salud, este lunes lleg\u00f3 a un r\u00e9cord de 5.690 (el domingo se hab\u00edan informado 5.538)<\/p>\n","protected":false},"author":2,"featured_media":65618,"comment_status":"closed","ping_status":"open","sticky":false,"template":"","format":"standard","meta":{"footnotes":""},"categories":[29],"tags":[1785],"class_list":["post-78207","post","type-post","status-publish","format-standard","has-post-thumbnail","hentry","category-c2nota1","tag-coronavirus"],"featured_image_urls":{"full":["https:\/\/infoecos.com.ar\/wp-content\/uploads\/5e92ef0d35853_1004x565.jpg",1004,565,false],"thumbnail":["https:\/\/infoecos.com.ar\/wp-content\/uploads\/5e92ef0d35853_1004x565-150x150.jpg",150,150,true],"medium":["https:\/\/infoecos.com.ar\/wp-content\/uploads\/5e92ef0d35853_1004x565-460x259.jpg",460,259,true],"medium_large":["https:\/\/infoecos.com.ar\/wp-content\/uploads\/5e92ef0d35853_1004x565-768x432.jpg",640,360,true],"large":["https:\/\/infoecos.com.ar\/wp-content\/uploads\/5e92ef0d35853_1004x565-920x518.jpg",640,360,true],"1536x1536":["https:\/\/infoecos.com.ar\/wp-content\/uploads\/5e92ef0d35853_1004x565.jpg",1004,565,false],"2048x2048":["https:\/\/infoecos.com.ar\/wp-content\/uploads\/5e92ef0d35853_1004x565.jpg",1004,565,false],"covernews-slider-full":["https:\/\/infoecos.com.ar\/wp-content\/uploads\/5e92ef0d35853_1004x565.jpg",1004,565,false],"covernews-slider-center":["https:\/\/infoecos.com.ar\/wp-content\/uploads\/5e92ef0d35853_1004x565-936x565.jpg",800,483,true],"covernews-featured":["https:\/\/infoecos.com.ar\/wp-content\/uploads\/5e92ef0d35853_1004x565.jpg",1004,565,false],"covernews-medium":["https:\/\/infoecos.com.ar\/wp-content\/uploads\/5e92ef0d35853_1004x565-720x380.jpg",540,285,true],"covernews-medium-square":["https:\/\/infoecos.com.ar\/wp-content\/uploads\/5e92ef0d35853_1004x565-675x450.jpg",375,250,true]},"author_info":{"info":["Jorge Matheus"]},"category_info":"<a href=\"https:\/\/infoecos.com.ar\/index.php\/category\/c2nota1\/\" rel=\"category tag\">C2 nota 1<\/a>","tag_info":"C2 nota 1","comment_count":"0","_links":{"self":[{"href":"https:\/\/infoecos.com.ar\/index.php\/wp-json\/wp\/v2\/posts\/78207","targetHints":{"allow":["GET"]}}],"collection":[{"href":"https:\/\/infoecos.com.ar\/index.php\/wp-json\/wp\/v2\/posts"}],"about":[{"href":"https:\/\/infoecos.com.ar\/index.php\/wp-json\/wp\/v2\/types\/post"}],"author":[{"embeddable":true,"href":"https:\/\/infoecos.com.ar\/index.php\/wp-json\/wp\/v2\/users\/2"}],"replies":[{"embeddable":true,"href":"https:\/\/infoecos.com.ar\/index.php\/wp-json\/wp\/v2\/comments?post=78207"}],"version-history":[{"count":1,"href":"https:\/\/infoecos.com.ar\/index.php\/wp-json\/wp\/v2\/posts\/78207\/revisions"}],"predecessor-version":[{"id":78208,"href":"https:\/\/infoecos.com.ar\/index.php\/wp-json\/wp\/v2\/posts\/78207\/revisions\/78208"}],"wp:featuredmedia":[{"embeddable":true,"href":"https:\/\/infoecos.com.ar\/index.php\/wp-json\/wp\/v2\/media\/65618"}],"wp:attachment":[{"href":"https:\/\/infoecos.com.ar\/index.php\/wp-json\/wp\/v2\/media?parent=78207"}],"wp:term":[{"taxonomy":"category","embeddable":true,"href":"https:\/\/infoecos.com.ar\/index.php\/wp-json\/wp\/v2\/categories?post=78207"},{"taxonomy":"post_tag","embeddable":true,"href":"https:\/\/infoecos.com.ar\/index.php\/wp-json\/wp\/v2\/tags?post=78207"}],"curies":[{"name":"wp","href":"https:\/\/api.w.org\/{rel}","templated":true}]}}