{"id":78217,"date":"2021-05-18T00:46:50","date_gmt":"2021-05-18T03:46:50","guid":{"rendered":"http:\/\/infoecos.com.ar\/?p=78217"},"modified":"2021-05-19T01:23:01","modified_gmt":"2021-05-19T04:23:01","slug":"la-escuela-municipal-de-trenque-lauquen-trabaja-desde-ayer-en-forma-virtual","status":"publish","type":"post","link":"https:\/\/infoecos.com.ar\/index.php\/la-escuela-municipal-de-trenque-lauquen-trabaja-desde-ayer-en-forma-virtual\/","title":{"rendered":"La Escuela Municipal de Trenque Lauquen trabaja desde en forma virtual"},"content":{"rendered":"\n<p class=\"wp-block-paragraph\">La Escuela Municipal de Trenque Lauquen, en sus sedes de Garr\u00e9, Beruti, Girod\u00edas, Treinta de Agosto y Trenque Lauquen, comenz\u00f3 este lunes lunes a trabajar con la modalidad virtual por los pr\u00f3ximos 14 d\u00edas.<\/p>\n\n\n\n<div class=\"wp-block-image\"><figure class=\"aligncenter size-large\"><img decoding=\"async\" src=\"http:\/\/infoecos.com.ar\/wp-content\/uploads\/cc.jpg\" alt=\"\" class=\"wp-image-23973\"\/><figcaption>Trenque Lauquen &#8211; Centro C\u00edvico<\/figcaption><\/figure><\/div>\n\n\n\n<p class=\"wp-block-paragraph\">La medida responde a las nuevas restricciones, que incluyen la suspensi\u00f3n de la presencialidad en el \u00e1mbito educativo, de acuerdo a lo dispuesto por la Provincia de Buenos Aires para los distritos que se encuentran en Fase 2, como fue encuadrado Trenque Lauquen por el riesgo sanitario y epidemiol\u00f3gico por la pandemia de Covid-19.<\/p>\n\n\n\n<p class=\"wp-block-paragraph\">Aquellos que quieran hacer alguna consulta pueden comunicarse al tel\u00e9fono del \u00e1rea de Educaci\u00f3n del Municipio: (2392) 419395, Interno 22 de 8 a 17 horas.<\/p>\n\n\n\n<p class=\"wp-block-paragraph\">Hasta la semana pasada la Escuela Municipal ven\u00eda funcionando combinando la presencialidad y virtualidad, pero a partir de este lunes y teniendo en cuenta las nuevas medidas en vigencia, todos los cursos y talleres se desarrollar\u00e1n bajo la modalidad virtual.<\/p>\n","protected":false},"excerpt":{"rendered":"<p>La Escuela Municipal de Trenque Lauquen, en sus sedes de Garr\u00e9, Beruti, Girod\u00edas, Treinta de&#8230;<\/p>\n","protected":false},"author":2,"featured_media":23973,"comment_status":"closed","ping_status":"open","sticky":false,"template":"","format":"standard","meta":{"footnotes":""},"categories":[1614],"tags":[3686],"class_list":["post-78217","post","type-post","status-publish","format-standard","has-post-thumbnail","hentry","category-c2nota7","tag-por-las-restricciones-vigentes"],"featured_image_urls":{"full":"","thumbnail":"","medium":"","medium_large":"","large":"","1536x1536":"","2048x2048":"","covernews-slider-full":"","covernews-slider-center":"","covernews-featured":"","covernews-medium":"","covernews-medium-square":""},"author_info":{"info":["Jorge Matheus"]},"category_info":"<a href=\"https:\/\/infoecos.com.ar\/index.php\/category\/c2nota7\/\" rel=\"category tag\">C2 N7<\/a>","tag_info":"C2 N7","comment_count":"0","_links":{"self":[{"href":"https:\/\/infoecos.com.ar\/index.php\/wp-json\/wp\/v2\/posts\/78217","targetHints":{"allow":["GET"]}}],"collection":[{"href":"https:\/\/infoecos.com.ar\/index.php\/wp-json\/wp\/v2\/posts"}],"about":[{"href":"https:\/\/infoecos.com.ar\/index.php\/wp-json\/wp\/v2\/types\/post"}],"author":[{"embeddable":true,"href":"https:\/\/infoecos.com.ar\/index.php\/wp-json\/wp\/v2\/users\/2"}],"replies":[{"embeddable":true,"href":"https:\/\/infoecos.com.ar\/index.php\/wp-json\/wp\/v2\/comments?post=78217"}],"version-history":[{"count":2,"href":"https:\/\/infoecos.com.ar\/index.php\/wp-json\/wp\/v2\/posts\/78217\/revisions"}],"predecessor-version":[{"id":78330,"href":"https:\/\/infoecos.com.ar\/index.php\/wp-json\/wp\/v2\/posts\/78217\/revisions\/78330"}],"wp:attachment":[{"href":"https:\/\/infoecos.com.ar\/index.php\/wp-json\/wp\/v2\/media?parent=78217"}],"wp:term":[{"taxonomy":"category","embeddable":true,"href":"https:\/\/infoecos.com.ar\/index.php\/wp-json\/wp\/v2\/categories?post=78217"},{"taxonomy":"post_tag","embeddable":true,"href":"https:\/\/infoecos.com.ar\/index.php\/wp-json\/wp\/v2\/tags?post=78217"}],"curies":[{"name":"wp","href":"https:\/\/api.w.org\/{rel}","templated":true}]}}