{"id":78221,"date":"2021-05-18T01:00:09","date_gmt":"2021-05-18T04:00:09","guid":{"rendered":"http:\/\/infoecos.com.ar\/?p=78221"},"modified":"2021-05-19T01:09:32","modified_gmt":"2021-05-19T04:09:32","slug":"nueva-idea-de-la-provincia-para-el-uso-de-agroquimicos","status":"publish","type":"post","link":"https:\/\/infoecos.com.ar\/index.php\/nueva-idea-de-la-provincia-para-el-uso-de-agroquimicos\/","title":{"rendered":"Nueva idea de la provincia para el uso de agroqu\u00edmicos"},"content":{"rendered":"\n<p class=\"wp-block-paragraph\">El Ministerio de Desarrollo Agrario bonaerense inform\u00f3 que continuar\u00e1 suspendido el decreto promulgado durante la gesti\u00f3n de Mar\u00eda Eugenia Vidal que permit\u00eda el uso de diferentes agroqu\u00edmicos en la producci\u00f3n agropecuaria y destac\u00f3 que desde la Provincia lo que se propone es abrir el di\u00e1logo para construir de manera participativa una legislaci\u00f3n en este tema.<\/p>\n\n\n\n<div class=\"wp-block-image\"><figure class=\"aligncenter size-medium\"><img loading=\"lazy\" decoding=\"async\" width=\"460\" height=\"307\" src=\"http:\/\/infoecos.com.ar\/wp-content\/uploads\/2021\/05\/agroquimicosenvases-460x307.jpg\" alt=\"\" class=\"wp-image-77582\" srcset=\"https:\/\/infoecos.com.ar\/wp-content\/uploads\/2021\/05\/agroquimicosenvases-460x307.jpg 460w, https:\/\/infoecos.com.ar\/wp-content\/uploads\/2021\/05\/agroquimicosenvases-920x614.jpg 920w, https:\/\/infoecos.com.ar\/wp-content\/uploads\/2021\/05\/agroquimicosenvases-768x512.jpg 768w, https:\/\/infoecos.com.ar\/wp-content\/uploads\/2021\/05\/agroquimicosenvases-675x450.jpg 675w, https:\/\/infoecos.com.ar\/wp-content\/uploads\/2021\/05\/agroquimicosenvases.jpg 1024w\" sizes=\"auto, (max-width: 460px) 100vw, 460px\" \/><\/figure><\/div>\n\n\n\n<p class=\"wp-block-paragraph\">El ministro Javier Rodr\u00edguez asegur\u00f3 que \u201cel decreto de la gesti\u00f3n Vidal permit\u00eda condiciones absolutamente indefendibles desde el punto de vista de la aplicaci\u00f3n y sin ning\u00fan tipo de sustento\u201d. Aclar\u00f3 que la Provincia \u201cnecesita tener una normativa\u201d en este tema\u201d y resalt\u00f3 que la nueva legislaci\u00f3n buscar\u00e1 \u201ccuidar el ambiente, la salud y permitir la producci\u00f3n\u201d. En ese marco, Rodr\u00edguez se\u00f1al\u00f3 que \u201cme parece importante la preocupaci\u00f3n por el uso de agroqu\u00edmicos y sus consecuencias. Desde el primer d\u00eda de trabajo nos planteamos tener una agenda que nos permita, por un lado evaluar los cuidados cient\u00edficos que hay que tener, y por otro lado instancias de participaci\u00f3n y di\u00e1logo a nivel regional para generar la mejor normativa posible en este tema\u201d.<\/p>\n\n\n\n<p class=\"wp-block-paragraph\">A\u00f1adi\u00f3 que \u201cse est\u00e1 avanzando en el Observatorio de Agroqu\u00edmicos, espacio donde participaron representantes de todas las universidades nacionales con vinculaci\u00f3n en la Provincia, el INTA y el CONICET\u201d y adelant\u00f3 que \u201cese grupo elabor\u00f3 un documento que es p\u00fablico y tiene que ver con el uso y la aplicaci\u00f3n de agroqu\u00edmicos\u201d<\/p>\n\n\n\n<p class=\"wp-block-paragraph\">Rodr\u00edguez explic\u00f3 que a partir de los documentos que ese grupo de trabajo va a ir publicando \u201cnosotros lo que vamos a ir generando es un debate abierto acerca de las medidas y las acciones a tomar\u201d.<\/p>\n\n\n\n<p class=\"wp-block-paragraph\">Rodr\u00edguez indic\u00f3 que \u201ca nivel provincial estamos haciendo recomendaciones sobre los cuidados y las observaciones que deben tener en cuenta en una posible normativa siempre con el objetivo que sea una norma que cuide el ambiente, la salud y la producci\u00f3n\u201d.<\/p>\n","protected":false},"excerpt":{"rendered":"<p>El ministro de Desarrollo Agrario bonaerense, Javier Rodr\u00edguez, asegur\u00f3 que la normativa debe \u201ccuidar el ambiente, la salud y permitir la producci\u00f3n\u201d<\/p>\n","protected":false},"author":2,"featured_media":77582,"comment_status":"closed","ping_status":"open","sticky":false,"template":"","format":"standard","meta":{"footnotes":""},"categories":[1341],"tags":[3688],"class_list":["post-78221","post","type-post","status-publish","format-standard","has-post-thumbnail","hentry","category-c1nota7","tag-seguira-suspendido-el-decreto-de-vidal"],"featured_image_urls":{"full":["https:\/\/infoecos.com.ar\/wp-content\/uploads\/2021\/05\/agroquimicosenvases.jpg",1024,683,false],"thumbnail":["https:\/\/infoecos.com.ar\/wp-content\/uploads\/2021\/05\/agroquimicosenvases-150x150.jpg",150,150,true],"medium":["https:\/\/infoecos.com.ar\/wp-content\/uploads\/2021\/05\/agroquimicosenvases-460x307.jpg",460,307,true],"medium_large":["https:\/\/infoecos.com.ar\/wp-content\/uploads\/2021\/05\/agroquimicosenvases-768x512.jpg",640,427,true],"large":["https:\/\/infoecos.com.ar\/wp-content\/uploads\/2021\/05\/agroquimicosenvases-920x614.jpg",640,427,true],"1536x1536":["https:\/\/infoecos.com.ar\/wp-content\/uploads\/2021\/05\/agroquimicosenvases.jpg",1024,683,false],"2048x2048":["https:\/\/infoecos.com.ar\/wp-content\/uploads\/2021\/05\/agroquimicosenvases.jpg",1024,683,false],"covernews-slider-full":["https:\/\/infoecos.com.ar\/wp-content\/uploads\/2021\/05\/agroquimicosenvases.jpg",1024,683,false],"covernews-slider-center":["https:\/\/infoecos.com.ar\/wp-content\/uploads\/2021\/05\/agroquimicosenvases-936x683.jpg",685,500,true],"covernews-featured":["https:\/\/infoecos.com.ar\/wp-content\/uploads\/2021\/05\/agroquimicosenvases.jpg",1024,683,false],"covernews-medium":["https:\/\/infoecos.com.ar\/wp-content\/uploads\/2021\/05\/agroquimicosenvases-720x380.jpg",540,285,true],"covernews-medium-square":["https:\/\/infoecos.com.ar\/wp-content\/uploads\/2021\/05\/agroquimicosenvases-675x450.jpg",375,250,true]},"author_info":{"info":["Jorge Matheus"]},"category_info":"<a href=\"https:\/\/infoecos.com.ar\/index.php\/category\/c1nota7\/\" rel=\"category tag\">C1 nota 7<\/a>","tag_info":"C1 nota 7","comment_count":"0","_links":{"self":[{"href":"https:\/\/infoecos.com.ar\/index.php\/wp-json\/wp\/v2\/posts\/78221","targetHints":{"allow":["GET"]}}],"collection":[{"href":"https:\/\/infoecos.com.ar\/index.php\/wp-json\/wp\/v2\/posts"}],"about":[{"href":"https:\/\/infoecos.com.ar\/index.php\/wp-json\/wp\/v2\/types\/post"}],"author":[{"embeddable":true,"href":"https:\/\/infoecos.com.ar\/index.php\/wp-json\/wp\/v2\/users\/2"}],"replies":[{"embeddable":true,"href":"https:\/\/infoecos.com.ar\/index.php\/wp-json\/wp\/v2\/comments?post=78221"}],"version-history":[{"count":1,"href":"https:\/\/infoecos.com.ar\/index.php\/wp-json\/wp\/v2\/posts\/78221\/revisions"}],"predecessor-version":[{"id":78222,"href":"https:\/\/infoecos.com.ar\/index.php\/wp-json\/wp\/v2\/posts\/78221\/revisions\/78222"}],"wp:featuredmedia":[{"embeddable":true,"href":"https:\/\/infoecos.com.ar\/index.php\/wp-json\/wp\/v2\/media\/77582"}],"wp:attachment":[{"href":"https:\/\/infoecos.com.ar\/index.php\/wp-json\/wp\/v2\/media?parent=78221"}],"wp:term":[{"taxonomy":"category","embeddable":true,"href":"https:\/\/infoecos.com.ar\/index.php\/wp-json\/wp\/v2\/categories?post=78221"},{"taxonomy":"post_tag","embeddable":true,"href":"https:\/\/infoecos.com.ar\/index.php\/wp-json\/wp\/v2\/tags?post=78221"}],"curies":[{"name":"wp","href":"https:\/\/api.w.org\/{rel}","templated":true}]}}