{"id":78223,"date":"2021-05-18T01:08:26","date_gmt":"2021-05-18T04:08:26","guid":{"rendered":"http:\/\/infoecos.com.ar\/?p=78223"},"modified":"2021-05-19T01:13:56","modified_gmt":"2021-05-19T04:13:56","slug":"desde-hoy-restricciones-en-chivilcoy-prohibida-la-circulacion-de-personas-entre-las-20-y-6-horas","status":"publish","type":"post","link":"https:\/\/infoecos.com.ar\/index.php\/desde-hoy-restricciones-en-chivilcoy-prohibida-la-circulacion-de-personas-entre-las-20-y-6-horas\/","title":{"rendered":"Restricciones en Chivilcoy: prohibida la circulaci\u00f3n de personas entre las 20 y 6 horas"},"content":{"rendered":"\n<p>El intendente municipal de Chivilcoy, Guillermo Britos, anunci\u00f3 nuevas medidas de restricci\u00f3n, que est\u00e1n vigentes desde las 00 horas de hoy, hasta el 31 del mismo mes inclusive, con posibilidad de modificaciones.<\/p>\n\n\n\n<p>Las medidas restrictivas son las siguientes: <strong>Desde las 20 horas hasta las 6 horas est\u00e1 prohibida la circulaci\u00f3n de personas para todas las actividades no esenciales; la restricci\u00f3n horaria para toda actividad no esencial es de 19 a 6 horas. Toda la actividad comercial debe cerrar a las 19 horas; la actividad gastron\u00f3mica se puede desarrollar con ingreso de personas desde las 6 hasta las 19 horas; y de 19 a 23 modo delivery; est\u00e1n prohibidas todas las actividades que impliquen reuniones de personas no convivientes en espacios p\u00fablicos. S\u00ed podr\u00e1n asistir a dichos lugares personas con discapacidad o por temas de salud\u201d<\/strong>.<\/p>\n\n\n\n<div class=\"wp-block-image\"><figure class=\"aligncenter size-medium\"><img loading=\"lazy\" decoding=\"async\" width=\"460\" height=\"307\" src=\"http:\/\/infoecos.com.ar\/wp-content\/uploads\/2021\/05\/britos-460x307.jpg\" alt=\"\" class=\"wp-image-78224\" srcset=\"https:\/\/infoecos.com.ar\/wp-content\/uploads\/2021\/05\/britos-460x307.jpg 460w, https:\/\/infoecos.com.ar\/wp-content\/uploads\/2021\/05\/britos-675x450.jpg 675w, https:\/\/infoecos.com.ar\/wp-content\/uploads\/2021\/05\/britos.jpg 768w\" sizes=\"(max-width: 460px) 100vw, 460px\" \/><figcaption>Intendente Britos<\/figcaption><\/figure><\/div>\n\n\n\n<p><strong>En cuanto a las actividades llevadas a cabo por gimnasios, est\u00e1 permitida solo al aire libre, con un m\u00e1ximo de 10 personas, de 6 a 19 horas, en espacios abiertos habilitados a tal efecto por la Direcci\u00f3n de Deportes, pidiendo previa autorizaci\u00f3n en la Secretar\u00eda de Gobierno<\/strong>.<\/p>\n\n\n\n<p>En el marco del anuncio, el jefe comunal asegur\u00f3 que \u201cesto se dispone como paso previo a solicitar a Provincia el pase a fase 2, si las restricciones no surten el efecto que esperamos\u201d.<\/p>\n\n\n\n<p>\u201cSon medidas antip\u00e1ticas pero vamos a hacer el esfuerzo necesario para proteger la vida y cuidar a nuestros trabajadores de salud.Tenemos que tomar medidas antes de que pueda colapsar nuestro sistema de Salud\u201d, sostuvo.<\/p>\n","protected":false},"excerpt":{"rendered":"<p>En cuanto a las actividades llevadas a cabo por gimnasios, est\u00e1 permitida solo al aire libre, con un m\u00e1ximo de 10 personas, de 6 a 19 horas, en espacios abiertos habilitados a tal efecto por la Direcci\u00f3n de Deportes<\/p>\n","protected":false},"author":2,"featured_media":78224,"comment_status":"closed","ping_status":"open","sticky":false,"template":"","format":"standard","meta":{"footnotes":""},"categories":[43],"tags":[3689],"class_list":["post-78223","post","type-post","status-publish","format-standard","has-post-thumbnail","hentry","category-inferior4","tag-el-comercio-debe-cerrar-a-las-19-horas"],"yoast_head":"<!-- This site is optimized with the Yoast SEO plugin v23.4 - https:\/\/yoast.com\/wordpress\/plugins\/seo\/ -->\n<title>Restricciones en Chivilcoy: prohibida la circulaci\u00f3n de personas entre las 20 y 6 horas - Infoecos<\/title>\n<meta name=\"robots\" content=\"index, follow, max-snippet:-1, max-image-preview:large, max-video-preview:-1\" \/>\n<link rel=\"canonical\" href=\"https:\/\/infoecos.com.ar\/index.php\/desde-hoy-restricciones-en-chivilcoy-prohibida-la-circulacion-de-personas-entre-las-20-y-6-horas\/\" \/>\n<meta property=\"og:locale\" content=\"es_ES\" \/>\n<meta property=\"og:type\" content=\"article\" \/>\n<meta property=\"og:title\" content=\"Restricciones en Chivilcoy: prohibida la circulaci\u00f3n de personas entre las 20 y 6 horas - Infoecos\" \/>\n<meta property=\"og:description\" content=\"En cuanto a las actividades llevadas a cabo por gimnasios, est\u00e1 permitida solo al aire libre, con un m\u00e1ximo de 10 personas, de 6 a 19 horas, en espacios abiertos habilitados a tal efecto por la Direcci\u00f3n de Deportes\" \/>\n<meta property=\"og:url\" content=\"https:\/\/infoecos.com.ar\/index.php\/desde-hoy-restricciones-en-chivilcoy-prohibida-la-circulacion-de-personas-entre-las-20-y-6-horas\/\" \/>\n<meta property=\"og:site_name\" content=\"Infoecos\" \/>\n<meta property=\"article:publisher\" content=\"https:\/\/www.facebook.com\/profile.php?id=100063200290284\" \/>\n<meta property=\"article:published_time\" content=\"2021-05-18T04:08:26+00:00\" \/>\n<meta property=\"article:modified_time\" content=\"2021-05-19T04:13:56+00:00\" \/>\n<meta property=\"og:image\" content=\"https:\/\/infoecos.com.ar\/wp-content\/uploads\/2021\/05\/britos.jpg\" \/>\n\t<meta property=\"og:image:width\" content=\"768\" \/>\n\t<meta property=\"og:image:height\" content=\"512\" \/>\n\t<meta property=\"og:image:type\" content=\"image\/jpeg\" \/>\n<meta name=\"author\" content=\"Jorge Matheus\" \/>\n<meta name=\"twitter:card\" content=\"summary_large_image\" \/>\n<meta name=\"twitter:creator\" content=\"@infoecos\" \/>\n<meta name=\"twitter:site\" content=\"@infoecos\" \/>\n<meta name=\"twitter:label1\" content=\"Escrito por\" \/>\n\t<meta name=\"twitter:data1\" content=\"Jorge Matheus\" \/>\n\t<meta name=\"twitter:label2\" content=\"Tiempo de lectura\" \/>\n\t<meta name=\"twitter:data2\" content=\"1 minuto\" \/>\n<script type=\"application\/ld+json\" class=\"yoast-schema-graph\">{\"@context\":\"https:\/\/schema.org\",\"@graph\":[{\"@type\":\"Article\",\"@id\":\"https:\/\/infoecos.com.ar\/index.php\/desde-hoy-restricciones-en-chivilcoy-prohibida-la-circulacion-de-personas-entre-las-20-y-6-horas\/#article\",\"isPartOf\":{\"@id\":\"https:\/\/infoecos.com.ar\/index.php\/desde-hoy-restricciones-en-chivilcoy-prohibida-la-circulacion-de-personas-entre-las-20-y-6-horas\/\"},\"author\":{\"name\":\"Jorge Matheus\",\"@id\":\"https:\/\/infoecos.com.ar\/#\/schema\/person\/8f5ace5ce73b4b4aac4b7245aee6f191\"},\"headline\":\"Restricciones en Chivilcoy: prohibida la circulaci\u00f3n de personas entre las 20 y 6 horas\",\"datePublished\":\"2021-05-18T04:08:26+00:00\",\"dateModified\":\"2021-05-19T04:13:56+00:00\",\"mainEntityOfPage\":{\"@id\":\"https:\/\/infoecos.com.ar\/index.php\/desde-hoy-restricciones-en-chivilcoy-prohibida-la-circulacion-de-personas-entre-las-20-y-6-horas\/\"},\"wordCount\":264,\"publisher\":{\"@id\":\"https:\/\/infoecos.com.ar\/#organization\"},\"image\":{\"@id\":\"https:\/\/infoecos.com.ar\/index.php\/desde-hoy-restricciones-en-chivilcoy-prohibida-la-circulacion-de-personas-entre-las-20-y-6-horas\/#primaryimage\"},\"thumbnailUrl\":\"https:\/\/infoecos.com.ar\/wp-content\/uploads\/2021\/05\/britos.jpg\",\"keywords\":[\"EL COMERCIO DEBE CERRAR A LAS 19 HORAS\"],\"articleSection\":[\"Bloque inferior - 4\"],\"inLanguage\":\"es\"},{\"@type\":\"WebPage\",\"@id\":\"https:\/\/infoecos.com.ar\/index.php\/desde-hoy-restricciones-en-chivilcoy-prohibida-la-circulacion-de-personas-entre-las-20-y-6-horas\/\",\"url\":\"https:\/\/infoecos.com.ar\/index.php\/desde-hoy-restricciones-en-chivilcoy-prohibida-la-circulacion-de-personas-entre-las-20-y-6-horas\/\",\"name\":\"Restricciones en Chivilcoy: prohibida la circulaci\u00f3n de personas entre las 20 y 6 horas - Infoecos\",\"isPartOf\":{\"@id\":\"https:\/\/infoecos.com.ar\/#website\"},\"primaryImageOfPage\":{\"@id\":\"https:\/\/infoecos.com.ar\/index.php\/desde-hoy-restricciones-en-chivilcoy-prohibida-la-circulacion-de-personas-entre-las-20-y-6-horas\/#primaryimage\"},\"image\":{\"@id\":\"https:\/\/infoecos.com.ar\/index.php\/desde-hoy-restricciones-en-chivilcoy-prohibida-la-circulacion-de-personas-entre-las-20-y-6-horas\/#primaryimage\"},\"thumbnailUrl\":\"https:\/\/infoecos.com.ar\/wp-content\/uploads\/2021\/05\/britos.jpg\",\"datePublished\":\"2021-05-18T04:08:26+00:00\",\"dateModified\":\"2021-05-19T04:13:56+00:00\",\"breadcrumb\":{\"@id\":\"https:\/\/infoecos.com.ar\/index.php\/desde-hoy-restricciones-en-chivilcoy-prohibida-la-circulacion-de-personas-entre-las-20-y-6-horas\/#breadcrumb\"},\"inLanguage\":\"es\",\"potentialAction\":[{\"@type\":\"ReadAction\",\"target\":[\"https:\/\/infoecos.com.ar\/index.php\/desde-hoy-restricciones-en-chivilcoy-prohibida-la-circulacion-de-personas-entre-las-20-y-6-horas\/\"]}]},{\"@type\":\"ImageObject\",\"inLanguage\":\"es\",\"@id\":\"https:\/\/infoecos.com.ar\/index.php\/desde-hoy-restricciones-en-chivilcoy-prohibida-la-circulacion-de-personas-entre-las-20-y-6-horas\/#primaryimage\",\"url\":\"https:\/\/infoecos.com.ar\/wp-content\/uploads\/2021\/05\/britos.jpg\",\"contentUrl\":\"https:\/\/infoecos.com.ar\/wp-content\/uploads\/2021\/05\/britos.jpg\",\"width\":768,\"height\":512},{\"@type\":\"BreadcrumbList\",\"@id\":\"https:\/\/infoecos.com.ar\/index.php\/desde-hoy-restricciones-en-chivilcoy-prohibida-la-circulacion-de-personas-entre-las-20-y-6-horas\/#breadcrumb\",\"itemListElement\":[{\"@type\":\"ListItem\",\"position\":1,\"name\":\"Portada\",\"item\":\"https:\/\/infoecos.com.ar\/\"},{\"@type\":\"ListItem\",\"position\":2,\"name\":\"Restricciones en Chivilcoy: prohibida la circulaci\u00f3n de personas entre las 20 y 6 horas\"}]},{\"@type\":\"WebSite\",\"@id\":\"https:\/\/infoecos.com.ar\/#website\",\"url\":\"https:\/\/infoecos.com.ar\/\",\"name\":\"Infoecos\",\"description\":\"Noticias de trenque lauquen y la zona\",\"publisher\":{\"@id\":\"https:\/\/infoecos.com.ar\/#organization\"},\"alternateName\":\"Noticias\",\"potentialAction\":[{\"@type\":\"SearchAction\",\"target\":{\"@type\":\"EntryPoint\",\"urlTemplate\":\"https:\/\/infoecos.com.ar\/?s={search_term_string}\"},\"query-input\":{\"@type\":\"PropertyValueSpecification\",\"valueRequired\":true,\"valueName\":\"search_term_string\"}}],\"inLanguage\":\"es\"},{\"@type\":\"Organization\",\"@id\":\"https:\/\/infoecos.com.ar\/#organization\",\"name\":\"Infoecos\",\"alternateName\":\"Noticias\",\"url\":\"https:\/\/infoecos.com.ar\/\",\"logo\":{\"@type\":\"ImageObject\",\"inLanguage\":\"es\",\"@id\":\"https:\/\/infoecos.com.ar\/#\/schema\/logo\/image\/\",\"url\":\"https:\/\/infoecos.com.ar\/wp-content\/uploads\/2024\/03\/cropped-logo.png\",\"contentUrl\":\"https:\/\/infoecos.com.ar\/wp-content\/uploads\/2024\/03\/cropped-logo.png\",\"width\":374,\"height\":90,\"caption\":\"Infoecos\"},\"image\":{\"@id\":\"https:\/\/infoecos.com.ar\/#\/schema\/logo\/image\/\"},\"sameAs\":[\"https:\/\/www.facebook.com\/profile.php?id=100063200290284\",\"https:\/\/x.com\/infoecos\"]},{\"@type\":\"Person\",\"@id\":\"https:\/\/infoecos.com.ar\/#\/schema\/person\/8f5ace5ce73b4b4aac4b7245aee6f191\",\"name\":\"Jorge Matheus\",\"url\":\"https:\/\/infoecos.com.ar\/index.php\/author\/jomatheus\/\"}]}<\/script>\n<!-- \/ Yoast SEO plugin. -->","yoast_head_json":{"title":"Restricciones en Chivilcoy: prohibida la circulaci\u00f3n de personas entre las 20 y 6 horas - Infoecos","robots":{"index":"index","follow":"follow","max-snippet":"max-snippet:-1","max-image-preview":"max-image-preview:large","max-video-preview":"max-video-preview:-1"},"canonical":"https:\/\/infoecos.com.ar\/index.php\/desde-hoy-restricciones-en-chivilcoy-prohibida-la-circulacion-de-personas-entre-las-20-y-6-horas\/","og_locale":"es_ES","og_type":"article","og_title":"Restricciones en Chivilcoy: prohibida la circulaci\u00f3n de personas entre las 20 y 6 horas - Infoecos","og_description":"En cuanto a las actividades llevadas a cabo por gimnasios, est\u00e1 permitida solo al aire libre, con un m\u00e1ximo de 10 personas, de 6 a 19 horas, en espacios abiertos habilitados a tal efecto por la Direcci\u00f3n de Deportes","og_url":"https:\/\/infoecos.com.ar\/index.php\/desde-hoy-restricciones-en-chivilcoy-prohibida-la-circulacion-de-personas-entre-las-20-y-6-horas\/","og_site_name":"Infoecos","article_publisher":"https:\/\/www.facebook.com\/profile.php?id=100063200290284","article_published_time":"2021-05-18T04:08:26+00:00","article_modified_time":"2021-05-19T04:13:56+00:00","og_image":[{"width":768,"height":512,"url":"https:\/\/infoecos.com.ar\/wp-content\/uploads\/2021\/05\/britos.jpg","type":"image\/jpeg"}],"author":"Jorge Matheus","twitter_card":"summary_large_image","twitter_creator":"@infoecos","twitter_site":"@infoecos","twitter_misc":{"Escrito por":"Jorge Matheus","Tiempo de lectura":"1 minuto"},"schema":{"@context":"https:\/\/schema.org","@graph":[{"@type":"Article","@id":"https:\/\/infoecos.com.ar\/index.php\/desde-hoy-restricciones-en-chivilcoy-prohibida-la-circulacion-de-personas-entre-las-20-y-6-horas\/#article","isPartOf":{"@id":"https:\/\/infoecos.com.ar\/index.php\/desde-hoy-restricciones-en-chivilcoy-prohibida-la-circulacion-de-personas-entre-las-20-y-6-horas\/"},"author":{"name":"Jorge Matheus","@id":"https:\/\/infoecos.com.ar\/#\/schema\/person\/8f5ace5ce73b4b4aac4b7245aee6f191"},"headline":"Restricciones en Chivilcoy: prohibida la circulaci\u00f3n de personas entre las 20 y 6 horas","datePublished":"2021-05-18T04:08:26+00:00","dateModified":"2021-05-19T04:13:56+00:00","mainEntityOfPage":{"@id":"https:\/\/infoecos.com.ar\/index.php\/desde-hoy-restricciones-en-chivilcoy-prohibida-la-circulacion-de-personas-entre-las-20-y-6-horas\/"},"wordCount":264,"publisher":{"@id":"https:\/\/infoecos.com.ar\/#organization"},"image":{"@id":"https:\/\/infoecos.com.ar\/index.php\/desde-hoy-restricciones-en-chivilcoy-prohibida-la-circulacion-de-personas-entre-las-20-y-6-horas\/#primaryimage"},"thumbnailUrl":"https:\/\/infoecos.com.ar\/wp-content\/uploads\/2021\/05\/britos.jpg","keywords":["EL COMERCIO DEBE CERRAR A LAS 19 HORAS"],"articleSection":["Bloque inferior - 4"],"inLanguage":"es"},{"@type":"WebPage","@id":"https:\/\/infoecos.com.ar\/index.php\/desde-hoy-restricciones-en-chivilcoy-prohibida-la-circulacion-de-personas-entre-las-20-y-6-horas\/","url":"https:\/\/infoecos.com.ar\/index.php\/desde-hoy-restricciones-en-chivilcoy-prohibida-la-circulacion-de-personas-entre-las-20-y-6-horas\/","name":"Restricciones en Chivilcoy: prohibida la circulaci\u00f3n de personas entre las 20 y 6 horas - Infoecos","isPartOf":{"@id":"https:\/\/infoecos.com.ar\/#website"},"primaryImageOfPage":{"@id":"https:\/\/infoecos.com.ar\/index.php\/desde-hoy-restricciones-en-chivilcoy-prohibida-la-circulacion-de-personas-entre-las-20-y-6-horas\/#primaryimage"},"image":{"@id":"https:\/\/infoecos.com.ar\/index.php\/desde-hoy-restricciones-en-chivilcoy-prohibida-la-circulacion-de-personas-entre-las-20-y-6-horas\/#primaryimage"},"thumbnailUrl":"https:\/\/infoecos.com.ar\/wp-content\/uploads\/2021\/05\/britos.jpg","datePublished":"2021-05-18T04:08:26+00:00","dateModified":"2021-05-19T04:13:56+00:00","breadcrumb":{"@id":"https:\/\/infoecos.com.ar\/index.php\/desde-hoy-restricciones-en-chivilcoy-prohibida-la-circulacion-de-personas-entre-las-20-y-6-horas\/#breadcrumb"},"inLanguage":"es","potentialAction":[{"@type":"ReadAction","target":["https:\/\/infoecos.com.ar\/index.php\/desde-hoy-restricciones-en-chivilcoy-prohibida-la-circulacion-de-personas-entre-las-20-y-6-horas\/"]}]},{"@type":"ImageObject","inLanguage":"es","@id":"https:\/\/infoecos.com.ar\/index.php\/desde-hoy-restricciones-en-chivilcoy-prohibida-la-circulacion-de-personas-entre-las-20-y-6-horas\/#primaryimage","url":"https:\/\/infoecos.com.ar\/wp-content\/uploads\/2021\/05\/britos.jpg","contentUrl":"https:\/\/infoecos.com.ar\/wp-content\/uploads\/2021\/05\/britos.jpg","width":768,"height":512},{"@type":"BreadcrumbList","@id":"https:\/\/infoecos.com.ar\/index.php\/desde-hoy-restricciones-en-chivilcoy-prohibida-la-circulacion-de-personas-entre-las-20-y-6-horas\/#breadcrumb","itemListElement":[{"@type":"ListItem","position":1,"name":"Portada","item":"https:\/\/infoecos.com.ar\/"},{"@type":"ListItem","position":2,"name":"Restricciones en Chivilcoy: prohibida la circulaci\u00f3n de personas entre las 20 y 6 horas"}]},{"@type":"WebSite","@id":"https:\/\/infoecos.com.ar\/#website","url":"https:\/\/infoecos.com.ar\/","name":"Infoecos","description":"Noticias de trenque lauquen y la zona","publisher":{"@id":"https:\/\/infoecos.com.ar\/#organization"},"alternateName":"Noticias","potentialAction":[{"@type":"SearchAction","target":{"@type":"EntryPoint","urlTemplate":"https:\/\/infoecos.com.ar\/?s={search_term_string}"},"query-input":{"@type":"PropertyValueSpecification","valueRequired":true,"valueName":"search_term_string"}}],"inLanguage":"es"},{"@type":"Organization","@id":"https:\/\/infoecos.com.ar\/#organization","name":"Infoecos","alternateName":"Noticias","url":"https:\/\/infoecos.com.ar\/","logo":{"@type":"ImageObject","inLanguage":"es","@id":"https:\/\/infoecos.com.ar\/#\/schema\/logo\/image\/","url":"https:\/\/infoecos.com.ar\/wp-content\/uploads\/2024\/03\/cropped-logo.png","contentUrl":"https:\/\/infoecos.com.ar\/wp-content\/uploads\/2024\/03\/cropped-logo.png","width":374,"height":90,"caption":"Infoecos"},"image":{"@id":"https:\/\/infoecos.com.ar\/#\/schema\/logo\/image\/"},"sameAs":["https:\/\/www.facebook.com\/profile.php?id=100063200290284","https:\/\/x.com\/infoecos"]},{"@type":"Person","@id":"https:\/\/infoecos.com.ar\/#\/schema\/person\/8f5ace5ce73b4b4aac4b7245aee6f191","name":"Jorge Matheus","url":"https:\/\/infoecos.com.ar\/index.php\/author\/jomatheus\/"}]}},"featured_image_urls":{"full":["https:\/\/infoecos.com.ar\/wp-content\/uploads\/2021\/05\/britos.jpg",768,512,false],"thumbnail":["https:\/\/infoecos.com.ar\/wp-content\/uploads\/2021\/05\/britos-150x150.jpg",150,150,true],"medium":["https:\/\/infoecos.com.ar\/wp-content\/uploads\/2021\/05\/britos-460x307.jpg",460,307,true],"medium_large":["https:\/\/infoecos.com.ar\/wp-content\/uploads\/2021\/05\/britos.jpg",640,427,false],"large":["https:\/\/infoecos.com.ar\/wp-content\/uploads\/2021\/05\/britos.jpg",640,427,false],"1536x1536":["https:\/\/infoecos.com.ar\/wp-content\/uploads\/2021\/05\/britos.jpg",768,512,false],"2048x2048":["https:\/\/infoecos.com.ar\/wp-content\/uploads\/2021\/05\/britos.jpg",768,512,false],"covernews-slider-full":["https:\/\/infoecos.com.ar\/wp-content\/uploads\/2021\/05\/britos.jpg",768,512,false],"covernews-slider-center":["https:\/\/infoecos.com.ar\/wp-content\/uploads\/2021\/05\/britos.jpg",750,500,false],"covernews-featured":["https:\/\/infoecos.com.ar\/wp-content\/uploads\/2021\/05\/britos.jpg",768,512,false],"covernews-medium":["https:\/\/infoecos.com.ar\/wp-content\/uploads\/2021\/05\/britos-720x380.jpg",540,285,true],"covernews-medium-square":["https:\/\/infoecos.com.ar\/wp-content\/uploads\/2021\/05\/britos-675x450.jpg",375,250,true]},"author_info":{"info":["Jorge Matheus"]},"category_info":"<a href=\"https:\/\/infoecos.com.ar\/index.php\/category\/inferior4\/\" rel=\"category tag\">Bloque inferior - 4<\/a>","tag_info":"Bloque inferior - 4","comment_count":"0","_links":{"self":[{"href":"https:\/\/infoecos.com.ar\/index.php\/wp-json\/wp\/v2\/posts\/78223"}],"collection":[{"href":"https:\/\/infoecos.com.ar\/index.php\/wp-json\/wp\/v2\/posts"}],"about":[{"href":"https:\/\/infoecos.com.ar\/index.php\/wp-json\/wp\/v2\/types\/post"}],"author":[{"embeddable":true,"href":"https:\/\/infoecos.com.ar\/index.php\/wp-json\/wp\/v2\/users\/2"}],"replies":[{"embeddable":true,"href":"https:\/\/infoecos.com.ar\/index.php\/wp-json\/wp\/v2\/comments?post=78223"}],"version-history":[{"count":2,"href":"https:\/\/infoecos.com.ar\/index.php\/wp-json\/wp\/v2\/posts\/78223\/revisions"}],"predecessor-version":[{"id":78324,"href":"https:\/\/infoecos.com.ar\/index.php\/wp-json\/wp\/v2\/posts\/78223\/revisions\/78324"}],"wp:featuredmedia":[{"embeddable":true,"href":"https:\/\/infoecos.com.ar\/index.php\/wp-json\/wp\/v2\/media\/78224"}],"wp:attachment":[{"href":"https:\/\/infoecos.com.ar\/index.php\/wp-json\/wp\/v2\/media?parent=78223"}],"wp:term":[{"taxonomy":"category","embeddable":true,"href":"https:\/\/infoecos.com.ar\/index.php\/wp-json\/wp\/v2\/categories?post=78223"},{"taxonomy":"post_tag","embeddable":true,"href":"https:\/\/infoecos.com.ar\/index.php\/wp-json\/wp\/v2\/tags?post=78223"}],"curies":[{"name":"wp","href":"https:\/\/api.w.org\/{rel}","templated":true}]}}