{"id":78226,"date":"2021-05-18T01:15:37","date_gmt":"2021-05-18T04:15:37","guid":{"rendered":"http:\/\/infoecos.com.ar\/?p=78226"},"modified":"2021-05-18T01:15:45","modified_gmt":"2021-05-18T04:15:45","slug":"bragado-60-nuevos-contagios-y-dos-personas-fallecidas","status":"publish","type":"post","link":"https:\/\/infoecos.com.ar\/index.php\/bragado-60-nuevos-contagios-y-dos-personas-fallecidas\/","title":{"rendered":"Bragado: 60 nuevos contagios y dos personas fallecidas"},"content":{"rendered":"\n<p class=\"wp-block-paragraph\">El\u00a0Comit\u00e9 de Salud\u00a0de Bragado confirm\u00f3 anoche\u00a0el fallecimiento por COVID de los dos bragadenses. Se trata de una persona de 38 a\u00f1os y un hombre de 78. Tambi\u00e9n inform\u00f3 la detecci\u00f3n de\u00a060 nuevos infectados, de los cuales\u00a019 se hallaron por el Plan DetectAr.<\/p>\n\n\n\n<div class=\"wp-block-image\"><figure class=\"aligncenter size-medium\"><img loading=\"lazy\" decoding=\"async\" width=\"460\" height=\"345\" src=\"http:\/\/infoecos.com.ar\/wp-content\/uploads\/2021\/05\/bragadodetectar-460x345.jpg\" alt=\"\" class=\"wp-image-78227\" srcset=\"https:\/\/infoecos.com.ar\/wp-content\/uploads\/2021\/05\/bragadodetectar-460x345.jpg 460w, https:\/\/infoecos.com.ar\/wp-content\/uploads\/2021\/05\/bragadodetectar.jpg 600w\" sizes=\"auto, (max-width: 460px) 100vw, 460px\" \/><\/figure><\/div>\n\n\n\n<p class=\"wp-block-paragraph\">Los fallecidos se encontraban internados en la Unidad de Terapia Intensiva del Hospital San Luis, por lo que la cifra de v\u00edctimas fatales desde el comienzo de la pandemia se elev\u00f3 a\u00a0115. Tambi\u00e9n extraoficialmente podemos comunicar\u00a0la\u00a0muerte de otro bragadense en la localidad de Azul, quien se encontraba temporalmente por cuestiones de trabajo.<\/p>\n","protected":false},"excerpt":{"rendered":"<p>Los fallecidos se encontraban internados en la Unidad de Terapia Intensiva del Hospital San Luis, por lo que la cifra de v\u00edctimas fatales desde el comienzo de la pandemia se elev\u00f3 a 115<\/p>\n","protected":false},"author":2,"featured_media":78227,"comment_status":"closed","ping_status":"open","sticky":false,"template":"","format":"standard","meta":{"footnotes":""},"categories":[197],"tags":[1785],"class_list":["post-78226","post","type-post","status-publish","format-standard","has-post-thumbnail","hentry","category-c3nota4","tag-coronavirus"],"featured_image_urls":{"full":["https:\/\/infoecos.com.ar\/wp-content\/uploads\/2021\/05\/bragadodetectar.jpg",600,450,false],"thumbnail":["https:\/\/infoecos.com.ar\/wp-content\/uploads\/2021\/05\/bragadodetectar-150x150.jpg",150,150,true],"medium":["https:\/\/infoecos.com.ar\/wp-content\/uploads\/2021\/05\/bragadodetectar-460x345.jpg",460,345,true],"medium_large":["https:\/\/infoecos.com.ar\/wp-content\/uploads\/2021\/05\/bragadodetectar.jpg",600,450,false],"large":["https:\/\/infoecos.com.ar\/wp-content\/uploads\/2021\/05\/bragadodetectar.jpg",600,450,false],"1536x1536":["https:\/\/infoecos.com.ar\/wp-content\/uploads\/2021\/05\/bragadodetectar.jpg",600,450,false],"2048x2048":["https:\/\/infoecos.com.ar\/wp-content\/uploads\/2021\/05\/bragadodetectar.jpg",600,450,false],"covernews-slider-full":["https:\/\/infoecos.com.ar\/wp-content\/uploads\/2021\/05\/bragadodetectar.jpg",600,450,false],"covernews-slider-center":["https:\/\/infoecos.com.ar\/wp-content\/uploads\/2021\/05\/bragadodetectar.jpg",600,450,false],"covernews-featured":["https:\/\/infoecos.com.ar\/wp-content\/uploads\/2021\/05\/bragadodetectar.jpg",600,450,false],"covernews-medium":["https:\/\/infoecos.com.ar\/wp-content\/uploads\/2021\/05\/bragadodetectar-600x380.jpg",537,340,true],"covernews-medium-square":["https:\/\/infoecos.com.ar\/wp-content\/uploads\/2021\/05\/bragadodetectar.jpg",333,250,false]},"author_info":{"info":["Jorge Matheus"]},"category_info":"<a href=\"https:\/\/infoecos.com.ar\/index.php\/category\/c3nota4\/\" rel=\"category tag\">C3 N4<\/a>","tag_info":"C3 N4","comment_count":"0","_links":{"self":[{"href":"https:\/\/infoecos.com.ar\/index.php\/wp-json\/wp\/v2\/posts\/78226","targetHints":{"allow":["GET"]}}],"collection":[{"href":"https:\/\/infoecos.com.ar\/index.php\/wp-json\/wp\/v2\/posts"}],"about":[{"href":"https:\/\/infoecos.com.ar\/index.php\/wp-json\/wp\/v2\/types\/post"}],"author":[{"embeddable":true,"href":"https:\/\/infoecos.com.ar\/index.php\/wp-json\/wp\/v2\/users\/2"}],"replies":[{"embeddable":true,"href":"https:\/\/infoecos.com.ar\/index.php\/wp-json\/wp\/v2\/comments?post=78226"}],"version-history":[{"count":1,"href":"https:\/\/infoecos.com.ar\/index.php\/wp-json\/wp\/v2\/posts\/78226\/revisions"}],"predecessor-version":[{"id":78228,"href":"https:\/\/infoecos.com.ar\/index.php\/wp-json\/wp\/v2\/posts\/78226\/revisions\/78228"}],"wp:featuredmedia":[{"embeddable":true,"href":"https:\/\/infoecos.com.ar\/index.php\/wp-json\/wp\/v2\/media\/78227"}],"wp:attachment":[{"href":"https:\/\/infoecos.com.ar\/index.php\/wp-json\/wp\/v2\/media?parent=78226"}],"wp:term":[{"taxonomy":"category","embeddable":true,"href":"https:\/\/infoecos.com.ar\/index.php\/wp-json\/wp\/v2\/categories?post=78226"},{"taxonomy":"post_tag","embeddable":true,"href":"https:\/\/infoecos.com.ar\/index.php\/wp-json\/wp\/v2\/tags?post=78226"}],"curies":[{"name":"wp","href":"https:\/\/api.w.org\/{rel}","templated":true}]}}