{"id":78258,"date":"2021-05-18T16:31:14","date_gmt":"2021-05-18T19:31:14","guid":{"rendered":"http:\/\/infoecos.com.ar\/?p=78258"},"modified":"2021-05-18T16:34:17","modified_gmt":"2021-05-18T19:34:17","slug":"el-senado-bonaerense-autorizo-al-gobierno-de-la-provincia-de-buenos-aires-la-compra-de-vacunas-contra-el-coronavirus","status":"publish","type":"post","link":"https:\/\/infoecos.com.ar\/index.php\/el-senado-bonaerense-autorizo-al-gobierno-de-la-provincia-de-buenos-aires-la-compra-de-vacunas-contra-el-coronavirus\/","title":{"rendered":"El Senado bonaerense autoriz\u00f3 al gobierno de la provincia de Buenos Aires la compra de vacunas contra el coronavirus"},"content":{"rendered":"\n<p class=\"wp-block-paragraph\">El\u00a0Senado bonaerense\u00a0sancion\u00f3 el\u00a0proyecto de ley que faculta al Gobierno de la\u00a0Provincia de Buenos Aires\u00a0a\u00a0iniciar negociaciones, contactos y contratos en el mercado internacional para la compra de vacunas contra el coronavirus<strong>\u00a0<\/strong>para reforzar la campa\u00f1a de inmunizaci\u00f3n.<\/p>\n\n\n\n<p class=\"wp-block-paragraph\">La iniciativa que lleva la firma del gobernador<strong>\u00a0<\/strong>Axel Kicillof\u00a0faculta al\u00a0Poder Ejecutivo, a trav\u00e9s de los Ministerios de Salud y Jefatura de Gabinete, \u201ca adoptar medidas tendientes a la adquisici\u00f3n de vacunas durante la vigencia de la emergencia sanitaria, declarada mediante Decreto N\u00b0 132\/2020, ratificado y prorrogado\u201d.<\/p>\n\n\n\n<div class=\"wp-block-image\"><figure class=\"aligncenter size-medium\"><img loading=\"lazy\" decoding=\"async\" width=\"460\" height=\"307\" src=\"http:\/\/infoecos.com.ar\/wp-content\/uploads\/2020\/09\/senadodebuenosaires-460x307.jpg\" alt=\"\" class=\"wp-image-68387\" srcset=\"https:\/\/infoecos.com.ar\/wp-content\/uploads\/2020\/09\/senadodebuenosaires-460x307.jpg 460w, https:\/\/infoecos.com.ar\/wp-content\/uploads\/2020\/09\/senadodebuenosaires-675x450.jpg 675w, https:\/\/infoecos.com.ar\/wp-content\/uploads\/2020\/09\/senadodebuenosaires.jpg 768w\" sizes=\"auto, (max-width: 460px) 100vw, 460px\" \/><\/figure><\/div>\n\n\n\n<p class=\"wp-block-paragraph\">La\u00a0bancada de senadores provinciales de\u00a0Juntos por el Cambio\u00a0acompa\u00f1\u00f3 el proyecto.<\/p>\n\n\n\n<p class=\"wp-block-paragraph\">El articulado convertido en ley expresa que en el contexto actual \u201cse presenta como imprescindible dotar al Poder Ejecutivo\u00a0(bonaerense) de las facultades que resulten necesarias para contribuir a mejorar la de dosis, estableciendo el marco jur\u00eddico que demanda esta clase de transacciones en el mercado internacional\u201d.<\/p>\n\n\n\n<p class=\"wp-block-paragraph\">El\u00a0proyecto\u00a0faculta al Gobierno a negociar y celebrar contratos, incluso bajo moneda extranjera,\u00a0para la adquisici\u00f3n de vacunas. Tambi\u00e9n se da el\u00a0aval parlamentario\u00a0para que los contratos tengan cl\u00e1usulas de confidencialidad, condiciones de indemnidad patrimonial o pr\u00f3rroga de jurisdicci\u00f3n en casos de litigio judicial.<\/p>\n\n\n\n<p class=\"wp-block-paragraph\">Se le agreg\u00f3 a la propuesta la fiscalizaci\u00f3n de los organismos de control de la provincia<strong>\u00a0<\/strong>y\u00a0el contralor parlamentario a trav\u00e9s de la Bicameral de las Emergencias, por pedido de la\u00a0mesa de enlace parlamentario\u00a0de las bancadas de legisladores provinciales de\u00a0Juntos por el Cambio.<\/p>\n\n\n\n<div class=\"wp-block-image\"><figure class=\"aligncenter size-medium\"><img loading=\"lazy\" decoding=\"async\" width=\"460\" height=\"306\" src=\"http:\/\/infoecos.com.ar\/wp-content\/uploads\/2020\/09\/senado-460x306.jpg\" alt=\"\" class=\"wp-image-67506\" srcset=\"https:\/\/infoecos.com.ar\/wp-content\/uploads\/2020\/09\/senado-460x306.jpg 460w, https:\/\/infoecos.com.ar\/wp-content\/uploads\/2020\/09\/senado-768x511.jpg 768w, https:\/\/infoecos.com.ar\/wp-content\/uploads\/2020\/09\/senado-675x450.jpg 675w, https:\/\/infoecos.com.ar\/wp-content\/uploads\/2020\/09\/senado.jpg 880w\" sizes=\"auto, (max-width: 460px) 100vw, 460px\" \/><\/figure><\/div>\n\n\n\n<p class=\"wp-block-paragraph\">Los contratos deber\u00e1n tener el aval de la Asesor\u00eda General de Gobierno, la Contadur\u00eda y la Fiscal\u00eda de Estado\u00a0y, una vez firmados,\u00a0deber\u00e1n informarse a la Comisi\u00f3n Bicameral que monitorea las emergencias<strong>\u00a0<\/strong>decretadas y renovadas durante el comienzo de la gesti\u00f3n de Axel Kicillof.<\/p>\n\n\n\n<p class=\"wp-block-paragraph\">El Ejecutivo bonaerense estar\u00e1 obligado a informar cada 60 d\u00edas y por escrito, toda adquisici\u00f3n, entrega y distribuci\u00f3n territorial de las vacunas destinadas a generar inmunidad adquirida\u00a0contra la COVID-19.<\/p>\n\n\n\n<p class=\"wp-block-paragraph\">En el inciso 6\u00b0 de la ley que fue aprobada este martes se fija la posibilidad de que la Comisi\u00f3n Bicameral pueda solicitar de \u201cmanera fundada\u201d acceso a las cl\u00e1usulas o acuerdos de confidencialidad<strong>\u00a0<\/strong>que se hayan incluido en los contratos.<\/p>\n","protected":false},"excerpt":{"rendered":"<p>La iniciativa que lleva la firma del gobernador Axel Kicillof faculta al Poder Ejecutivo, a trav\u00e9s de los Ministerios de Salud y Jefatura de Gabinete, \u201ca adoptar medidas tendientes a la adquisici\u00f3n de vacunas durante la vigencia de la emergencia sanitaria, declarada mediante Decreto N\u00b0 132\/2020, ratificado y prorrogado\u201d<\/p>\n","protected":false},"author":2,"featured_media":64222,"comment_status":"closed","ping_status":"open","sticky":false,"template":"","format":"standard","meta":{"footnotes":""},"categories":[1613],"tags":[3691],"class_list":["post-78258","post","type-post","status-publish","format-standard","has-post-thumbnail","hentry","category-noticia-secundaria","tag-en-sesion-realizada-este-martes"],"featured_image_urls":{"full":["https:\/\/infoecos.com.ar\/wp-content\/uploads\/n_11928_3_02072020112812_4.jpeg",1500,1000,false],"thumbnail":["https:\/\/infoecos.com.ar\/wp-content\/uploads\/n_11928_3_02072020112812_4-150x150.jpeg",150,150,true],"medium":["https:\/\/infoecos.com.ar\/wp-content\/uploads\/n_11928_3_02072020112812_4-460x307.jpeg",460,307,true],"medium_large":["https:\/\/infoecos.com.ar\/wp-content\/uploads\/n_11928_3_02072020112812_4-768x512.jpeg",640,427,true],"large":["https:\/\/infoecos.com.ar\/wp-content\/uploads\/n_11928_3_02072020112812_4-920x613.jpeg",640,426,true],"1536x1536":["https:\/\/infoecos.com.ar\/wp-content\/uploads\/n_11928_3_02072020112812_4.jpeg",1500,1000,false],"2048x2048":["https:\/\/infoecos.com.ar\/wp-content\/uploads\/n_11928_3_02072020112812_4.jpeg",1500,1000,false],"covernews-slider-full":["https:\/\/infoecos.com.ar\/wp-content\/uploads\/n_11928_3_02072020112812_4.jpeg",1073,715,false],"covernews-slider-center":["https:\/\/infoecos.com.ar\/wp-content\/uploads\/n_11928_3_02072020112812_4-936x897.jpeg",522,500,true],"covernews-featured":["https:\/\/infoecos.com.ar\/wp-content\/uploads\/n_11928_3_02072020112812_4-1024x683.jpeg",1024,683,true],"covernews-medium":["https:\/\/infoecos.com.ar\/wp-content\/uploads\/n_11928_3_02072020112812_4-720x380.jpeg",540,285,true],"covernews-medium-square":["https:\/\/infoecos.com.ar\/wp-content\/uploads\/n_11928_3_02072020112812_4-675x450.jpeg",375,250,true]},"author_info":{"info":["Jorge Matheus"]},"category_info":"<a href=\"https:\/\/infoecos.com.ar\/index.php\/category\/noticia-secundaria\/\" rel=\"category tag\">Noticia Secundaria<\/a>","tag_info":"Noticia Secundaria","comment_count":"0","_links":{"self":[{"href":"https:\/\/infoecos.com.ar\/index.php\/wp-json\/wp\/v2\/posts\/78258","targetHints":{"allow":["GET"]}}],"collection":[{"href":"https:\/\/infoecos.com.ar\/index.php\/wp-json\/wp\/v2\/posts"}],"about":[{"href":"https:\/\/infoecos.com.ar\/index.php\/wp-json\/wp\/v2\/types\/post"}],"author":[{"embeddable":true,"href":"https:\/\/infoecos.com.ar\/index.php\/wp-json\/wp\/v2\/users\/2"}],"replies":[{"embeddable":true,"href":"https:\/\/infoecos.com.ar\/index.php\/wp-json\/wp\/v2\/comments?post=78258"}],"version-history":[{"count":1,"href":"https:\/\/infoecos.com.ar\/index.php\/wp-json\/wp\/v2\/posts\/78258\/revisions"}],"predecessor-version":[{"id":78259,"href":"https:\/\/infoecos.com.ar\/index.php\/wp-json\/wp\/v2\/posts\/78258\/revisions\/78259"}],"wp:featuredmedia":[{"embeddable":true,"href":"https:\/\/infoecos.com.ar\/index.php\/wp-json\/wp\/v2\/media\/64222"}],"wp:attachment":[{"href":"https:\/\/infoecos.com.ar\/index.php\/wp-json\/wp\/v2\/media?parent=78258"}],"wp:term":[{"taxonomy":"category","embeddable":true,"href":"https:\/\/infoecos.com.ar\/index.php\/wp-json\/wp\/v2\/categories?post=78258"},{"taxonomy":"post_tag","embeddable":true,"href":"https:\/\/infoecos.com.ar\/index.php\/wp-json\/wp\/v2\/tags?post=78258"}],"curies":[{"name":"wp","href":"https:\/\/api.w.org\/{rel}","templated":true}]}}