{"id":78293,"date":"2021-05-19T00:09:01","date_gmt":"2021-05-19T03:09:01","guid":{"rendered":"http:\/\/infoecos.com.ar\/?p=78293"},"modified":"2021-05-19T00:12:24","modified_gmt":"2021-05-19T03:12:24","slug":"piedritas-es-la-localidad-con-mas-casos-positivos-dijo-el-director-medicos-de-los-caps-de-general-villegas","status":"publish","type":"post","link":"https:\/\/infoecos.com.ar\/index.php\/piedritas-es-la-localidad-con-mas-casos-positivos-dijo-el-director-medicos-de-los-caps-de-general-villegas\/","title":{"rendered":"\u00abPiedritas es la localidad con m\u00e1s casos positivos\u00bb, dijo el Director M\u00e9dico de los CAPS de General Villegas"},"content":{"rendered":"\n<p>\u00a0El Director M\u00e9dico de los Centros de Atenci\u00f3n Primaria de la Salud (CAPS) de General Villegas, Dr. Sergio Bertone, se refiri\u00f3 a la situaci\u00f3n que atraviesa la localidad de Piedritas y los pueblos del Partido.<\/p>\n\n\n\n<p>\u201cCon esta segunda ola hemos tenido muchos casos en Piedritas, Bunge y Coronel Charlone principalmente y m\u00e1s casos aislados en el resto de los pueblos, pero en este momento Piedritas es la localidad con m\u00e1s casos positivos\u201d, dijo Bertone.<\/p>\n\n\n\n<div class=\"wp-block-image\"><figure class=\"aligncenter size-medium\"><img loading=\"lazy\" decoding=\"async\" width=\"460\" height=\"259\" src=\"http:\/\/infoecos.com.ar\/wp-content\/uploads\/2021\/05\/WhatsApp-Image-2021-05-18-at-13.10.16-460x259.jpeg\" alt=\"\" class=\"wp-image-78294\" srcset=\"https:\/\/infoecos.com.ar\/wp-content\/uploads\/2021\/05\/WhatsApp-Image-2021-05-18-at-13.10.16-460x259.jpeg 460w, https:\/\/infoecos.com.ar\/wp-content\/uploads\/2021\/05\/WhatsApp-Image-2021-05-18-at-13.10.16-920x518.jpeg 920w, https:\/\/infoecos.com.ar\/wp-content\/uploads\/2021\/05\/WhatsApp-Image-2021-05-18-at-13.10.16-768x432.jpeg 768w, https:\/\/infoecos.com.ar\/wp-content\/uploads\/2021\/05\/WhatsApp-Image-2021-05-18-at-13.10.16-1024x576.jpeg 1024w, https:\/\/infoecos.com.ar\/wp-content\/uploads\/2021\/05\/WhatsApp-Image-2021-05-18-at-13.10.16.jpeg 1032w\" sizes=\"(max-width: 460px) 100vw, 460px\" \/><figcaption>Doctor Sergio Bertone<\/figcaption><\/figure><\/div>\n\n\n\n<p>Asimismo, coment\u00f3 que \u201chasta el momento hay 112 activos, el lunes cerr\u00f3 con 106 por lo cual al d\u00eda martes y durante la ma\u00f1ana se sumaron 6 casos m\u00e1s y est\u00e1n todos controlados por el equipo que tenemos en cada centro de salud\u00bb.<\/p>\n\n\n\n<p>Con respecto a las causas del aumento de casos en Piedritas consider\u00f3 que \u201clo primero que nosotros venimos diciendo desde hace m\u00e1s de un a\u00f1o es el cuidado de cada uno, el tema del distanciamiento, el lavado de manos, higienizarse con alcohol, el barbijo que ven\u00edamos viendo que en algunas localidades -como la ciudad cabecera por supuesto- que la gente no cumpl\u00eda con esos simples protocolos de cuidado que ven\u00edamos dando desde salud\u201d.<\/p>\n\n\n\n<p>Opin\u00f3 que \u201ctanto en Piedritas como en la ciudad cabecera y el resto de las localidades estamos en el pico de contagios porque hemos tenido una disminuci\u00f3n del ingreso al Hospital para cuidados cr\u00edticos o en sala de internaci\u00f3n, pero a partir de los pr\u00f3ximos 4 o 5 d\u00edas vamos a tener las altas de los primeros pacientes que dieron positivo\u201d.<\/p>\n\n\n\n<p>Con respecto a las otras localidades confi\u00f3 que est\u00e1n m\u00e1s tranquilos, tienen menos casos y por el momento est\u00e1n bien controlados y revel\u00f3 que con el Intendente Campana estuvieron en Bunge dialogando con personal del CAPS, la Delegada y la m\u00e9dica de Charlone y analizando la situaci\u00f3n.<\/p>\n\n\n\n<p>Con respecto a descentralizar la vacunaci\u00f3n COVID se\u00f1al\u00f3 que \u201ces una decisi\u00f3n pol\u00edtica y por este motivo todos los meses -cada 20 d\u00edas- mandamos comunicados al Ministerio de Salud para que se pueda extender al resto de los pueblos\u201d.<\/p>\n","protected":false},"excerpt":{"rendered":"<p>\u201cCon esta segunda ola hemos tenido muchos casos en Piedritas, Bunge y Coronel Charlone principalmente y m\u00e1s casos aislados en el resto de los pueblos, pero en este momento Piedritas es la localidad con m\u00e1s casos positivos\u201d<\/p>\n","protected":false},"author":2,"featured_media":78294,"comment_status":"closed","ping_status":"open","sticky":false,"template":"","format":"standard","meta":{"footnotes":""},"categories":[48],"tags":[1785],"class_list":["post-78293","post","type-post","status-publish","format-standard","has-post-thumbnail","hentry","category-c2nota3","tag-coronavirus"],"yoast_head":"<!-- This site is optimized with the Yoast SEO plugin v23.4 - https:\/\/yoast.com\/wordpress\/plugins\/seo\/ -->\n<title>&quot;Piedritas es la localidad con m\u00e1s casos positivos&quot;, dijo el Director M\u00e9dico de los CAPS de General Villegas - Infoecos<\/title>\n<meta name=\"robots\" content=\"index, follow, max-snippet:-1, max-image-preview:large, max-video-preview:-1\" \/>\n<link rel=\"canonical\" href=\"https:\/\/infoecos.com.ar\/index.php\/piedritas-es-la-localidad-con-mas-casos-positivos-dijo-el-director-medicos-de-los-caps-de-general-villegas\/\" \/>\n<meta property=\"og:locale\" content=\"es_ES\" \/>\n<meta property=\"og:type\" content=\"article\" \/>\n<meta property=\"og:title\" content=\"&quot;Piedritas es la localidad con m\u00e1s casos positivos&quot;, dijo el Director M\u00e9dico de los CAPS de General Villegas - Infoecos\" \/>\n<meta property=\"og:description\" content=\"\u201cCon esta segunda ola hemos tenido muchos casos en Piedritas, Bunge y Coronel Charlone principalmente y m\u00e1s casos aislados en el resto de los pueblos, pero en este momento Piedritas es la localidad con m\u00e1s casos positivos\u201d\" \/>\n<meta property=\"og:url\" content=\"https:\/\/infoecos.com.ar\/index.php\/piedritas-es-la-localidad-con-mas-casos-positivos-dijo-el-director-medicos-de-los-caps-de-general-villegas\/\" \/>\n<meta property=\"og:site_name\" content=\"Infoecos\" \/>\n<meta property=\"article:publisher\" content=\"https:\/\/www.facebook.com\/profile.php?id=100063200290284\" \/>\n<meta property=\"article:published_time\" content=\"2021-05-19T03:09:01+00:00\" \/>\n<meta property=\"article:modified_time\" content=\"2021-05-19T03:12:24+00:00\" \/>\n<meta property=\"og:image\" content=\"https:\/\/infoecos.com.ar\/wp-content\/uploads\/2021\/05\/WhatsApp-Image-2021-05-18-at-13.10.16.jpeg\" \/>\n\t<meta property=\"og:image:width\" content=\"1032\" \/>\n\t<meta property=\"og:image:height\" content=\"581\" \/>\n\t<meta property=\"og:image:type\" content=\"image\/jpeg\" \/>\n<meta name=\"author\" content=\"Jorge Matheus\" \/>\n<meta name=\"twitter:card\" content=\"summary_large_image\" \/>\n<meta name=\"twitter:creator\" content=\"@infoecos\" \/>\n<meta name=\"twitter:site\" content=\"@infoecos\" \/>\n<meta name=\"twitter:label1\" content=\"Escrito por\" \/>\n\t<meta name=\"twitter:data1\" content=\"Jorge Matheus\" \/>\n\t<meta name=\"twitter:label2\" content=\"Tiempo de lectura\" \/>\n\t<meta name=\"twitter:data2\" content=\"2 minutos\" \/>\n<script type=\"application\/ld+json\" class=\"yoast-schema-graph\">{\"@context\":\"https:\/\/schema.org\",\"@graph\":[{\"@type\":\"Article\",\"@id\":\"https:\/\/infoecos.com.ar\/index.php\/piedritas-es-la-localidad-con-mas-casos-positivos-dijo-el-director-medicos-de-los-caps-de-general-villegas\/#article\",\"isPartOf\":{\"@id\":\"https:\/\/infoecos.com.ar\/index.php\/piedritas-es-la-localidad-con-mas-casos-positivos-dijo-el-director-medicos-de-los-caps-de-general-villegas\/\"},\"author\":{\"name\":\"Jorge Matheus\",\"@id\":\"https:\/\/infoecos.com.ar\/#\/schema\/person\/8f5ace5ce73b4b4aac4b7245aee6f191\"},\"headline\":\"\u00abPiedritas es la localidad con m\u00e1s casos positivos\u00bb, dijo el Director M\u00e9dico de los CAPS de General Villegas\",\"datePublished\":\"2021-05-19T03:09:01+00:00\",\"dateModified\":\"2021-05-19T03:12:24+00:00\",\"mainEntityOfPage\":{\"@id\":\"https:\/\/infoecos.com.ar\/index.php\/piedritas-es-la-localidad-con-mas-casos-positivos-dijo-el-director-medicos-de-los-caps-de-general-villegas\/\"},\"wordCount\":383,\"publisher\":{\"@id\":\"https:\/\/infoecos.com.ar\/#organization\"},\"image\":{\"@id\":\"https:\/\/infoecos.com.ar\/index.php\/piedritas-es-la-localidad-con-mas-casos-positivos-dijo-el-director-medicos-de-los-caps-de-general-villegas\/#primaryimage\"},\"thumbnailUrl\":\"https:\/\/infoecos.com.ar\/wp-content\/uploads\/2021\/05\/WhatsApp-Image-2021-05-18-at-13.10.16.jpeg\",\"keywords\":[\"CORONAVIRUS\"],\"articleSection\":[\"C2 N3\"],\"inLanguage\":\"es\"},{\"@type\":\"WebPage\",\"@id\":\"https:\/\/infoecos.com.ar\/index.php\/piedritas-es-la-localidad-con-mas-casos-positivos-dijo-el-director-medicos-de-los-caps-de-general-villegas\/\",\"url\":\"https:\/\/infoecos.com.ar\/index.php\/piedritas-es-la-localidad-con-mas-casos-positivos-dijo-el-director-medicos-de-los-caps-de-general-villegas\/\",\"name\":\"\\\"Piedritas es la localidad con m\u00e1s casos positivos\\\", dijo el Director M\u00e9dico de los CAPS de General Villegas - Infoecos\",\"isPartOf\":{\"@id\":\"https:\/\/infoecos.com.ar\/#website\"},\"primaryImageOfPage\":{\"@id\":\"https:\/\/infoecos.com.ar\/index.php\/piedritas-es-la-localidad-con-mas-casos-positivos-dijo-el-director-medicos-de-los-caps-de-general-villegas\/#primaryimage\"},\"image\":{\"@id\":\"https:\/\/infoecos.com.ar\/index.php\/piedritas-es-la-localidad-con-mas-casos-positivos-dijo-el-director-medicos-de-los-caps-de-general-villegas\/#primaryimage\"},\"thumbnailUrl\":\"https:\/\/infoecos.com.ar\/wp-content\/uploads\/2021\/05\/WhatsApp-Image-2021-05-18-at-13.10.16.jpeg\",\"datePublished\":\"2021-05-19T03:09:01+00:00\",\"dateModified\":\"2021-05-19T03:12:24+00:00\",\"breadcrumb\":{\"@id\":\"https:\/\/infoecos.com.ar\/index.php\/piedritas-es-la-localidad-con-mas-casos-positivos-dijo-el-director-medicos-de-los-caps-de-general-villegas\/#breadcrumb\"},\"inLanguage\":\"es\",\"potentialAction\":[{\"@type\":\"ReadAction\",\"target\":[\"https:\/\/infoecos.com.ar\/index.php\/piedritas-es-la-localidad-con-mas-casos-positivos-dijo-el-director-medicos-de-los-caps-de-general-villegas\/\"]}]},{\"@type\":\"ImageObject\",\"inLanguage\":\"es\",\"@id\":\"https:\/\/infoecos.com.ar\/index.php\/piedritas-es-la-localidad-con-mas-casos-positivos-dijo-el-director-medicos-de-los-caps-de-general-villegas\/#primaryimage\",\"url\":\"https:\/\/infoecos.com.ar\/wp-content\/uploads\/2021\/05\/WhatsApp-Image-2021-05-18-at-13.10.16.jpeg\",\"contentUrl\":\"https:\/\/infoecos.com.ar\/wp-content\/uploads\/2021\/05\/WhatsApp-Image-2021-05-18-at-13.10.16.jpeg\",\"width\":1032,\"height\":581},{\"@type\":\"BreadcrumbList\",\"@id\":\"https:\/\/infoecos.com.ar\/index.php\/piedritas-es-la-localidad-con-mas-casos-positivos-dijo-el-director-medicos-de-los-caps-de-general-villegas\/#breadcrumb\",\"itemListElement\":[{\"@type\":\"ListItem\",\"position\":1,\"name\":\"Portada\",\"item\":\"https:\/\/infoecos.com.ar\/\"},{\"@type\":\"ListItem\",\"position\":2,\"name\":\"\u00abPiedritas es la localidad con m\u00e1s casos positivos\u00bb, dijo el Director M\u00e9dico de los CAPS de General Villegas\"}]},{\"@type\":\"WebSite\",\"@id\":\"https:\/\/infoecos.com.ar\/#website\",\"url\":\"https:\/\/infoecos.com.ar\/\",\"name\":\"Infoecos\",\"description\":\"Noticias de trenque lauquen y la zona\",\"publisher\":{\"@id\":\"https:\/\/infoecos.com.ar\/#organization\"},\"alternateName\":\"Noticias\",\"potentialAction\":[{\"@type\":\"SearchAction\",\"target\":{\"@type\":\"EntryPoint\",\"urlTemplate\":\"https:\/\/infoecos.com.ar\/?s={search_term_string}\"},\"query-input\":{\"@type\":\"PropertyValueSpecification\",\"valueRequired\":true,\"valueName\":\"search_term_string\"}}],\"inLanguage\":\"es\"},{\"@type\":\"Organization\",\"@id\":\"https:\/\/infoecos.com.ar\/#organization\",\"name\":\"Infoecos\",\"alternateName\":\"Noticias\",\"url\":\"https:\/\/infoecos.com.ar\/\",\"logo\":{\"@type\":\"ImageObject\",\"inLanguage\":\"es\",\"@id\":\"https:\/\/infoecos.com.ar\/#\/schema\/logo\/image\/\",\"url\":\"https:\/\/infoecos.com.ar\/wp-content\/uploads\/2024\/03\/cropped-logo.png\",\"contentUrl\":\"https:\/\/infoecos.com.ar\/wp-content\/uploads\/2024\/03\/cropped-logo.png\",\"width\":374,\"height\":90,\"caption\":\"Infoecos\"},\"image\":{\"@id\":\"https:\/\/infoecos.com.ar\/#\/schema\/logo\/image\/\"},\"sameAs\":[\"https:\/\/www.facebook.com\/profile.php?id=100063200290284\",\"https:\/\/x.com\/infoecos\"]},{\"@type\":\"Person\",\"@id\":\"https:\/\/infoecos.com.ar\/#\/schema\/person\/8f5ace5ce73b4b4aac4b7245aee6f191\",\"name\":\"Jorge Matheus\",\"url\":\"https:\/\/infoecos.com.ar\/index.php\/author\/jomatheus\/\"}]}<\/script>\n<!-- \/ Yoast SEO plugin. -->","yoast_head_json":{"title":"\"Piedritas es la localidad con m\u00e1s casos positivos\", dijo el Director M\u00e9dico de los CAPS de General Villegas - Infoecos","robots":{"index":"index","follow":"follow","max-snippet":"max-snippet:-1","max-image-preview":"max-image-preview:large","max-video-preview":"max-video-preview:-1"},"canonical":"https:\/\/infoecos.com.ar\/index.php\/piedritas-es-la-localidad-con-mas-casos-positivos-dijo-el-director-medicos-de-los-caps-de-general-villegas\/","og_locale":"es_ES","og_type":"article","og_title":"\"Piedritas es la localidad con m\u00e1s casos positivos\", dijo el Director M\u00e9dico de los CAPS de General Villegas - Infoecos","og_description":"\u201cCon esta segunda ola hemos tenido muchos casos en Piedritas, Bunge y Coronel Charlone principalmente y m\u00e1s casos aislados en el resto de los pueblos, pero en este momento Piedritas es la localidad con m\u00e1s casos positivos\u201d","og_url":"https:\/\/infoecos.com.ar\/index.php\/piedritas-es-la-localidad-con-mas-casos-positivos-dijo-el-director-medicos-de-los-caps-de-general-villegas\/","og_site_name":"Infoecos","article_publisher":"https:\/\/www.facebook.com\/profile.php?id=100063200290284","article_published_time":"2021-05-19T03:09:01+00:00","article_modified_time":"2021-05-19T03:12:24+00:00","og_image":[{"width":1032,"height":581,"url":"https:\/\/infoecos.com.ar\/wp-content\/uploads\/2021\/05\/WhatsApp-Image-2021-05-18-at-13.10.16.jpeg","type":"image\/jpeg"}],"author":"Jorge Matheus","twitter_card":"summary_large_image","twitter_creator":"@infoecos","twitter_site":"@infoecos","twitter_misc":{"Escrito por":"Jorge Matheus","Tiempo de lectura":"2 minutos"},"schema":{"@context":"https:\/\/schema.org","@graph":[{"@type":"Article","@id":"https:\/\/infoecos.com.ar\/index.php\/piedritas-es-la-localidad-con-mas-casos-positivos-dijo-el-director-medicos-de-los-caps-de-general-villegas\/#article","isPartOf":{"@id":"https:\/\/infoecos.com.ar\/index.php\/piedritas-es-la-localidad-con-mas-casos-positivos-dijo-el-director-medicos-de-los-caps-de-general-villegas\/"},"author":{"name":"Jorge Matheus","@id":"https:\/\/infoecos.com.ar\/#\/schema\/person\/8f5ace5ce73b4b4aac4b7245aee6f191"},"headline":"\u00abPiedritas es la localidad con m\u00e1s casos positivos\u00bb, dijo el Director M\u00e9dico de los CAPS de General Villegas","datePublished":"2021-05-19T03:09:01+00:00","dateModified":"2021-05-19T03:12:24+00:00","mainEntityOfPage":{"@id":"https:\/\/infoecos.com.ar\/index.php\/piedritas-es-la-localidad-con-mas-casos-positivos-dijo-el-director-medicos-de-los-caps-de-general-villegas\/"},"wordCount":383,"publisher":{"@id":"https:\/\/infoecos.com.ar\/#organization"},"image":{"@id":"https:\/\/infoecos.com.ar\/index.php\/piedritas-es-la-localidad-con-mas-casos-positivos-dijo-el-director-medicos-de-los-caps-de-general-villegas\/#primaryimage"},"thumbnailUrl":"https:\/\/infoecos.com.ar\/wp-content\/uploads\/2021\/05\/WhatsApp-Image-2021-05-18-at-13.10.16.jpeg","keywords":["CORONAVIRUS"],"articleSection":["C2 N3"],"inLanguage":"es"},{"@type":"WebPage","@id":"https:\/\/infoecos.com.ar\/index.php\/piedritas-es-la-localidad-con-mas-casos-positivos-dijo-el-director-medicos-de-los-caps-de-general-villegas\/","url":"https:\/\/infoecos.com.ar\/index.php\/piedritas-es-la-localidad-con-mas-casos-positivos-dijo-el-director-medicos-de-los-caps-de-general-villegas\/","name":"\"Piedritas es la localidad con m\u00e1s casos positivos\", dijo el Director M\u00e9dico de los CAPS de General Villegas - Infoecos","isPartOf":{"@id":"https:\/\/infoecos.com.ar\/#website"},"primaryImageOfPage":{"@id":"https:\/\/infoecos.com.ar\/index.php\/piedritas-es-la-localidad-con-mas-casos-positivos-dijo-el-director-medicos-de-los-caps-de-general-villegas\/#primaryimage"},"image":{"@id":"https:\/\/infoecos.com.ar\/index.php\/piedritas-es-la-localidad-con-mas-casos-positivos-dijo-el-director-medicos-de-los-caps-de-general-villegas\/#primaryimage"},"thumbnailUrl":"https:\/\/infoecos.com.ar\/wp-content\/uploads\/2021\/05\/WhatsApp-Image-2021-05-18-at-13.10.16.jpeg","datePublished":"2021-05-19T03:09:01+00:00","dateModified":"2021-05-19T03:12:24+00:00","breadcrumb":{"@id":"https:\/\/infoecos.com.ar\/index.php\/piedritas-es-la-localidad-con-mas-casos-positivos-dijo-el-director-medicos-de-los-caps-de-general-villegas\/#breadcrumb"},"inLanguage":"es","potentialAction":[{"@type":"ReadAction","target":["https:\/\/infoecos.com.ar\/index.php\/piedritas-es-la-localidad-con-mas-casos-positivos-dijo-el-director-medicos-de-los-caps-de-general-villegas\/"]}]},{"@type":"ImageObject","inLanguage":"es","@id":"https:\/\/infoecos.com.ar\/index.php\/piedritas-es-la-localidad-con-mas-casos-positivos-dijo-el-director-medicos-de-los-caps-de-general-villegas\/#primaryimage","url":"https:\/\/infoecos.com.ar\/wp-content\/uploads\/2021\/05\/WhatsApp-Image-2021-05-18-at-13.10.16.jpeg","contentUrl":"https:\/\/infoecos.com.ar\/wp-content\/uploads\/2021\/05\/WhatsApp-Image-2021-05-18-at-13.10.16.jpeg","width":1032,"height":581},{"@type":"BreadcrumbList","@id":"https:\/\/infoecos.com.ar\/index.php\/piedritas-es-la-localidad-con-mas-casos-positivos-dijo-el-director-medicos-de-los-caps-de-general-villegas\/#breadcrumb","itemListElement":[{"@type":"ListItem","position":1,"name":"Portada","item":"https:\/\/infoecos.com.ar\/"},{"@type":"ListItem","position":2,"name":"\u00abPiedritas es la localidad con m\u00e1s casos positivos\u00bb, dijo el Director M\u00e9dico de los CAPS de General Villegas"}]},{"@type":"WebSite","@id":"https:\/\/infoecos.com.ar\/#website","url":"https:\/\/infoecos.com.ar\/","name":"Infoecos","description":"Noticias de trenque lauquen y la zona","publisher":{"@id":"https:\/\/infoecos.com.ar\/#organization"},"alternateName":"Noticias","potentialAction":[{"@type":"SearchAction","target":{"@type":"EntryPoint","urlTemplate":"https:\/\/infoecos.com.ar\/?s={search_term_string}"},"query-input":{"@type":"PropertyValueSpecification","valueRequired":true,"valueName":"search_term_string"}}],"inLanguage":"es"},{"@type":"Organization","@id":"https:\/\/infoecos.com.ar\/#organization","name":"Infoecos","alternateName":"Noticias","url":"https:\/\/infoecos.com.ar\/","logo":{"@type":"ImageObject","inLanguage":"es","@id":"https:\/\/infoecos.com.ar\/#\/schema\/logo\/image\/","url":"https:\/\/infoecos.com.ar\/wp-content\/uploads\/2024\/03\/cropped-logo.png","contentUrl":"https:\/\/infoecos.com.ar\/wp-content\/uploads\/2024\/03\/cropped-logo.png","width":374,"height":90,"caption":"Infoecos"},"image":{"@id":"https:\/\/infoecos.com.ar\/#\/schema\/logo\/image\/"},"sameAs":["https:\/\/www.facebook.com\/profile.php?id=100063200290284","https:\/\/x.com\/infoecos"]},{"@type":"Person","@id":"https:\/\/infoecos.com.ar\/#\/schema\/person\/8f5ace5ce73b4b4aac4b7245aee6f191","name":"Jorge Matheus","url":"https:\/\/infoecos.com.ar\/index.php\/author\/jomatheus\/"}]}},"featured_image_urls":{"full":["https:\/\/infoecos.com.ar\/wp-content\/uploads\/2021\/05\/WhatsApp-Image-2021-05-18-at-13.10.16.jpeg",1032,581,false],"thumbnail":["https:\/\/infoecos.com.ar\/wp-content\/uploads\/2021\/05\/WhatsApp-Image-2021-05-18-at-13.10.16-150x150.jpeg",150,150,true],"medium":["https:\/\/infoecos.com.ar\/wp-content\/uploads\/2021\/05\/WhatsApp-Image-2021-05-18-at-13.10.16-460x259.jpeg",460,259,true],"medium_large":["https:\/\/infoecos.com.ar\/wp-content\/uploads\/2021\/05\/WhatsApp-Image-2021-05-18-at-13.10.16-768x432.jpeg",640,360,true],"large":["https:\/\/infoecos.com.ar\/wp-content\/uploads\/2021\/05\/WhatsApp-Image-2021-05-18-at-13.10.16-920x518.jpeg",640,360,true],"1536x1536":["https:\/\/infoecos.com.ar\/wp-content\/uploads\/2021\/05\/WhatsApp-Image-2021-05-18-at-13.10.16.jpeg",1032,581,false],"2048x2048":["https:\/\/infoecos.com.ar\/wp-content\/uploads\/2021\/05\/WhatsApp-Image-2021-05-18-at-13.10.16.jpeg",1032,581,false],"covernews-slider-full":["https:\/\/infoecos.com.ar\/wp-content\/uploads\/2021\/05\/WhatsApp-Image-2021-05-18-at-13.10.16.jpeg",1032,581,false],"covernews-slider-center":["https:\/\/infoecos.com.ar\/wp-content\/uploads\/2021\/05\/WhatsApp-Image-2021-05-18-at-13.10.16-936x581.jpeg",800,497,true],"covernews-featured":["https:\/\/infoecos.com.ar\/wp-content\/uploads\/2021\/05\/WhatsApp-Image-2021-05-18-at-13.10.16-1024x576.jpeg",1024,576,true],"covernews-medium":["https:\/\/infoecos.com.ar\/wp-content\/uploads\/2021\/05\/WhatsApp-Image-2021-05-18-at-13.10.16-720x380.jpeg",540,285,true],"covernews-medium-square":["https:\/\/infoecos.com.ar\/wp-content\/uploads\/2021\/05\/WhatsApp-Image-2021-05-18-at-13.10.16-675x450.jpeg",375,250,true]},"author_info":{"info":["Jorge Matheus"]},"category_info":"<a href=\"https:\/\/infoecos.com.ar\/index.php\/category\/c2nota3\/\" rel=\"category tag\">C2 N3<\/a>","tag_info":"C2 N3","comment_count":"0","_links":{"self":[{"href":"https:\/\/infoecos.com.ar\/index.php\/wp-json\/wp\/v2\/posts\/78293"}],"collection":[{"href":"https:\/\/infoecos.com.ar\/index.php\/wp-json\/wp\/v2\/posts"}],"about":[{"href":"https:\/\/infoecos.com.ar\/index.php\/wp-json\/wp\/v2\/types\/post"}],"author":[{"embeddable":true,"href":"https:\/\/infoecos.com.ar\/index.php\/wp-json\/wp\/v2\/users\/2"}],"replies":[{"embeddable":true,"href":"https:\/\/infoecos.com.ar\/index.php\/wp-json\/wp\/v2\/comments?post=78293"}],"version-history":[{"count":2,"href":"https:\/\/infoecos.com.ar\/index.php\/wp-json\/wp\/v2\/posts\/78293\/revisions"}],"predecessor-version":[{"id":78297,"href":"https:\/\/infoecos.com.ar\/index.php\/wp-json\/wp\/v2\/posts\/78293\/revisions\/78297"}],"wp:featuredmedia":[{"embeddable":true,"href":"https:\/\/infoecos.com.ar\/index.php\/wp-json\/wp\/v2\/media\/78294"}],"wp:attachment":[{"href":"https:\/\/infoecos.com.ar\/index.php\/wp-json\/wp\/v2\/media?parent=78293"}],"wp:term":[{"taxonomy":"category","embeddable":true,"href":"https:\/\/infoecos.com.ar\/index.php\/wp-json\/wp\/v2\/categories?post=78293"},{"taxonomy":"post_tag","embeddable":true,"href":"https:\/\/infoecos.com.ar\/index.php\/wp-json\/wp\/v2\/tags?post=78293"}],"curies":[{"name":"wp","href":"https:\/\/api.w.org\/{rel}","templated":true}]}}