{"id":78309,"date":"2021-05-19T00:39:59","date_gmt":"2021-05-19T03:39:59","guid":{"rendered":"http:\/\/infoecos.com.ar\/?p=78309"},"modified":"2021-05-19T00:40:02","modified_gmt":"2021-05-19T03:40:02","slug":"el-diputado-emiliano-balbin-expreso-preocupacion-por-la-decision-de-cerrar-las-exportaciones-de-carne","status":"publish","type":"post","link":"https:\/\/infoecos.com.ar\/index.php\/el-diputado-emiliano-balbin-expreso-preocupacion-por-la-decision-de-cerrar-las-exportaciones-de-carne\/","title":{"rendered":"El diputado Emiliano Balb\u00edn expres\u00f3 preocupaci\u00f3n por la decisi\u00f3n de cerrar las exportaciones de carne"},"content":{"rendered":"\n<p>Desde el bloque de diputados provinciales bonaerenses de Juntos por el Cambio presentaron dos proyectos legislativos expresando la preocupaci\u00f3n por la decisi\u00f3n del Poder Ejecutivo Nacional de cerrar las exportaciones de carne.<\/p>\n\n\n\n<p>Las iniciativas fueron presentadas por los diputados <strong>Emiliano Balb\u00edn<\/strong> y <strong>Susana L\u00e1zzari<\/strong>, quien preside la comisi\u00f3n de Comercio Exterior, y acompa\u00f1ados por sus pares de bancada.<\/p>\n\n\n\n<div class=\"wp-block-image\"><figure class=\"aligncenter size-medium\"><img loading=\"lazy\" decoding=\"async\" width=\"460\" height=\"308\" src=\"http:\/\/infoecos.com.ar\/wp-content\/uploads\/2021\/02\/balbinemiliano-460x308.jpg\" alt=\"\" class=\"wp-image-74365\" srcset=\"https:\/\/infoecos.com.ar\/wp-content\/uploads\/2021\/02\/balbinemiliano-460x308.jpg 460w, https:\/\/infoecos.com.ar\/wp-content\/uploads\/2021\/02\/balbinemiliano-920x615.jpg 920w, https:\/\/infoecos.com.ar\/wp-content\/uploads\/2021\/02\/balbinemiliano-768x514.jpg 768w, https:\/\/infoecos.com.ar\/wp-content\/uploads\/2021\/02\/balbinemiliano-675x450.jpg 675w, https:\/\/infoecos.com.ar\/wp-content\/uploads\/2021\/02\/balbinemiliano.jpg 960w\" sizes=\"(max-width: 460px) 100vw, 460px\" \/><\/figure><\/div>\n\n\n\n<p>\u201cEste tipo de decisiones, intempestivas no hace m\u00e1s que poner en peligro los mercados, generar mayor incertidumbre en la sociedad y perjudicar profundamente a nuestros productores\u201d, se\u00f1alaron los legisladores, y agregaron: \u201csin embargo, la adopci\u00f3n de dichas medidas limitantes del comercio internacional, ya han mostrado la ineficacia y su rotundo fracaso en t\u00e9rminos econ\u00f3micos, ambientales y sociales\u201d.&nbsp;<\/p>\n\n\n\n<p>En el mismo sentido, Maxi Abad, titular del bloque, se\u00f1al\u00f3 que \u201cel sector agropecuario se ha declarado en alerta por la muy mala experiencia anterior. Las estad\u00edsticas demuestran que entre 2006 y 2015, cuando estuvieron vigentes los llamados Registros de Operaciones de Exportaci\u00f3n (ROE), los cuales fueron en rigor de verdad permisos, cuotas y no solo un mero registro, el objetivo buscado fue bajar los precios internos de la carne. Pero ello, no ocurri\u00f3: entre enero de 2006 y&nbsp; diciembre de 2011 el precio de la carne subi\u00f3 300%, mientras que la inflaci\u00f3n del pa\u00eds en el mismo periodo (seg\u00fan INDEC e Inflaci\u00f3n Verdadera), fue del&nbsp; 200%\u201d.<\/p>\n","protected":false},"excerpt":{"rendered":"<p>Present\u00f3 dos proyectos acompa\u00f1ado por la legisladora Susana L\u00e1zzari y sus pares de bancada<\/p>\n","protected":false},"author":2,"featured_media":74365,"comment_status":"closed","ping_status":"open","sticky":false,"template":"","format":"standard","meta":{"footnotes":""},"categories":[197],"tags":[1767],"class_list":["post-78309","post","type-post","status-publish","format-standard","has-post-thumbnail","hentry","category-c3nota4","tag-politica-y-economia-3"],"yoast_head":"<!-- This site is optimized with the Yoast SEO plugin v23.4 - https:\/\/yoast.com\/wordpress\/plugins\/seo\/ -->\n<title>El diputado Emiliano Balb\u00edn expres\u00f3 preocupaci\u00f3n por la decisi\u00f3n de cerrar las exportaciones de carne - Infoecos<\/title>\n<meta name=\"robots\" content=\"index, follow, max-snippet:-1, max-image-preview:large, max-video-preview:-1\" \/>\n<link rel=\"canonical\" href=\"https:\/\/infoecos.com.ar\/index.php\/el-diputado-emiliano-balbin-expreso-preocupacion-por-la-decision-de-cerrar-las-exportaciones-de-carne\/\" \/>\n<meta property=\"og:locale\" content=\"es_ES\" \/>\n<meta property=\"og:type\" content=\"article\" \/>\n<meta property=\"og:title\" content=\"El diputado Emiliano Balb\u00edn expres\u00f3 preocupaci\u00f3n por la decisi\u00f3n de cerrar las exportaciones de carne - Infoecos\" \/>\n<meta property=\"og:description\" content=\"Present\u00f3 dos proyectos acompa\u00f1ado por la legisladora Susana L\u00e1zzari y sus pares de bancada\" \/>\n<meta property=\"og:url\" content=\"https:\/\/infoecos.com.ar\/index.php\/el-diputado-emiliano-balbin-expreso-preocupacion-por-la-decision-de-cerrar-las-exportaciones-de-carne\/\" \/>\n<meta property=\"og:site_name\" content=\"Infoecos\" \/>\n<meta property=\"article:publisher\" content=\"https:\/\/www.facebook.com\/profile.php?id=100063200290284\" \/>\n<meta property=\"article:published_time\" content=\"2021-05-19T03:39:59+00:00\" \/>\n<meta property=\"article:modified_time\" content=\"2021-05-19T03:40:02+00:00\" \/>\n<meta property=\"og:image\" content=\"https:\/\/infoecos.com.ar\/wp-content\/uploads\/2021\/02\/balbinemiliano.jpg\" \/>\n\t<meta property=\"og:image:width\" content=\"960\" \/>\n\t<meta property=\"og:image:height\" content=\"642\" \/>\n\t<meta property=\"og:image:type\" content=\"image\/jpeg\" \/>\n<meta name=\"author\" content=\"Jorge Matheus\" \/>\n<meta name=\"twitter:card\" content=\"summary_large_image\" \/>\n<meta name=\"twitter:creator\" content=\"@infoecos\" \/>\n<meta name=\"twitter:site\" content=\"@infoecos\" \/>\n<meta name=\"twitter:label1\" content=\"Escrito por\" \/>\n\t<meta name=\"twitter:data1\" content=\"Jorge Matheus\" \/>\n\t<meta name=\"twitter:label2\" content=\"Tiempo de lectura\" \/>\n\t<meta name=\"twitter:data2\" content=\"1 minuto\" \/>\n<script type=\"application\/ld+json\" class=\"yoast-schema-graph\">{\"@context\":\"https:\/\/schema.org\",\"@graph\":[{\"@type\":\"Article\",\"@id\":\"https:\/\/infoecos.com.ar\/index.php\/el-diputado-emiliano-balbin-expreso-preocupacion-por-la-decision-de-cerrar-las-exportaciones-de-carne\/#article\",\"isPartOf\":{\"@id\":\"https:\/\/infoecos.com.ar\/index.php\/el-diputado-emiliano-balbin-expreso-preocupacion-por-la-decision-de-cerrar-las-exportaciones-de-carne\/\"},\"author\":{\"name\":\"Jorge Matheus\",\"@id\":\"https:\/\/infoecos.com.ar\/#\/schema\/person\/8f5ace5ce73b4b4aac4b7245aee6f191\"},\"headline\":\"El diputado Emiliano Balb\u00edn expres\u00f3 preocupaci\u00f3n por la decisi\u00f3n de cerrar las exportaciones de carne\",\"datePublished\":\"2021-05-19T03:39:59+00:00\",\"dateModified\":\"2021-05-19T03:40:02+00:00\",\"mainEntityOfPage\":{\"@id\":\"https:\/\/infoecos.com.ar\/index.php\/el-diputado-emiliano-balbin-expreso-preocupacion-por-la-decision-de-cerrar-las-exportaciones-de-carne\/\"},\"wordCount\":255,\"publisher\":{\"@id\":\"https:\/\/infoecos.com.ar\/#organization\"},\"image\":{\"@id\":\"https:\/\/infoecos.com.ar\/index.php\/el-diputado-emiliano-balbin-expreso-preocupacion-por-la-decision-de-cerrar-las-exportaciones-de-carne\/#primaryimage\"},\"thumbnailUrl\":\"https:\/\/infoecos.com.ar\/wp-content\/uploads\/2021\/02\/balbinemiliano.jpg\",\"keywords\":[\"POL\u00cdTICA Y ECONOM\u00cdA\"],\"articleSection\":[\"C3 N4\"],\"inLanguage\":\"es\"},{\"@type\":\"WebPage\",\"@id\":\"https:\/\/infoecos.com.ar\/index.php\/el-diputado-emiliano-balbin-expreso-preocupacion-por-la-decision-de-cerrar-las-exportaciones-de-carne\/\",\"url\":\"https:\/\/infoecos.com.ar\/index.php\/el-diputado-emiliano-balbin-expreso-preocupacion-por-la-decision-de-cerrar-las-exportaciones-de-carne\/\",\"name\":\"El diputado Emiliano Balb\u00edn expres\u00f3 preocupaci\u00f3n por la decisi\u00f3n de cerrar las exportaciones de carne - Infoecos\",\"isPartOf\":{\"@id\":\"https:\/\/infoecos.com.ar\/#website\"},\"primaryImageOfPage\":{\"@id\":\"https:\/\/infoecos.com.ar\/index.php\/el-diputado-emiliano-balbin-expreso-preocupacion-por-la-decision-de-cerrar-las-exportaciones-de-carne\/#primaryimage\"},\"image\":{\"@id\":\"https:\/\/infoecos.com.ar\/index.php\/el-diputado-emiliano-balbin-expreso-preocupacion-por-la-decision-de-cerrar-las-exportaciones-de-carne\/#primaryimage\"},\"thumbnailUrl\":\"https:\/\/infoecos.com.ar\/wp-content\/uploads\/2021\/02\/balbinemiliano.jpg\",\"datePublished\":\"2021-05-19T03:39:59+00:00\",\"dateModified\":\"2021-05-19T03:40:02+00:00\",\"breadcrumb\":{\"@id\":\"https:\/\/infoecos.com.ar\/index.php\/el-diputado-emiliano-balbin-expreso-preocupacion-por-la-decision-de-cerrar-las-exportaciones-de-carne\/#breadcrumb\"},\"inLanguage\":\"es\",\"potentialAction\":[{\"@type\":\"ReadAction\",\"target\":[\"https:\/\/infoecos.com.ar\/index.php\/el-diputado-emiliano-balbin-expreso-preocupacion-por-la-decision-de-cerrar-las-exportaciones-de-carne\/\"]}]},{\"@type\":\"ImageObject\",\"inLanguage\":\"es\",\"@id\":\"https:\/\/infoecos.com.ar\/index.php\/el-diputado-emiliano-balbin-expreso-preocupacion-por-la-decision-de-cerrar-las-exportaciones-de-carne\/#primaryimage\",\"url\":\"https:\/\/infoecos.com.ar\/wp-content\/uploads\/2021\/02\/balbinemiliano.jpg\",\"contentUrl\":\"https:\/\/infoecos.com.ar\/wp-content\/uploads\/2021\/02\/balbinemiliano.jpg\",\"width\":960,\"height\":642},{\"@type\":\"BreadcrumbList\",\"@id\":\"https:\/\/infoecos.com.ar\/index.php\/el-diputado-emiliano-balbin-expreso-preocupacion-por-la-decision-de-cerrar-las-exportaciones-de-carne\/#breadcrumb\",\"itemListElement\":[{\"@type\":\"ListItem\",\"position\":1,\"name\":\"Portada\",\"item\":\"https:\/\/infoecos.com.ar\/\"},{\"@type\":\"ListItem\",\"position\":2,\"name\":\"El diputado Emiliano Balb\u00edn expres\u00f3 preocupaci\u00f3n por la decisi\u00f3n de cerrar las exportaciones de carne\"}]},{\"@type\":\"WebSite\",\"@id\":\"https:\/\/infoecos.com.ar\/#website\",\"url\":\"https:\/\/infoecos.com.ar\/\",\"name\":\"Infoecos\",\"description\":\"Noticias de trenque lauquen y la zona\",\"publisher\":{\"@id\":\"https:\/\/infoecos.com.ar\/#organization\"},\"alternateName\":\"Noticias\",\"potentialAction\":[{\"@type\":\"SearchAction\",\"target\":{\"@type\":\"EntryPoint\",\"urlTemplate\":\"https:\/\/infoecos.com.ar\/?s={search_term_string}\"},\"query-input\":{\"@type\":\"PropertyValueSpecification\",\"valueRequired\":true,\"valueName\":\"search_term_string\"}}],\"inLanguage\":\"es\"},{\"@type\":\"Organization\",\"@id\":\"https:\/\/infoecos.com.ar\/#organization\",\"name\":\"Infoecos\",\"alternateName\":\"Noticias\",\"url\":\"https:\/\/infoecos.com.ar\/\",\"logo\":{\"@type\":\"ImageObject\",\"inLanguage\":\"es\",\"@id\":\"https:\/\/infoecos.com.ar\/#\/schema\/logo\/image\/\",\"url\":\"https:\/\/infoecos.com.ar\/wp-content\/uploads\/2024\/03\/cropped-logo.png\",\"contentUrl\":\"https:\/\/infoecos.com.ar\/wp-content\/uploads\/2024\/03\/cropped-logo.png\",\"width\":374,\"height\":90,\"caption\":\"Infoecos\"},\"image\":{\"@id\":\"https:\/\/infoecos.com.ar\/#\/schema\/logo\/image\/\"},\"sameAs\":[\"https:\/\/www.facebook.com\/profile.php?id=100063200290284\",\"https:\/\/x.com\/infoecos\"]},{\"@type\":\"Person\",\"@id\":\"https:\/\/infoecos.com.ar\/#\/schema\/person\/8f5ace5ce73b4b4aac4b7245aee6f191\",\"name\":\"Jorge Matheus\",\"url\":\"https:\/\/infoecos.com.ar\/index.php\/author\/jomatheus\/\"}]}<\/script>\n<!-- \/ Yoast SEO plugin. -->","yoast_head_json":{"title":"El diputado Emiliano Balb\u00edn expres\u00f3 preocupaci\u00f3n por la decisi\u00f3n de cerrar las exportaciones de carne - Infoecos","robots":{"index":"index","follow":"follow","max-snippet":"max-snippet:-1","max-image-preview":"max-image-preview:large","max-video-preview":"max-video-preview:-1"},"canonical":"https:\/\/infoecos.com.ar\/index.php\/el-diputado-emiliano-balbin-expreso-preocupacion-por-la-decision-de-cerrar-las-exportaciones-de-carne\/","og_locale":"es_ES","og_type":"article","og_title":"El diputado Emiliano Balb\u00edn expres\u00f3 preocupaci\u00f3n por la decisi\u00f3n de cerrar las exportaciones de carne - Infoecos","og_description":"Present\u00f3 dos proyectos acompa\u00f1ado por la legisladora Susana L\u00e1zzari y sus pares de bancada","og_url":"https:\/\/infoecos.com.ar\/index.php\/el-diputado-emiliano-balbin-expreso-preocupacion-por-la-decision-de-cerrar-las-exportaciones-de-carne\/","og_site_name":"Infoecos","article_publisher":"https:\/\/www.facebook.com\/profile.php?id=100063200290284","article_published_time":"2021-05-19T03:39:59+00:00","article_modified_time":"2021-05-19T03:40:02+00:00","og_image":[{"width":960,"height":642,"url":"https:\/\/infoecos.com.ar\/wp-content\/uploads\/2021\/02\/balbinemiliano.jpg","type":"image\/jpeg"}],"author":"Jorge Matheus","twitter_card":"summary_large_image","twitter_creator":"@infoecos","twitter_site":"@infoecos","twitter_misc":{"Escrito por":"Jorge Matheus","Tiempo de lectura":"1 minuto"},"schema":{"@context":"https:\/\/schema.org","@graph":[{"@type":"Article","@id":"https:\/\/infoecos.com.ar\/index.php\/el-diputado-emiliano-balbin-expreso-preocupacion-por-la-decision-de-cerrar-las-exportaciones-de-carne\/#article","isPartOf":{"@id":"https:\/\/infoecos.com.ar\/index.php\/el-diputado-emiliano-balbin-expreso-preocupacion-por-la-decision-de-cerrar-las-exportaciones-de-carne\/"},"author":{"name":"Jorge Matheus","@id":"https:\/\/infoecos.com.ar\/#\/schema\/person\/8f5ace5ce73b4b4aac4b7245aee6f191"},"headline":"El diputado Emiliano Balb\u00edn expres\u00f3 preocupaci\u00f3n por la decisi\u00f3n de cerrar las exportaciones de carne","datePublished":"2021-05-19T03:39:59+00:00","dateModified":"2021-05-19T03:40:02+00:00","mainEntityOfPage":{"@id":"https:\/\/infoecos.com.ar\/index.php\/el-diputado-emiliano-balbin-expreso-preocupacion-por-la-decision-de-cerrar-las-exportaciones-de-carne\/"},"wordCount":255,"publisher":{"@id":"https:\/\/infoecos.com.ar\/#organization"},"image":{"@id":"https:\/\/infoecos.com.ar\/index.php\/el-diputado-emiliano-balbin-expreso-preocupacion-por-la-decision-de-cerrar-las-exportaciones-de-carne\/#primaryimage"},"thumbnailUrl":"https:\/\/infoecos.com.ar\/wp-content\/uploads\/2021\/02\/balbinemiliano.jpg","keywords":["POL\u00cdTICA Y ECONOM\u00cdA"],"articleSection":["C3 N4"],"inLanguage":"es"},{"@type":"WebPage","@id":"https:\/\/infoecos.com.ar\/index.php\/el-diputado-emiliano-balbin-expreso-preocupacion-por-la-decision-de-cerrar-las-exportaciones-de-carne\/","url":"https:\/\/infoecos.com.ar\/index.php\/el-diputado-emiliano-balbin-expreso-preocupacion-por-la-decision-de-cerrar-las-exportaciones-de-carne\/","name":"El diputado Emiliano Balb\u00edn expres\u00f3 preocupaci\u00f3n por la decisi\u00f3n de cerrar las exportaciones de carne - Infoecos","isPartOf":{"@id":"https:\/\/infoecos.com.ar\/#website"},"primaryImageOfPage":{"@id":"https:\/\/infoecos.com.ar\/index.php\/el-diputado-emiliano-balbin-expreso-preocupacion-por-la-decision-de-cerrar-las-exportaciones-de-carne\/#primaryimage"},"image":{"@id":"https:\/\/infoecos.com.ar\/index.php\/el-diputado-emiliano-balbin-expreso-preocupacion-por-la-decision-de-cerrar-las-exportaciones-de-carne\/#primaryimage"},"thumbnailUrl":"https:\/\/infoecos.com.ar\/wp-content\/uploads\/2021\/02\/balbinemiliano.jpg","datePublished":"2021-05-19T03:39:59+00:00","dateModified":"2021-05-19T03:40:02+00:00","breadcrumb":{"@id":"https:\/\/infoecos.com.ar\/index.php\/el-diputado-emiliano-balbin-expreso-preocupacion-por-la-decision-de-cerrar-las-exportaciones-de-carne\/#breadcrumb"},"inLanguage":"es","potentialAction":[{"@type":"ReadAction","target":["https:\/\/infoecos.com.ar\/index.php\/el-diputado-emiliano-balbin-expreso-preocupacion-por-la-decision-de-cerrar-las-exportaciones-de-carne\/"]}]},{"@type":"ImageObject","inLanguage":"es","@id":"https:\/\/infoecos.com.ar\/index.php\/el-diputado-emiliano-balbin-expreso-preocupacion-por-la-decision-de-cerrar-las-exportaciones-de-carne\/#primaryimage","url":"https:\/\/infoecos.com.ar\/wp-content\/uploads\/2021\/02\/balbinemiliano.jpg","contentUrl":"https:\/\/infoecos.com.ar\/wp-content\/uploads\/2021\/02\/balbinemiliano.jpg","width":960,"height":642},{"@type":"BreadcrumbList","@id":"https:\/\/infoecos.com.ar\/index.php\/el-diputado-emiliano-balbin-expreso-preocupacion-por-la-decision-de-cerrar-las-exportaciones-de-carne\/#breadcrumb","itemListElement":[{"@type":"ListItem","position":1,"name":"Portada","item":"https:\/\/infoecos.com.ar\/"},{"@type":"ListItem","position":2,"name":"El diputado Emiliano Balb\u00edn expres\u00f3 preocupaci\u00f3n por la decisi\u00f3n de cerrar las exportaciones de carne"}]},{"@type":"WebSite","@id":"https:\/\/infoecos.com.ar\/#website","url":"https:\/\/infoecos.com.ar\/","name":"Infoecos","description":"Noticias de trenque lauquen y la zona","publisher":{"@id":"https:\/\/infoecos.com.ar\/#organization"},"alternateName":"Noticias","potentialAction":[{"@type":"SearchAction","target":{"@type":"EntryPoint","urlTemplate":"https:\/\/infoecos.com.ar\/?s={search_term_string}"},"query-input":{"@type":"PropertyValueSpecification","valueRequired":true,"valueName":"search_term_string"}}],"inLanguage":"es"},{"@type":"Organization","@id":"https:\/\/infoecos.com.ar\/#organization","name":"Infoecos","alternateName":"Noticias","url":"https:\/\/infoecos.com.ar\/","logo":{"@type":"ImageObject","inLanguage":"es","@id":"https:\/\/infoecos.com.ar\/#\/schema\/logo\/image\/","url":"https:\/\/infoecos.com.ar\/wp-content\/uploads\/2024\/03\/cropped-logo.png","contentUrl":"https:\/\/infoecos.com.ar\/wp-content\/uploads\/2024\/03\/cropped-logo.png","width":374,"height":90,"caption":"Infoecos"},"image":{"@id":"https:\/\/infoecos.com.ar\/#\/schema\/logo\/image\/"},"sameAs":["https:\/\/www.facebook.com\/profile.php?id=100063200290284","https:\/\/x.com\/infoecos"]},{"@type":"Person","@id":"https:\/\/infoecos.com.ar\/#\/schema\/person\/8f5ace5ce73b4b4aac4b7245aee6f191","name":"Jorge Matheus","url":"https:\/\/infoecos.com.ar\/index.php\/author\/jomatheus\/"}]}},"featured_image_urls":{"full":["https:\/\/infoecos.com.ar\/wp-content\/uploads\/2021\/02\/balbinemiliano.jpg",960,642,false],"thumbnail":["https:\/\/infoecos.com.ar\/wp-content\/uploads\/2021\/02\/balbinemiliano-150x150.jpg",150,150,true],"medium":["https:\/\/infoecos.com.ar\/wp-content\/uploads\/2021\/02\/balbinemiliano-460x308.jpg",460,308,true],"medium_large":["https:\/\/infoecos.com.ar\/wp-content\/uploads\/2021\/02\/balbinemiliano-768x514.jpg",640,428,true],"large":["https:\/\/infoecos.com.ar\/wp-content\/uploads\/2021\/02\/balbinemiliano-920x615.jpg",640,428,true],"1536x1536":["https:\/\/infoecos.com.ar\/wp-content\/uploads\/2021\/02\/balbinemiliano.jpg",960,642,false],"2048x2048":["https:\/\/infoecos.com.ar\/wp-content\/uploads\/2021\/02\/balbinemiliano.jpg",960,642,false],"covernews-slider-full":["https:\/\/infoecos.com.ar\/wp-content\/uploads\/2021\/02\/balbinemiliano.jpg",960,642,false],"covernews-slider-center":["https:\/\/infoecos.com.ar\/wp-content\/uploads\/2021\/02\/balbinemiliano-936x642.jpg",729,500,true],"covernews-featured":["https:\/\/infoecos.com.ar\/wp-content\/uploads\/2021\/02\/balbinemiliano.jpg",960,642,false],"covernews-medium":["https:\/\/infoecos.com.ar\/wp-content\/uploads\/2021\/02\/balbinemiliano-720x380.jpg",540,285,true],"covernews-medium-square":["https:\/\/infoecos.com.ar\/wp-content\/uploads\/2021\/02\/balbinemiliano-675x450.jpg",375,250,true]},"author_info":{"info":["Jorge Matheus"]},"category_info":"<a href=\"https:\/\/infoecos.com.ar\/index.php\/category\/c3nota4\/\" rel=\"category tag\">C3 N4<\/a>","tag_info":"C3 N4","comment_count":"0","_links":{"self":[{"href":"https:\/\/infoecos.com.ar\/index.php\/wp-json\/wp\/v2\/posts\/78309"}],"collection":[{"href":"https:\/\/infoecos.com.ar\/index.php\/wp-json\/wp\/v2\/posts"}],"about":[{"href":"https:\/\/infoecos.com.ar\/index.php\/wp-json\/wp\/v2\/types\/post"}],"author":[{"embeddable":true,"href":"https:\/\/infoecos.com.ar\/index.php\/wp-json\/wp\/v2\/users\/2"}],"replies":[{"embeddable":true,"href":"https:\/\/infoecos.com.ar\/index.php\/wp-json\/wp\/v2\/comments?post=78309"}],"version-history":[{"count":1,"href":"https:\/\/infoecos.com.ar\/index.php\/wp-json\/wp\/v2\/posts\/78309\/revisions"}],"predecessor-version":[{"id":78310,"href":"https:\/\/infoecos.com.ar\/index.php\/wp-json\/wp\/v2\/posts\/78309\/revisions\/78310"}],"wp:featuredmedia":[{"embeddable":true,"href":"https:\/\/infoecos.com.ar\/index.php\/wp-json\/wp\/v2\/media\/74365"}],"wp:attachment":[{"href":"https:\/\/infoecos.com.ar\/index.php\/wp-json\/wp\/v2\/media?parent=78309"}],"wp:term":[{"taxonomy":"category","embeddable":true,"href":"https:\/\/infoecos.com.ar\/index.php\/wp-json\/wp\/v2\/categories?post=78309"},{"taxonomy":"post_tag","embeddable":true,"href":"https:\/\/infoecos.com.ar\/index.php\/wp-json\/wp\/v2\/tags?post=78309"}],"curies":[{"name":"wp","href":"https:\/\/api.w.org\/{rel}","templated":true}]}}