{"id":78311,"date":"2021-05-19T00:46:25","date_gmt":"2021-05-19T03:46:25","guid":{"rendered":"http:\/\/infoecos.com.ar\/?p=78311"},"modified":"2021-05-19T18:16:19","modified_gmt":"2021-05-19T21:16:19","slug":"el-jefe-de-gabinete-comunico-este-martes-que-bragado-continua-en-fase-3","status":"publish","type":"post","link":"https:\/\/infoecos.com.ar\/index.php\/el-jefe-de-gabinete-comunico-este-martes-que-bragado-continua-en-fase-3\/","title":{"rendered":"El Jefe de Gabinete comunic\u00f3 este martes que Bragado contin\u00faa en Fase 3"},"content":{"rendered":"\n<p class=\"wp-block-paragraph\">El Jefe de Gabinete del gobierno de la Provincia de Buenos Aires, Carlos Bianco, inform\u00f3 c\u00f3mo qued\u00f3 constituido el sistema de fases en el territorio de bonaerense. En el caso de&nbsp;Bragado, se indic\u00f3 que&nbsp;continuar\u00e1 en la fase 3, por lo cual queda desterrada la posibilidad de una fase 2 en esta semana a menos que lo solicite el Municipio<strong>.<\/strong><\/p>\n\n\n\n<div class=\"wp-block-image\"><figure class=\"aligncenter size-medium\"><img loading=\"lazy\" decoding=\"async\" width=\"460\" height=\"259\" src=\"http:\/\/infoecos.com.ar\/wp-content\/uploads\/BRAGADO-EDIFICIO-MUNICIPAL-460x259.jpg\" alt=\"\" class=\"wp-image-59327\" srcset=\"https:\/\/infoecos.com.ar\/wp-content\/uploads\/BRAGADO-EDIFICIO-MUNICIPAL-460x259.jpg 460w, https:\/\/infoecos.com.ar\/wp-content\/uploads\/BRAGADO-EDIFICIO-MUNICIPAL-920x518.jpg 920w, https:\/\/infoecos.com.ar\/wp-content\/uploads\/BRAGADO-EDIFICIO-MUNICIPAL-768x432.jpg 768w, https:\/\/infoecos.com.ar\/wp-content\/uploads\/BRAGADO-EDIFICIO-MUNICIPAL-1536x864.jpg 1536w, https:\/\/infoecos.com.ar\/wp-content\/uploads\/BRAGADO-EDIFICIO-MUNICIPAL-1024x576.jpg 1024w, https:\/\/infoecos.com.ar\/wp-content\/uploads\/BRAGADO-EDIFICIO-MUNICIPAL.jpg 1706w\" sizes=\"auto, (max-width: 460px) 100vw, 460px\" \/><figcaption>Bragado &#8211; Edificio Municipal<\/figcaption><\/figure><\/div>\n\n\n\n<p class=\"wp-block-paragraph\">El funcionario se\u00f1al\u00f3 que&nbsp;por el momento no habr\u00e1 ninguna modificaci\u00f3n en las actividades y las medidas de cuidados<strong>,<\/strong>&nbsp;e indic\u00f3 que la Provincia sigue encolumnada en los lineamientos dispuestos por la Naci\u00f3n.<\/p>\n\n\n\n<p class=\"wp-block-paragraph\">Sostuvo que&nbsp;los movimientos de fases que se registran en varios municipios se deben en muchos casos a la propia solicitud de sus intendentes&nbsp;debido a la situaci\u00f3n epidemiol\u00f3gica que advierten en sus distritos. Un ejemplo es Alberti, que descendi\u00f3 a fase 2. En cuanto General Viamonte, pas\u00f3 de fase 4 a fase 3.<\/p>\n\n\n\n<p class=\"wp-block-paragraph\">Actualmente hay s\u00f3lo 10 municipios en fase 4, la mayor\u00eda est\u00e1 en fase 3 (66) y hay otros 59 en la 2.&nbsp;<\/p>\n","protected":false},"excerpt":{"rendered":"<p>El funcionario se\u00f1al\u00f3 que por el momento no habr\u00e1 ninguna modificaci\u00f3n en las actividades y las medidas de cuidados, e indic\u00f3 que la Provincia sigue encolumnada en los lineamientos dispuestos por la Naci\u00f3n<\/p>\n","protected":false},"author":2,"featured_media":59327,"comment_status":"closed","ping_status":"open","sticky":false,"template":"","format":"standard","meta":{"footnotes":""},"categories":[41],"tags":[1785],"class_list":["post-78311","post","type-post","status-publish","format-standard","has-post-thumbnail","hentry","category-inferior2","tag-coronavirus"],"featured_image_urls":{"full":["https:\/\/infoecos.com.ar\/wp-content\/uploads\/BRAGADO-EDIFICIO-MUNICIPAL.jpg",1706,960,false],"thumbnail":["https:\/\/infoecos.com.ar\/wp-content\/uploads\/BRAGADO-EDIFICIO-MUNICIPAL-150x150.jpg",150,150,true],"medium":["https:\/\/infoecos.com.ar\/wp-content\/uploads\/BRAGADO-EDIFICIO-MUNICIPAL-460x259.jpg",460,259,true],"medium_large":["https:\/\/infoecos.com.ar\/wp-content\/uploads\/BRAGADO-EDIFICIO-MUNICIPAL-768x432.jpg",640,360,true],"large":["https:\/\/infoecos.com.ar\/wp-content\/uploads\/BRAGADO-EDIFICIO-MUNICIPAL-920x518.jpg",640,360,true],"1536x1536":["https:\/\/infoecos.com.ar\/wp-content\/uploads\/BRAGADO-EDIFICIO-MUNICIPAL-1536x864.jpg",1536,864,true],"2048x2048":["https:\/\/infoecos.com.ar\/wp-content\/uploads\/BRAGADO-EDIFICIO-MUNICIPAL.jpg",1706,960,false],"covernews-slider-full":["https:\/\/infoecos.com.ar\/wp-content\/uploads\/BRAGADO-EDIFICIO-MUNICIPAL-1536x960.jpg",1115,697,true],"covernews-slider-center":["https:\/\/infoecos.com.ar\/wp-content\/uploads\/BRAGADO-EDIFICIO-MUNICIPAL-936x897.jpg",522,500,true],"covernews-featured":["https:\/\/infoecos.com.ar\/wp-content\/uploads\/BRAGADO-EDIFICIO-MUNICIPAL-1024x576.jpg",1024,576,true],"covernews-medium":["https:\/\/infoecos.com.ar\/wp-content\/uploads\/BRAGADO-EDIFICIO-MUNICIPAL-720x380.jpg",540,285,true],"covernews-medium-square":["https:\/\/infoecos.com.ar\/wp-content\/uploads\/BRAGADO-EDIFICIO-MUNICIPAL-675x450.jpg",375,250,true]},"author_info":{"info":["Jorge Matheus"]},"category_info":"<a href=\"https:\/\/infoecos.com.ar\/index.php\/category\/inferior2\/\" rel=\"category tag\">Bloque inferior - 2<\/a>","tag_info":"Bloque inferior - 2","comment_count":"0","_links":{"self":[{"href":"https:\/\/infoecos.com.ar\/index.php\/wp-json\/wp\/v2\/posts\/78311","targetHints":{"allow":["GET"]}}],"collection":[{"href":"https:\/\/infoecos.com.ar\/index.php\/wp-json\/wp\/v2\/posts"}],"about":[{"href":"https:\/\/infoecos.com.ar\/index.php\/wp-json\/wp\/v2\/types\/post"}],"author":[{"embeddable":true,"href":"https:\/\/infoecos.com.ar\/index.php\/wp-json\/wp\/v2\/users\/2"}],"replies":[{"embeddable":true,"href":"https:\/\/infoecos.com.ar\/index.php\/wp-json\/wp\/v2\/comments?post=78311"}],"version-history":[{"count":2,"href":"https:\/\/infoecos.com.ar\/index.php\/wp-json\/wp\/v2\/posts\/78311\/revisions"}],"predecessor-version":[{"id":78360,"href":"https:\/\/infoecos.com.ar\/index.php\/wp-json\/wp\/v2\/posts\/78311\/revisions\/78360"}],"wp:featuredmedia":[{"embeddable":true,"href":"https:\/\/infoecos.com.ar\/index.php\/wp-json\/wp\/v2\/media\/59327"}],"wp:attachment":[{"href":"https:\/\/infoecos.com.ar\/index.php\/wp-json\/wp\/v2\/media?parent=78311"}],"wp:term":[{"taxonomy":"category","embeddable":true,"href":"https:\/\/infoecos.com.ar\/index.php\/wp-json\/wp\/v2\/categories?post=78311"},{"taxonomy":"post_tag","embeddable":true,"href":"https:\/\/infoecos.com.ar\/index.php\/wp-json\/wp\/v2\/tags?post=78311"}],"curies":[{"name":"wp","href":"https:\/\/api.w.org\/{rel}","templated":true}]}}