{"id":78313,"date":"2021-05-19T00:53:22","date_gmt":"2021-05-19T03:53:22","guid":{"rendered":"http:\/\/infoecos.com.ar\/?p=78313"},"modified":"2021-05-19T18:18:01","modified_gmt":"2021-05-19T21:18:01","slug":"suspension-de-exportacion-de-carne-para-carbap-inconducente-inconsulta-e-indebida","status":"publish","type":"post","link":"https:\/\/infoecos.com.ar\/index.php\/suspension-de-exportacion-de-carne-para-carbap-inconducente-inconsulta-e-indebida\/","title":{"rendered":"Suspensi\u00f3n de exportaci\u00f3n de carne: para CARBAP inconducente, inconsulta e indebida"},"content":{"rendered":"\n<p>CARBAP hizo conocer su descontento por la decisi\u00f3n del gobierno nacional de suspender la exportaci\u00f3n de carne, a trav\u00e9s de un escueto comunicado.<\/p>\n\n\n\n<div class=\"wp-block-image\"><figure class=\"aligncenter size-medium\"><img loading=\"lazy\" decoding=\"async\" width=\"460\" height=\"258\" src=\"http:\/\/infoecos.com.ar\/wp-content\/uploads\/2021\/05\/carbap-460x258.jpg\" alt=\"\" class=\"wp-image-78314\" srcset=\"https:\/\/infoecos.com.ar\/wp-content\/uploads\/2021\/05\/carbap-460x258.jpg 460w, https:\/\/infoecos.com.ar\/wp-content\/uploads\/2021\/05\/carbap.jpg 640w\" sizes=\"(max-width: 460px) 100vw, 460px\" \/><\/figure><\/div>\n\n\n\n<p>El mismo se\u00f1ala:<\/p>\n\n\n\n<p>Desde la Confederaci\u00f3n de Asociaciones Rurales de Buenos Aires y La Pampa expresamos nuestra firme oposici\u00f3n a la medida por inconducente, inconsulta e indebida, a tal punto que dicha medida como ya ha ocurrido a\u00f1os atr\u00e1s en nuestro pa\u00eds, no solo agravara el problema que se pretende solucionar, sino que perjudicara a cientos de miles de trabajadores de la cadena c\u00e1rnica que aun en este contexto de pandemia siguen trabajando.<\/p>\n\n\n\n<p>Pareciera que a menos de dos a\u00f1os de la administraci\u00f3n, al Gobierno se le han acabado las ideas para poder morigerar el aumento de los alimentos (provocado principalmente por el desmanejo en las variables macroecon\u00f3micas \u2013inflaci\u00f3n-), y pretende resolverlo aplicando recetas que ya han sido aplicadas y han fracasado, y cuyos resultados toda la ciudadan\u00eda conoce.<\/p>\n\n\n\n<p>La entidad se declar\u00f3 en movilizaci\u00f3n y convoc\u00f3 a su consejo directivo.<\/p>\n","protected":false},"excerpt":{"rendered":"<p>La entidad se declar\u00f3 en movilizaci\u00f3n y convoc\u00f3 a su consejo directivo<\/p>\n","protected":false},"author":2,"featured_media":78314,"comment_status":"closed","ping_status":"open","sticky":false,"template":"","format":"standard","meta":{"footnotes":""},"categories":[40],"tags":[1767],"class_list":["post-78313","post","type-post","status-publish","format-standard","has-post-thumbnail","hentry","category-inferior1","tag-politica-y-economia-3"],"yoast_head":"<!-- This site is optimized with the Yoast SEO plugin v23.4 - https:\/\/yoast.com\/wordpress\/plugins\/seo\/ -->\n<title>Suspensi\u00f3n de exportaci\u00f3n de carne: para CARBAP inconducente, inconsulta e indebida - Infoecos<\/title>\n<meta name=\"robots\" content=\"index, follow, max-snippet:-1, max-image-preview:large, max-video-preview:-1\" \/>\n<link rel=\"canonical\" href=\"https:\/\/infoecos.com.ar\/index.php\/suspension-de-exportacion-de-carne-para-carbap-inconducente-inconsulta-e-indebida\/\" \/>\n<meta property=\"og:locale\" content=\"es_ES\" \/>\n<meta property=\"og:type\" content=\"article\" \/>\n<meta property=\"og:title\" content=\"Suspensi\u00f3n de exportaci\u00f3n de carne: para CARBAP inconducente, inconsulta e indebida - Infoecos\" \/>\n<meta property=\"og:description\" content=\"La entidad se declar\u00f3 en movilizaci\u00f3n y convoc\u00f3 a su consejo directivo\" \/>\n<meta property=\"og:url\" content=\"https:\/\/infoecos.com.ar\/index.php\/suspension-de-exportacion-de-carne-para-carbap-inconducente-inconsulta-e-indebida\/\" \/>\n<meta property=\"og:site_name\" content=\"Infoecos\" \/>\n<meta property=\"article:publisher\" content=\"https:\/\/www.facebook.com\/profile.php?id=100063200290284\" \/>\n<meta property=\"article:published_time\" content=\"2021-05-19T03:53:22+00:00\" \/>\n<meta property=\"article:modified_time\" content=\"2021-05-19T21:18:01+00:00\" \/>\n<meta property=\"og:image\" content=\"https:\/\/infoecos.com.ar\/wp-content\/uploads\/2021\/05\/carbap.jpg\" \/>\n\t<meta property=\"og:image:width\" content=\"640\" \/>\n\t<meta property=\"og:image:height\" content=\"359\" \/>\n\t<meta property=\"og:image:type\" content=\"image\/jpeg\" \/>\n<meta name=\"author\" content=\"Jorge Matheus\" \/>\n<meta name=\"twitter:card\" content=\"summary_large_image\" \/>\n<meta name=\"twitter:creator\" content=\"@infoecos\" \/>\n<meta name=\"twitter:site\" content=\"@infoecos\" \/>\n<meta name=\"twitter:label1\" content=\"Escrito por\" \/>\n\t<meta name=\"twitter:data1\" content=\"Jorge Matheus\" \/>\n\t<meta name=\"twitter:label2\" content=\"Tiempo de lectura\" \/>\n\t<meta name=\"twitter:data2\" content=\"1 minuto\" \/>\n<script type=\"application\/ld+json\" class=\"yoast-schema-graph\">{\"@context\":\"https:\/\/schema.org\",\"@graph\":[{\"@type\":\"Article\",\"@id\":\"https:\/\/infoecos.com.ar\/index.php\/suspension-de-exportacion-de-carne-para-carbap-inconducente-inconsulta-e-indebida\/#article\",\"isPartOf\":{\"@id\":\"https:\/\/infoecos.com.ar\/index.php\/suspension-de-exportacion-de-carne-para-carbap-inconducente-inconsulta-e-indebida\/\"},\"author\":{\"name\":\"Jorge Matheus\",\"@id\":\"https:\/\/infoecos.com.ar\/#\/schema\/person\/8f5ace5ce73b4b4aac4b7245aee6f191\"},\"headline\":\"Suspensi\u00f3n de exportaci\u00f3n de carne: para CARBAP inconducente, inconsulta e indebida\",\"datePublished\":\"2021-05-19T03:53:22+00:00\",\"dateModified\":\"2021-05-19T21:18:01+00:00\",\"mainEntityOfPage\":{\"@id\":\"https:\/\/infoecos.com.ar\/index.php\/suspension-de-exportacion-de-carne-para-carbap-inconducente-inconsulta-e-indebida\/\"},\"wordCount\":193,\"publisher\":{\"@id\":\"https:\/\/infoecos.com.ar\/#organization\"},\"image\":{\"@id\":\"https:\/\/infoecos.com.ar\/index.php\/suspension-de-exportacion-de-carne-para-carbap-inconducente-inconsulta-e-indebida\/#primaryimage\"},\"thumbnailUrl\":\"https:\/\/infoecos.com.ar\/wp-content\/uploads\/2021\/05\/carbap.jpg\",\"keywords\":[\"POL\u00cdTICA Y ECONOM\u00cdA\"],\"articleSection\":[\"Bloque inferior - 1\"],\"inLanguage\":\"es\"},{\"@type\":\"WebPage\",\"@id\":\"https:\/\/infoecos.com.ar\/index.php\/suspension-de-exportacion-de-carne-para-carbap-inconducente-inconsulta-e-indebida\/\",\"url\":\"https:\/\/infoecos.com.ar\/index.php\/suspension-de-exportacion-de-carne-para-carbap-inconducente-inconsulta-e-indebida\/\",\"name\":\"Suspensi\u00f3n de exportaci\u00f3n de carne: para CARBAP inconducente, inconsulta e indebida - Infoecos\",\"isPartOf\":{\"@id\":\"https:\/\/infoecos.com.ar\/#website\"},\"primaryImageOfPage\":{\"@id\":\"https:\/\/infoecos.com.ar\/index.php\/suspension-de-exportacion-de-carne-para-carbap-inconducente-inconsulta-e-indebida\/#primaryimage\"},\"image\":{\"@id\":\"https:\/\/infoecos.com.ar\/index.php\/suspension-de-exportacion-de-carne-para-carbap-inconducente-inconsulta-e-indebida\/#primaryimage\"},\"thumbnailUrl\":\"https:\/\/infoecos.com.ar\/wp-content\/uploads\/2021\/05\/carbap.jpg\",\"datePublished\":\"2021-05-19T03:53:22+00:00\",\"dateModified\":\"2021-05-19T21:18:01+00:00\",\"breadcrumb\":{\"@id\":\"https:\/\/infoecos.com.ar\/index.php\/suspension-de-exportacion-de-carne-para-carbap-inconducente-inconsulta-e-indebida\/#breadcrumb\"},\"inLanguage\":\"es\",\"potentialAction\":[{\"@type\":\"ReadAction\",\"target\":[\"https:\/\/infoecos.com.ar\/index.php\/suspension-de-exportacion-de-carne-para-carbap-inconducente-inconsulta-e-indebida\/\"]}]},{\"@type\":\"ImageObject\",\"inLanguage\":\"es\",\"@id\":\"https:\/\/infoecos.com.ar\/index.php\/suspension-de-exportacion-de-carne-para-carbap-inconducente-inconsulta-e-indebida\/#primaryimage\",\"url\":\"https:\/\/infoecos.com.ar\/wp-content\/uploads\/2021\/05\/carbap.jpg\",\"contentUrl\":\"https:\/\/infoecos.com.ar\/wp-content\/uploads\/2021\/05\/carbap.jpg\",\"width\":640,\"height\":359},{\"@type\":\"BreadcrumbList\",\"@id\":\"https:\/\/infoecos.com.ar\/index.php\/suspension-de-exportacion-de-carne-para-carbap-inconducente-inconsulta-e-indebida\/#breadcrumb\",\"itemListElement\":[{\"@type\":\"ListItem\",\"position\":1,\"name\":\"Portada\",\"item\":\"https:\/\/infoecos.com.ar\/\"},{\"@type\":\"ListItem\",\"position\":2,\"name\":\"Suspensi\u00f3n de exportaci\u00f3n de carne: para CARBAP inconducente, inconsulta e indebida\"}]},{\"@type\":\"WebSite\",\"@id\":\"https:\/\/infoecos.com.ar\/#website\",\"url\":\"https:\/\/infoecos.com.ar\/\",\"name\":\"Infoecos\",\"description\":\"Noticias de trenque lauquen y la zona\",\"publisher\":{\"@id\":\"https:\/\/infoecos.com.ar\/#organization\"},\"alternateName\":\"Noticias\",\"potentialAction\":[{\"@type\":\"SearchAction\",\"target\":{\"@type\":\"EntryPoint\",\"urlTemplate\":\"https:\/\/infoecos.com.ar\/?s={search_term_string}\"},\"query-input\":{\"@type\":\"PropertyValueSpecification\",\"valueRequired\":true,\"valueName\":\"search_term_string\"}}],\"inLanguage\":\"es\"},{\"@type\":\"Organization\",\"@id\":\"https:\/\/infoecos.com.ar\/#organization\",\"name\":\"Infoecos\",\"alternateName\":\"Noticias\",\"url\":\"https:\/\/infoecos.com.ar\/\",\"logo\":{\"@type\":\"ImageObject\",\"inLanguage\":\"es\",\"@id\":\"https:\/\/infoecos.com.ar\/#\/schema\/logo\/image\/\",\"url\":\"https:\/\/infoecos.com.ar\/wp-content\/uploads\/2024\/03\/cropped-logo.png\",\"contentUrl\":\"https:\/\/infoecos.com.ar\/wp-content\/uploads\/2024\/03\/cropped-logo.png\",\"width\":374,\"height\":90,\"caption\":\"Infoecos\"},\"image\":{\"@id\":\"https:\/\/infoecos.com.ar\/#\/schema\/logo\/image\/\"},\"sameAs\":[\"https:\/\/www.facebook.com\/profile.php?id=100063200290284\",\"https:\/\/x.com\/infoecos\"]},{\"@type\":\"Person\",\"@id\":\"https:\/\/infoecos.com.ar\/#\/schema\/person\/8f5ace5ce73b4b4aac4b7245aee6f191\",\"name\":\"Jorge Matheus\",\"url\":\"https:\/\/infoecos.com.ar\/index.php\/author\/jomatheus\/\"}]}<\/script>\n<!-- \/ Yoast SEO plugin. -->","yoast_head_json":{"title":"Suspensi\u00f3n de exportaci\u00f3n de carne: para CARBAP inconducente, inconsulta e indebida - Infoecos","robots":{"index":"index","follow":"follow","max-snippet":"max-snippet:-1","max-image-preview":"max-image-preview:large","max-video-preview":"max-video-preview:-1"},"canonical":"https:\/\/infoecos.com.ar\/index.php\/suspension-de-exportacion-de-carne-para-carbap-inconducente-inconsulta-e-indebida\/","og_locale":"es_ES","og_type":"article","og_title":"Suspensi\u00f3n de exportaci\u00f3n de carne: para CARBAP inconducente, inconsulta e indebida - Infoecos","og_description":"La entidad se declar\u00f3 en movilizaci\u00f3n y convoc\u00f3 a su consejo directivo","og_url":"https:\/\/infoecos.com.ar\/index.php\/suspension-de-exportacion-de-carne-para-carbap-inconducente-inconsulta-e-indebida\/","og_site_name":"Infoecos","article_publisher":"https:\/\/www.facebook.com\/profile.php?id=100063200290284","article_published_time":"2021-05-19T03:53:22+00:00","article_modified_time":"2021-05-19T21:18:01+00:00","og_image":[{"width":640,"height":359,"url":"https:\/\/infoecos.com.ar\/wp-content\/uploads\/2021\/05\/carbap.jpg","type":"image\/jpeg"}],"author":"Jorge Matheus","twitter_card":"summary_large_image","twitter_creator":"@infoecos","twitter_site":"@infoecos","twitter_misc":{"Escrito por":"Jorge Matheus","Tiempo de lectura":"1 minuto"},"schema":{"@context":"https:\/\/schema.org","@graph":[{"@type":"Article","@id":"https:\/\/infoecos.com.ar\/index.php\/suspension-de-exportacion-de-carne-para-carbap-inconducente-inconsulta-e-indebida\/#article","isPartOf":{"@id":"https:\/\/infoecos.com.ar\/index.php\/suspension-de-exportacion-de-carne-para-carbap-inconducente-inconsulta-e-indebida\/"},"author":{"name":"Jorge Matheus","@id":"https:\/\/infoecos.com.ar\/#\/schema\/person\/8f5ace5ce73b4b4aac4b7245aee6f191"},"headline":"Suspensi\u00f3n de exportaci\u00f3n de carne: para CARBAP inconducente, inconsulta e indebida","datePublished":"2021-05-19T03:53:22+00:00","dateModified":"2021-05-19T21:18:01+00:00","mainEntityOfPage":{"@id":"https:\/\/infoecos.com.ar\/index.php\/suspension-de-exportacion-de-carne-para-carbap-inconducente-inconsulta-e-indebida\/"},"wordCount":193,"publisher":{"@id":"https:\/\/infoecos.com.ar\/#organization"},"image":{"@id":"https:\/\/infoecos.com.ar\/index.php\/suspension-de-exportacion-de-carne-para-carbap-inconducente-inconsulta-e-indebida\/#primaryimage"},"thumbnailUrl":"https:\/\/infoecos.com.ar\/wp-content\/uploads\/2021\/05\/carbap.jpg","keywords":["POL\u00cdTICA Y ECONOM\u00cdA"],"articleSection":["Bloque inferior - 1"],"inLanguage":"es"},{"@type":"WebPage","@id":"https:\/\/infoecos.com.ar\/index.php\/suspension-de-exportacion-de-carne-para-carbap-inconducente-inconsulta-e-indebida\/","url":"https:\/\/infoecos.com.ar\/index.php\/suspension-de-exportacion-de-carne-para-carbap-inconducente-inconsulta-e-indebida\/","name":"Suspensi\u00f3n de exportaci\u00f3n de carne: para CARBAP inconducente, inconsulta e indebida - Infoecos","isPartOf":{"@id":"https:\/\/infoecos.com.ar\/#website"},"primaryImageOfPage":{"@id":"https:\/\/infoecos.com.ar\/index.php\/suspension-de-exportacion-de-carne-para-carbap-inconducente-inconsulta-e-indebida\/#primaryimage"},"image":{"@id":"https:\/\/infoecos.com.ar\/index.php\/suspension-de-exportacion-de-carne-para-carbap-inconducente-inconsulta-e-indebida\/#primaryimage"},"thumbnailUrl":"https:\/\/infoecos.com.ar\/wp-content\/uploads\/2021\/05\/carbap.jpg","datePublished":"2021-05-19T03:53:22+00:00","dateModified":"2021-05-19T21:18:01+00:00","breadcrumb":{"@id":"https:\/\/infoecos.com.ar\/index.php\/suspension-de-exportacion-de-carne-para-carbap-inconducente-inconsulta-e-indebida\/#breadcrumb"},"inLanguage":"es","potentialAction":[{"@type":"ReadAction","target":["https:\/\/infoecos.com.ar\/index.php\/suspension-de-exportacion-de-carne-para-carbap-inconducente-inconsulta-e-indebida\/"]}]},{"@type":"ImageObject","inLanguage":"es","@id":"https:\/\/infoecos.com.ar\/index.php\/suspension-de-exportacion-de-carne-para-carbap-inconducente-inconsulta-e-indebida\/#primaryimage","url":"https:\/\/infoecos.com.ar\/wp-content\/uploads\/2021\/05\/carbap.jpg","contentUrl":"https:\/\/infoecos.com.ar\/wp-content\/uploads\/2021\/05\/carbap.jpg","width":640,"height":359},{"@type":"BreadcrumbList","@id":"https:\/\/infoecos.com.ar\/index.php\/suspension-de-exportacion-de-carne-para-carbap-inconducente-inconsulta-e-indebida\/#breadcrumb","itemListElement":[{"@type":"ListItem","position":1,"name":"Portada","item":"https:\/\/infoecos.com.ar\/"},{"@type":"ListItem","position":2,"name":"Suspensi\u00f3n de exportaci\u00f3n de carne: para CARBAP inconducente, inconsulta e indebida"}]},{"@type":"WebSite","@id":"https:\/\/infoecos.com.ar\/#website","url":"https:\/\/infoecos.com.ar\/","name":"Infoecos","description":"Noticias de trenque lauquen y la zona","publisher":{"@id":"https:\/\/infoecos.com.ar\/#organization"},"alternateName":"Noticias","potentialAction":[{"@type":"SearchAction","target":{"@type":"EntryPoint","urlTemplate":"https:\/\/infoecos.com.ar\/?s={search_term_string}"},"query-input":{"@type":"PropertyValueSpecification","valueRequired":true,"valueName":"search_term_string"}}],"inLanguage":"es"},{"@type":"Organization","@id":"https:\/\/infoecos.com.ar\/#organization","name":"Infoecos","alternateName":"Noticias","url":"https:\/\/infoecos.com.ar\/","logo":{"@type":"ImageObject","inLanguage":"es","@id":"https:\/\/infoecos.com.ar\/#\/schema\/logo\/image\/","url":"https:\/\/infoecos.com.ar\/wp-content\/uploads\/2024\/03\/cropped-logo.png","contentUrl":"https:\/\/infoecos.com.ar\/wp-content\/uploads\/2024\/03\/cropped-logo.png","width":374,"height":90,"caption":"Infoecos"},"image":{"@id":"https:\/\/infoecos.com.ar\/#\/schema\/logo\/image\/"},"sameAs":["https:\/\/www.facebook.com\/profile.php?id=100063200290284","https:\/\/x.com\/infoecos"]},{"@type":"Person","@id":"https:\/\/infoecos.com.ar\/#\/schema\/person\/8f5ace5ce73b4b4aac4b7245aee6f191","name":"Jorge Matheus","url":"https:\/\/infoecos.com.ar\/index.php\/author\/jomatheus\/"}]}},"featured_image_urls":{"full":["https:\/\/infoecos.com.ar\/wp-content\/uploads\/2021\/05\/carbap.jpg",640,359,false],"thumbnail":["https:\/\/infoecos.com.ar\/wp-content\/uploads\/2021\/05\/carbap-150x150.jpg",150,150,true],"medium":["https:\/\/infoecos.com.ar\/wp-content\/uploads\/2021\/05\/carbap-460x258.jpg",460,258,true],"medium_large":["https:\/\/infoecos.com.ar\/wp-content\/uploads\/2021\/05\/carbap.jpg",640,359,false],"large":["https:\/\/infoecos.com.ar\/wp-content\/uploads\/2021\/05\/carbap.jpg",640,359,false],"1536x1536":["https:\/\/infoecos.com.ar\/wp-content\/uploads\/2021\/05\/carbap.jpg",640,359,false],"2048x2048":["https:\/\/infoecos.com.ar\/wp-content\/uploads\/2021\/05\/carbap.jpg",640,359,false],"covernews-slider-full":["https:\/\/infoecos.com.ar\/wp-content\/uploads\/2021\/05\/carbap.jpg",640,359,false],"covernews-slider-center":["https:\/\/infoecos.com.ar\/wp-content\/uploads\/2021\/05\/carbap.jpg",640,359,false],"covernews-featured":["https:\/\/infoecos.com.ar\/wp-content\/uploads\/2021\/05\/carbap.jpg",640,359,false],"covernews-medium":["https:\/\/infoecos.com.ar\/wp-content\/uploads\/2021\/05\/carbap.jpg",540,303,false],"covernews-medium-square":["https:\/\/infoecos.com.ar\/wp-content\/uploads\/2021\/05\/carbap.jpg",400,224,false]},"author_info":{"info":["Jorge Matheus"]},"category_info":"<a href=\"https:\/\/infoecos.com.ar\/index.php\/category\/inferior1\/\" rel=\"category tag\">Bloque inferior - 1<\/a>","tag_info":"Bloque inferior - 1","comment_count":"0","_links":{"self":[{"href":"https:\/\/infoecos.com.ar\/index.php\/wp-json\/wp\/v2\/posts\/78313"}],"collection":[{"href":"https:\/\/infoecos.com.ar\/index.php\/wp-json\/wp\/v2\/posts"}],"about":[{"href":"https:\/\/infoecos.com.ar\/index.php\/wp-json\/wp\/v2\/types\/post"}],"author":[{"embeddable":true,"href":"https:\/\/infoecos.com.ar\/index.php\/wp-json\/wp\/v2\/users\/2"}],"replies":[{"embeddable":true,"href":"https:\/\/infoecos.com.ar\/index.php\/wp-json\/wp\/v2\/comments?post=78313"}],"version-history":[{"count":1,"href":"https:\/\/infoecos.com.ar\/index.php\/wp-json\/wp\/v2\/posts\/78313\/revisions"}],"predecessor-version":[{"id":78315,"href":"https:\/\/infoecos.com.ar\/index.php\/wp-json\/wp\/v2\/posts\/78313\/revisions\/78315"}],"wp:featuredmedia":[{"embeddable":true,"href":"https:\/\/infoecos.com.ar\/index.php\/wp-json\/wp\/v2\/media\/78314"}],"wp:attachment":[{"href":"https:\/\/infoecos.com.ar\/index.php\/wp-json\/wp\/v2\/media?parent=78313"}],"wp:term":[{"taxonomy":"category","embeddable":true,"href":"https:\/\/infoecos.com.ar\/index.php\/wp-json\/wp\/v2\/categories?post=78313"},{"taxonomy":"post_tag","embeddable":true,"href":"https:\/\/infoecos.com.ar\/index.php\/wp-json\/wp\/v2\/tags?post=78313"}],"curies":[{"name":"wp","href":"https:\/\/api.w.org\/{rel}","templated":true}]}}