{"id":78333,"date":"2021-05-19T17:10:48","date_gmt":"2021-05-19T20:10:48","guid":{"rendered":"http:\/\/infoecos.com.ar\/?p=78333"},"modified":"2021-05-19T17:10:52","modified_gmt":"2021-05-19T20:10:52","slug":"en-la-sesion-de-este-miercoles-emocionante-recuerdo-de-sergio-massa-sobre-mario-meoni","status":"publish","type":"post","link":"https:\/\/infoecos.com.ar\/index.php\/en-la-sesion-de-este-miercoles-emocionante-recuerdo-de-sergio-massa-sobre-mario-meoni\/","title":{"rendered":"En la sesi\u00f3n de este mi\u00e9rcoles emocionante recuerdo de Sergio Massa sobre Mario Meoni"},"content":{"rendered":"\n<p class=\"wp-block-paragraph\">El presidente de la C\u00e1mara de Diputados, Sergio Massa, le dedic\u00f3 unas sentidas palabras al ex ministro de Transporte, Mario Meoni, quien falleci\u00f3 recientemente en un accidente de tr\u00e1nsito.<\/p>\n\n\n\n<p class=\"wp-block-paragraph\">Al igual que referentes de los distintos bloques pol\u00edticos, Massa destac\u00f3 el perfil humano y pol\u00edtico del funcionario: \u201cFue un militante que abraz\u00f3 la pol\u00edtica muy jovencito, atra\u00eddo por Ra\u00fal Alfons\u00edn. Fue ese militante del di\u00e1logo y del respeto; ese dirigente que enamor\u00f3, ganando y perdiendo elecciones, a una ciudad como Jun\u00edn; que se dio el lujo de plantear sus convicciones, aun a riesgo de perder posicionamiento personal; ese dirigente que eleg\u00eda siempre defender la idea, pero adem\u00e1s el respeto\u00bb, record\u00f3 el titular de Diputados, Sergio Massa.<\/p>\n\n\n\n<div class=\"wp-block-image\"><figure class=\"aligncenter size-medium\"><img loading=\"lazy\" decoding=\"async\" width=\"460\" height=\"307\" src=\"http:\/\/infoecos.com.ar\/wp-content\/uploads\/2021\/05\/MASSARECORDOAMEONI-460x307.jpg\" alt=\"\" class=\"wp-image-78334\" srcset=\"https:\/\/infoecos.com.ar\/wp-content\/uploads\/2021\/05\/MASSARECORDOAMEONI-460x307.jpg 460w, https:\/\/infoecos.com.ar\/wp-content\/uploads\/2021\/05\/MASSARECORDOAMEONI-920x613.jpg 920w, https:\/\/infoecos.com.ar\/wp-content\/uploads\/2021\/05\/MASSARECORDOAMEONI-768x512.jpg 768w, https:\/\/infoecos.com.ar\/wp-content\/uploads\/2021\/05\/MASSARECORDOAMEONI-1024x682.jpg 1024w, https:\/\/infoecos.com.ar\/wp-content\/uploads\/2021\/05\/MASSARECORDOAMEONI-675x450.jpg 675w, https:\/\/infoecos.com.ar\/wp-content\/uploads\/2021\/05\/MASSARECORDOAMEONI.jpg 1280w\" sizes=\"auto, (max-width: 460px) 100vw, 460px\" \/><\/figure><\/div>\n\n\n\n<p class=\"wp-block-paragraph\">\u201cEse Ministro, intendente, legislador transparente que mostraba con orgullo no s\u00f3lo los premios internacionales, sino el trabajo que hac\u00eda en funci\u00f3n de la transparencia en la administraci\u00f3n del Estado\u201d, resalt\u00f3.<\/p>\n\n\n\n<p class=\"wp-block-paragraph\">Desde una banca de Diputados, el titular de la C\u00e1mara baja destac\u00f3 \u201csu austeridad\u201d, al remarcar que \u201cm\u00e1s all\u00e1 del valor del dirigente pol\u00edtico, de la enorme p\u00e9rdida del Ministro, lo m\u00e1s importante y rescatable es que se fue una gran persona\u201d.<\/p>\n\n\n\n<p class=\"wp-block-paragraph\">En ese sentido, enfatiz\u00f3: \u201cEl mensaje m\u00e1s importante que debemos tomar todos nosotros que estamos ac\u00e1 y que, en el fragor de la pelea, perdemos de vista cuanto lastimamos al otro o a nosotros mismos. Es que se puede hacer pol\u00edtica respetando al otro y a uno mismo, como lo hac\u00eda Mario Meoni\u201d.<\/p>\n\n\n\n<div class=\"wp-block-image\"><figure class=\"aligncenter size-medium\"><img loading=\"lazy\" decoding=\"async\" width=\"460\" height=\"307\" src=\"http:\/\/infoecos.com.ar\/wp-content\/uploads\/2021\/05\/MASSARECORDOAMEONI1-460x307.jpg\" alt=\"\" class=\"wp-image-78335\" srcset=\"https:\/\/infoecos.com.ar\/wp-content\/uploads\/2021\/05\/MASSARECORDOAMEONI1-460x307.jpg 460w, https:\/\/infoecos.com.ar\/wp-content\/uploads\/2021\/05\/MASSARECORDOAMEONI1-920x613.jpg 920w, https:\/\/infoecos.com.ar\/wp-content\/uploads\/2021\/05\/MASSARECORDOAMEONI1-768x512.jpg 768w, https:\/\/infoecos.com.ar\/wp-content\/uploads\/2021\/05\/MASSARECORDOAMEONI1-1024x682.jpg 1024w, https:\/\/infoecos.com.ar\/wp-content\/uploads\/2021\/05\/MASSARECORDOAMEONI1-675x450.jpg 675w, https:\/\/infoecos.com.ar\/wp-content\/uploads\/2021\/05\/MASSARECORDOAMEONI1.jpg 1280w\" sizes=\"auto, (max-width: 460px) 100vw, 460px\" \/><\/figure><\/div>\n\n\n\n<p class=\"wp-block-paragraph\">Tras las palabras de Sergio Massa, todo el recinto homenaje\u00f3 con aplausos al fallecido dirigente . \u201cSiento orgullo por mi amigo\u201d, valor\u00f3 finalmente el titular de la C\u00e1mara baja.<\/p>\n\n\n\n<figure class=\"wp-block-video\"><video height=\"720\" style=\"aspect-ratio: 1280 \/ 720;\" width=\"1280\" controls src=\"http:\/\/infoecos.com.ar\/wp-content\/uploads\/2021\/05\/WhatsApp-Video-2021-05-19-at-16.57.31-1.mp4\"><\/video><\/figure>\n","protected":false},"excerpt":{"rendered":"<p>Enfatiz\u00f3 entre otras cosas: \u201cEl mensaje m\u00e1s importante que debemos tomar todos nosotros que estamos ac\u00e1 y que, en el fragor de la pelea, perdemos de vista cuanto lastimamos al otro o a nosotros mismos. Es que se puede hacer pol\u00edtica respetando al otro y a uno mismo, como lo hac\u00eda Mario Meoni\u201d.<\/p>\n","protected":false},"author":2,"featured_media":78334,"comment_status":"closed","ping_status":"open","sticky":false,"template":"","format":"standard","meta":{"footnotes":""},"categories":[1327,1612,1328],"tags":[3699],"class_list":["post-78333","post","type-post","status-publish","format-standard","has-post-thumbnail","hentry","category-audio","category-noticia-principal","category-video","tag-reconocimiento-al-tragicamente-desaparecido-dirigente-de-junin"],"featured_image_urls":{"full":["https:\/\/infoecos.com.ar\/wp-content\/uploads\/2021\/05\/MASSARECORDOAMEONI.jpg",1280,853,false],"thumbnail":["https:\/\/infoecos.com.ar\/wp-content\/uploads\/2021\/05\/MASSARECORDOAMEONI-150x150.jpg",150,150,true],"medium":["https:\/\/infoecos.com.ar\/wp-content\/uploads\/2021\/05\/MASSARECORDOAMEONI-460x307.jpg",460,307,true],"medium_large":["https:\/\/infoecos.com.ar\/wp-content\/uploads\/2021\/05\/MASSARECORDOAMEONI-768x512.jpg",640,427,true],"large":["https:\/\/infoecos.com.ar\/wp-content\/uploads\/2021\/05\/MASSARECORDOAMEONI-920x613.jpg",640,426,true],"1536x1536":["https:\/\/infoecos.com.ar\/wp-content\/uploads\/2021\/05\/MASSARECORDOAMEONI.jpg",1280,853,false],"2048x2048":["https:\/\/infoecos.com.ar\/wp-content\/uploads\/2021\/05\/MASSARECORDOAMEONI.jpg",1280,853,false],"covernews-slider-full":["https:\/\/infoecos.com.ar\/wp-content\/uploads\/2021\/05\/MASSARECORDOAMEONI.jpg",1073,715,false],"covernews-slider-center":["https:\/\/infoecos.com.ar\/wp-content\/uploads\/2021\/05\/MASSARECORDOAMEONI-936x853.jpg",549,500,true],"covernews-featured":["https:\/\/infoecos.com.ar\/wp-content\/uploads\/2021\/05\/MASSARECORDOAMEONI-1024x682.jpg",1024,682,true],"covernews-medium":["https:\/\/infoecos.com.ar\/wp-content\/uploads\/2021\/05\/MASSARECORDOAMEONI-720x380.jpg",540,285,true],"covernews-medium-square":["https:\/\/infoecos.com.ar\/wp-content\/uploads\/2021\/05\/MASSARECORDOAMEONI-675x450.jpg",375,250,true]},"author_info":{"info":["Jorge Matheus"]},"category_info":"<a href=\"https:\/\/infoecos.com.ar\/index.php\/category\/audio\/\" rel=\"category tag\">Audio<\/a> <a href=\"https:\/\/infoecos.com.ar\/index.php\/category\/noticia-principal\/\" rel=\"category tag\">Noticia Principal<\/a> <a href=\"https:\/\/infoecos.com.ar\/index.php\/category\/video\/\" rel=\"category tag\">Video<\/a>","tag_info":"Video","comment_count":"0","_links":{"self":[{"href":"https:\/\/infoecos.com.ar\/index.php\/wp-json\/wp\/v2\/posts\/78333","targetHints":{"allow":["GET"]}}],"collection":[{"href":"https:\/\/infoecos.com.ar\/index.php\/wp-json\/wp\/v2\/posts"}],"about":[{"href":"https:\/\/infoecos.com.ar\/index.php\/wp-json\/wp\/v2\/types\/post"}],"author":[{"embeddable":true,"href":"https:\/\/infoecos.com.ar\/index.php\/wp-json\/wp\/v2\/users\/2"}],"replies":[{"embeddable":true,"href":"https:\/\/infoecos.com.ar\/index.php\/wp-json\/wp\/v2\/comments?post=78333"}],"version-history":[{"count":1,"href":"https:\/\/infoecos.com.ar\/index.php\/wp-json\/wp\/v2\/posts\/78333\/revisions"}],"predecessor-version":[{"id":78337,"href":"https:\/\/infoecos.com.ar\/index.php\/wp-json\/wp\/v2\/posts\/78333\/revisions\/78337"}],"wp:featuredmedia":[{"embeddable":true,"href":"https:\/\/infoecos.com.ar\/index.php\/wp-json\/wp\/v2\/media\/78334"}],"wp:attachment":[{"href":"https:\/\/infoecos.com.ar\/index.php\/wp-json\/wp\/v2\/media?parent=78333"}],"wp:term":[{"taxonomy":"category","embeddable":true,"href":"https:\/\/infoecos.com.ar\/index.php\/wp-json\/wp\/v2\/categories?post=78333"},{"taxonomy":"post_tag","embeddable":true,"href":"https:\/\/infoecos.com.ar\/index.php\/wp-json\/wp\/v2\/tags?post=78333"}],"curies":[{"name":"wp","href":"https:\/\/api.w.org\/{rel}","templated":true}]}}