{"id":78372,"date":"2021-05-19T23:55:01","date_gmt":"2021-05-20T02:55:01","guid":{"rendered":"http:\/\/infoecos.com.ar\/?p=78372"},"modified":"2021-05-19T23:55:27","modified_gmt":"2021-05-20T02:55:27","slug":"region-sanitaria-ii-anuncio-que-el-hospital-de-9-de-julio-tendra-por-primera-vez-un-tomografo","status":"publish","type":"post","link":"https:\/\/infoecos.com.ar\/index.php\/region-sanitaria-ii-anuncio-que-el-hospital-de-9-de-julio-tendra-por-primera-vez-un-tomografo\/","title":{"rendered":"Regi\u00f3n Sanitaria II anunci\u00f3 que el Hospital de 9 de Julio tendr\u00e1, por primera vez, un tom\u00f3grafo"},"content":{"rendered":"\n<p class=\"wp-block-paragraph\">Se anunciaron una serie de inversiones en el Hospital Municipal \u00abJulio De Vedia\u00bb de la ciudad de 9 de Julio. El titular de la Zona Sanitaria II, doctor Hern\u00e1ndez, acompa\u00f1ado por los doctores Jos\u00e9 Mar\u00eda Mignes y Claudio Rosello se refirieron a mejoras que se incoporar\u00e1n al efector de salud.<\/p>\n\n\n\n<div class=\"wp-block-image\"><figure class=\"aligncenter size-large\"><img loading=\"lazy\" decoding=\"async\" width=\"600\" height=\"450\" src=\"http:\/\/infoecos.com.ar\/wp-content\/uploads\/2021\/05\/HERNANDEZN9DEULIO.jpg\" alt=\"\" class=\"wp-image-78373\" srcset=\"https:\/\/infoecos.com.ar\/wp-content\/uploads\/2021\/05\/HERNANDEZN9DEULIO.jpg 600w, https:\/\/infoecos.com.ar\/wp-content\/uploads\/2021\/05\/HERNANDEZN9DEULIO-460x345.jpg 460w\" sizes=\"auto, (max-width: 600px) 100vw, 600px\" \/><\/figure><\/div>\n\n\n\n<p class=\"wp-block-paragraph\">Por primera vez en la historia del Hospital habr\u00e1 un tom\u00f3grafo; se invertir\u00e1n 5 millones de pesos para la reparaci\u00f3n de equipos (colonoscopio, arco en C, compresor de aire comprimido para la Terapia intensiva, etc).  <\/p>\n\n\n\n<p class=\"wp-block-paragraph\">Hern\u00e1ndez y los profesionales que lo acompa\u00f1aban anunciaron, adem\u00e1s, la incorporaci\u00f3n de personal para fortalecer el servicio de guardia, como as\u00ed tambi\u00e9n la provisi\u00f3n de 3 camas m\u00e1s de Terapia intensiva, con todo el equipamiento de \u00faltima tecnolog\u00eda.<\/p>\n","protected":false},"excerpt":{"rendered":"<p>Se invertir\u00e1n 5 millones de pesos para la reparaci\u00f3n de equipos (colonoscopio, arco en C, compresor de aire comprimido para la Terapia intensiva, etc)<\/p>\n","protected":false},"author":2,"featured_media":78373,"comment_status":"closed","ping_status":"open","sticky":false,"template":"","format":"standard","meta":{"footnotes":""},"categories":[24],"tags":[3705],"class_list":["post-78372","post","type-post","status-publish","format-standard","has-post-thumbnail","hentry","category-c1nota3","tag-inversiones-en-salud"],"featured_image_urls":{"full":["https:\/\/infoecos.com.ar\/wp-content\/uploads\/2021\/05\/HERNANDEZN9DEULIO.jpg",600,450,false],"thumbnail":["https:\/\/infoecos.com.ar\/wp-content\/uploads\/2021\/05\/HERNANDEZN9DEULIO-150x150.jpg",150,150,true],"medium":["https:\/\/infoecos.com.ar\/wp-content\/uploads\/2021\/05\/HERNANDEZN9DEULIO-460x345.jpg",460,345,true],"medium_large":["https:\/\/infoecos.com.ar\/wp-content\/uploads\/2021\/05\/HERNANDEZN9DEULIO.jpg",600,450,false],"large":["https:\/\/infoecos.com.ar\/wp-content\/uploads\/2021\/05\/HERNANDEZN9DEULIO.jpg",600,450,false],"1536x1536":["https:\/\/infoecos.com.ar\/wp-content\/uploads\/2021\/05\/HERNANDEZN9DEULIO.jpg",600,450,false],"2048x2048":["https:\/\/infoecos.com.ar\/wp-content\/uploads\/2021\/05\/HERNANDEZN9DEULIO.jpg",600,450,false],"covernews-slider-full":["https:\/\/infoecos.com.ar\/wp-content\/uploads\/2021\/05\/HERNANDEZN9DEULIO.jpg",600,450,false],"covernews-slider-center":["https:\/\/infoecos.com.ar\/wp-content\/uploads\/2021\/05\/HERNANDEZN9DEULIO.jpg",600,450,false],"covernews-featured":["https:\/\/infoecos.com.ar\/wp-content\/uploads\/2021\/05\/HERNANDEZN9DEULIO.jpg",600,450,false],"covernews-medium":["https:\/\/infoecos.com.ar\/wp-content\/uploads\/2021\/05\/HERNANDEZN9DEULIO-600x380.jpg",537,340,true],"covernews-medium-square":["https:\/\/infoecos.com.ar\/wp-content\/uploads\/2021\/05\/HERNANDEZN9DEULIO.jpg",333,250,false]},"author_info":{"info":["Jorge Matheus"]},"category_info":"<a href=\"https:\/\/infoecos.com.ar\/index.php\/category\/c1nota3\/\" rel=\"category tag\">C1 N3<\/a>","tag_info":"C1 N3","comment_count":"0","_links":{"self":[{"href":"https:\/\/infoecos.com.ar\/index.php\/wp-json\/wp\/v2\/posts\/78372","targetHints":{"allow":["GET"]}}],"collection":[{"href":"https:\/\/infoecos.com.ar\/index.php\/wp-json\/wp\/v2\/posts"}],"about":[{"href":"https:\/\/infoecos.com.ar\/index.php\/wp-json\/wp\/v2\/types\/post"}],"author":[{"embeddable":true,"href":"https:\/\/infoecos.com.ar\/index.php\/wp-json\/wp\/v2\/users\/2"}],"replies":[{"embeddable":true,"href":"https:\/\/infoecos.com.ar\/index.php\/wp-json\/wp\/v2\/comments?post=78372"}],"version-history":[{"count":1,"href":"https:\/\/infoecos.com.ar\/index.php\/wp-json\/wp\/v2\/posts\/78372\/revisions"}],"predecessor-version":[{"id":78374,"href":"https:\/\/infoecos.com.ar\/index.php\/wp-json\/wp\/v2\/posts\/78372\/revisions\/78374"}],"wp:featuredmedia":[{"embeddable":true,"href":"https:\/\/infoecos.com.ar\/index.php\/wp-json\/wp\/v2\/media\/78373"}],"wp:attachment":[{"href":"https:\/\/infoecos.com.ar\/index.php\/wp-json\/wp\/v2\/media?parent=78372"}],"wp:term":[{"taxonomy":"category","embeddable":true,"href":"https:\/\/infoecos.com.ar\/index.php\/wp-json\/wp\/v2\/categories?post=78372"},{"taxonomy":"post_tag","embeddable":true,"href":"https:\/\/infoecos.com.ar\/index.php\/wp-json\/wp\/v2\/tags?post=78372"}],"curies":[{"name":"wp","href":"https:\/\/api.w.org\/{rel}","templated":true}]}}