{"id":78377,"date":"2021-05-20T00:08:37","date_gmt":"2021-05-20T03:08:37","guid":{"rendered":"http:\/\/infoecos.com.ar\/?p=78377"},"modified":"2021-05-20T00:08:50","modified_gmt":"2021-05-20T03:08:50","slug":"sigue-siendo-muy-serio-el-panorama-en-chivilcoy-116-casos-confirmados-y-el-fallecimiento-de-tres-personas","status":"publish","type":"post","link":"https:\/\/infoecos.com.ar\/index.php\/sigue-siendo-muy-serio-el-panorama-en-chivilcoy-116-casos-confirmados-y-el-fallecimiento-de-tres-personas\/","title":{"rendered":"Sigue siendo muy serio el panorama en Chivilcoy: 116 casos confirmados y el fallecimiento de tres personas"},"content":{"rendered":"\n<p class=\"wp-block-paragraph\">Se reportaron 116 casos confirmados de Covid-19, de los cuales 69 corresponden al sistema p\u00fablico -con 56 descartados- y 47 al sistema privado, en el distrito de Chivilcoy.<\/p>\n\n\n\n<div class=\"wp-block-image\"><figure class=\"aligncenter size-medium\"><img loading=\"lazy\" decoding=\"async\" width=\"460\" height=\"259\" src=\"http:\/\/infoecos.com.ar\/wp-content\/uploads\/2021\/05\/britos-1-460x259.jpg\" alt=\"\" class=\"wp-image-78378\" srcset=\"https:\/\/infoecos.com.ar\/wp-content\/uploads\/2021\/05\/britos-1-460x259.jpg 460w, https:\/\/infoecos.com.ar\/wp-content\/uploads\/2021\/05\/britos-1-920x518.jpg 920w, https:\/\/infoecos.com.ar\/wp-content\/uploads\/2021\/05\/britos-1-768x432.jpg 768w, https:\/\/infoecos.com.ar\/wp-content\/uploads\/2021\/05\/britos-1-1024x576.jpg 1024w, https:\/\/infoecos.com.ar\/wp-content\/uploads\/2021\/05\/britos-1.jpg 1280w\" sizes=\"auto, (max-width: 460px) 100vw, 460px\" \/><\/figure><\/div>\n\n\n\n<p class=\"wp-block-paragraph\">Por otro lado, se recuperaron 43 pacientes y, lamentablemente, fallecieron tres personas, un hombre de 56 a\u00f1os y dos mujeres de 68 y 83 a\u00f1os. <\/p>\n\n\n\n<p class=\"wp-block-paragraph\">Para hoy se esperan 126 resultados. <\/p>\n\n\n\n<p class=\"wp-block-paragraph\">Los casos del sistema p\u00fablico corresponden a 69 personas entre 15 y 84 a\u00f1os. En tanto, que los 47 casos del sistema privado corresponden a personas entre 21 y 90 a\u00f1os.<\/p>\n","protected":false},"excerpt":{"rendered":"<p>Los casos del sistema p\u00fablico corresponden a 69 personas entre 15 y 84 a\u00f1os. En tanto, que los 47 casos del sistema privado corresponden a personas entre 21 y 90 a\u00f1os<\/p>\n","protected":false},"author":2,"featured_media":78378,"comment_status":"closed","ping_status":"open","sticky":false,"template":"","format":"standard","meta":{"footnotes":""},"categories":[48],"tags":[1785],"class_list":["post-78377","post","type-post","status-publish","format-standard","has-post-thumbnail","hentry","category-c2nota3","tag-coronavirus"],"featured_image_urls":{"full":["https:\/\/infoecos.com.ar\/wp-content\/uploads\/2021\/05\/britos-1.jpg",1280,720,false],"thumbnail":["https:\/\/infoecos.com.ar\/wp-content\/uploads\/2021\/05\/britos-1-150x150.jpg",150,150,true],"medium":["https:\/\/infoecos.com.ar\/wp-content\/uploads\/2021\/05\/britos-1-460x259.jpg",460,259,true],"medium_large":["https:\/\/infoecos.com.ar\/wp-content\/uploads\/2021\/05\/britos-1-768x432.jpg",640,360,true],"large":["https:\/\/infoecos.com.ar\/wp-content\/uploads\/2021\/05\/britos-1-920x518.jpg",640,360,true],"1536x1536":["https:\/\/infoecos.com.ar\/wp-content\/uploads\/2021\/05\/britos-1.jpg",1280,720,false],"2048x2048":["https:\/\/infoecos.com.ar\/wp-content\/uploads\/2021\/05\/britos-1.jpg",1280,720,false],"covernews-slider-full":["https:\/\/infoecos.com.ar\/wp-content\/uploads\/2021\/05\/britos-1.jpg",1115,627,false],"covernews-slider-center":["https:\/\/infoecos.com.ar\/wp-content\/uploads\/2021\/05\/britos-1-936x720.jpg",650,500,true],"covernews-featured":["https:\/\/infoecos.com.ar\/wp-content\/uploads\/2021\/05\/britos-1-1024x576.jpg",1024,576,true],"covernews-medium":["https:\/\/infoecos.com.ar\/wp-content\/uploads\/2021\/05\/britos-1-720x380.jpg",540,285,true],"covernews-medium-square":["https:\/\/infoecos.com.ar\/wp-content\/uploads\/2021\/05\/britos-1-675x450.jpg",375,250,true]},"author_info":{"info":["Jorge Matheus"]},"category_info":"<a href=\"https:\/\/infoecos.com.ar\/index.php\/category\/c2nota3\/\" rel=\"category tag\">C2 N3<\/a>","tag_info":"C2 N3","comment_count":"0","_links":{"self":[{"href":"https:\/\/infoecos.com.ar\/index.php\/wp-json\/wp\/v2\/posts\/78377","targetHints":{"allow":["GET"]}}],"collection":[{"href":"https:\/\/infoecos.com.ar\/index.php\/wp-json\/wp\/v2\/posts"}],"about":[{"href":"https:\/\/infoecos.com.ar\/index.php\/wp-json\/wp\/v2\/types\/post"}],"author":[{"embeddable":true,"href":"https:\/\/infoecos.com.ar\/index.php\/wp-json\/wp\/v2\/users\/2"}],"replies":[{"embeddable":true,"href":"https:\/\/infoecos.com.ar\/index.php\/wp-json\/wp\/v2\/comments?post=78377"}],"version-history":[{"count":1,"href":"https:\/\/infoecos.com.ar\/index.php\/wp-json\/wp\/v2\/posts\/78377\/revisions"}],"predecessor-version":[{"id":78379,"href":"https:\/\/infoecos.com.ar\/index.php\/wp-json\/wp\/v2\/posts\/78377\/revisions\/78379"}],"wp:featuredmedia":[{"embeddable":true,"href":"https:\/\/infoecos.com.ar\/index.php\/wp-json\/wp\/v2\/media\/78378"}],"wp:attachment":[{"href":"https:\/\/infoecos.com.ar\/index.php\/wp-json\/wp\/v2\/media?parent=78377"}],"wp:term":[{"taxonomy":"category","embeddable":true,"href":"https:\/\/infoecos.com.ar\/index.php\/wp-json\/wp\/v2\/categories?post=78377"},{"taxonomy":"post_tag","embeddable":true,"href":"https:\/\/infoecos.com.ar\/index.php\/wp-json\/wp\/v2\/tags?post=78377"}],"curies":[{"name":"wp","href":"https:\/\/api.w.org\/{rel}","templated":true}]}}