{"id":78380,"date":"2021-05-20T00:15:14","date_gmt":"2021-05-20T03:15:14","guid":{"rendered":"http:\/\/infoecos.com.ar\/?p=78380"},"modified":"2021-05-20T00:15:20","modified_gmt":"2021-05-20T03:15:20","slug":"nuevo-record-de-contagios-en-el-distrito-de-bragado-y-dos-fallecimientos","status":"publish","type":"post","link":"https:\/\/infoecos.com.ar\/index.php\/nuevo-record-de-contagios-en-el-distrito-de-bragado-y-dos-fallecimientos\/","title":{"rendered":"Nuevo record de contagios en el distrito de Bragado y dos fallecimientos"},"content":{"rendered":"\n<p class=\"wp-block-paragraph\">Dos fallecimientos por COVID ocurridos en la madrugada de ayer y nuevo<strong> <\/strong>r\u00e9cord de nuevos contagios y de casos activos ya que en las \u00faltimas 24hs hubo 93 positivos y el total de enfermos lleg\u00f3 a 733.<\/p>\n\n\n\n<div class=\"wp-block-image\"><figure class=\"aligncenter size-medium\"><img loading=\"lazy\" decoding=\"async\" width=\"460\" height=\"259\" src=\"http:\/\/infoecos.com.ar\/wp-content\/uploads\/f800x450-70007_121453_0-460x259.jpg\" alt=\"\" class=\"wp-image-61364\" srcset=\"https:\/\/infoecos.com.ar\/wp-content\/uploads\/f800x450-70007_121453_0-460x259.jpg 460w, https:\/\/infoecos.com.ar\/wp-content\/uploads\/f800x450-70007_121453_0-768x432.jpg 768w, https:\/\/infoecos.com.ar\/wp-content\/uploads\/f800x450-70007_121453_0.jpg 800w\" sizes=\"auto, (max-width: 460px) 100vw, 460px\" \/><\/figure><\/div>\n\n\n\n<p class=\"wp-block-paragraph\">La mayor\u00eda de los nuevos contagios fueron diagnosticados por el sistema p\u00fablico de salud ya que 35 hisopados fueron analizados por el Hospital San Luis, 24 se conocieron por el Plan DetectAr y otros 7 son considerados positivos por criterio m\u00e9dico epidemiol\u00f3gico. En lo que respeta a los 27 restantes, se conocieron por laboratorios privados. Tambi\u00e9n hubo 145 resultados negativos.<\/p>\n\n\n\n<p class=\"wp-block-paragraph\">El record m\u00e1s alto de nuevos contagios se hab\u00eda registrado el 14 de mayo cuando se diagnosticaron 83 positivos, es decir 10 pacientes menos.<\/p>\n","protected":false},"excerpt":{"rendered":"<p>El record m\u00e1s alto de nuevos contagios se hab\u00eda registrado el 14 de mayo cuando se diagnosticaron 83 positivos, es decir 10 pacientes menos<\/p>\n","protected":false},"author":2,"featured_media":61364,"comment_status":"closed","ping_status":"open","sticky":false,"template":"","format":"standard","meta":{"footnotes":""},"categories":[49],"tags":[3706],"class_list":["post-78380","post","type-post","status-publish","format-standard","has-post-thumbnail","hentry","category-c3nota3","tag-93-positivos"],"featured_image_urls":{"full":["https:\/\/infoecos.com.ar\/wp-content\/uploads\/f800x450-70007_121453_0.jpg",800,450,false],"thumbnail":["https:\/\/infoecos.com.ar\/wp-content\/uploads\/f800x450-70007_121453_0-150x150.jpg",150,150,true],"medium":["https:\/\/infoecos.com.ar\/wp-content\/uploads\/f800x450-70007_121453_0-460x259.jpg",460,259,true],"medium_large":["https:\/\/infoecos.com.ar\/wp-content\/uploads\/f800x450-70007_121453_0-768x432.jpg",640,360,true],"large":["https:\/\/infoecos.com.ar\/wp-content\/uploads\/f800x450-70007_121453_0.jpg",640,360,false],"1536x1536":["https:\/\/infoecos.com.ar\/wp-content\/uploads\/f800x450-70007_121453_0.jpg",800,450,false],"2048x2048":["https:\/\/infoecos.com.ar\/wp-content\/uploads\/f800x450-70007_121453_0.jpg",800,450,false],"covernews-slider-full":["https:\/\/infoecos.com.ar\/wp-content\/uploads\/f800x450-70007_121453_0.jpg",800,450,false],"covernews-slider-center":["https:\/\/infoecos.com.ar\/wp-content\/uploads\/f800x450-70007_121453_0.jpg",800,450,false],"covernews-featured":["https:\/\/infoecos.com.ar\/wp-content\/uploads\/f800x450-70007_121453_0.jpg",800,450,false],"covernews-medium":["https:\/\/infoecos.com.ar\/wp-content\/uploads\/f800x450-70007_121453_0-720x380.jpg",540,285,true],"covernews-medium-square":["https:\/\/infoecos.com.ar\/wp-content\/uploads\/f800x450-70007_121453_0-675x450.jpg",375,250,true]},"author_info":{"info":["Jorge Matheus"]},"category_info":"<a href=\"https:\/\/infoecos.com.ar\/index.php\/category\/c3nota3\/\" rel=\"category tag\">C3 N3<\/a>","tag_info":"C3 N3","comment_count":"0","_links":{"self":[{"href":"https:\/\/infoecos.com.ar\/index.php\/wp-json\/wp\/v2\/posts\/78380","targetHints":{"allow":["GET"]}}],"collection":[{"href":"https:\/\/infoecos.com.ar\/index.php\/wp-json\/wp\/v2\/posts"}],"about":[{"href":"https:\/\/infoecos.com.ar\/index.php\/wp-json\/wp\/v2\/types\/post"}],"author":[{"embeddable":true,"href":"https:\/\/infoecos.com.ar\/index.php\/wp-json\/wp\/v2\/users\/2"}],"replies":[{"embeddable":true,"href":"https:\/\/infoecos.com.ar\/index.php\/wp-json\/wp\/v2\/comments?post=78380"}],"version-history":[{"count":1,"href":"https:\/\/infoecos.com.ar\/index.php\/wp-json\/wp\/v2\/posts\/78380\/revisions"}],"predecessor-version":[{"id":78381,"href":"https:\/\/infoecos.com.ar\/index.php\/wp-json\/wp\/v2\/posts\/78380\/revisions\/78381"}],"wp:featuredmedia":[{"embeddable":true,"href":"https:\/\/infoecos.com.ar\/index.php\/wp-json\/wp\/v2\/media\/61364"}],"wp:attachment":[{"href":"https:\/\/infoecos.com.ar\/index.php\/wp-json\/wp\/v2\/media?parent=78380"}],"wp:term":[{"taxonomy":"category","embeddable":true,"href":"https:\/\/infoecos.com.ar\/index.php\/wp-json\/wp\/v2\/categories?post=78380"},{"taxonomy":"post_tag","embeddable":true,"href":"https:\/\/infoecos.com.ar\/index.php\/wp-json\/wp\/v2\/tags?post=78380"}],"curies":[{"name":"wp","href":"https:\/\/api.w.org\/{rel}","templated":true}]}}