{"id":78389,"date":"2021-05-20T00:45:03","date_gmt":"2021-05-20T03:45:03","guid":{"rendered":"http:\/\/infoecos.com.ar\/?p=78389"},"modified":"2021-05-20T00:45:19","modified_gmt":"2021-05-20T03:45:19","slug":"carlos-casares-a-fase-2-lo-anuncio-este-miercoles-el-intendente-walter-torchio","status":"publish","type":"post","link":"https:\/\/infoecos.com.ar\/index.php\/carlos-casares-a-fase-2-lo-anuncio-este-miercoles-el-intendente-walter-torchio\/","title":{"rendered":"Carlos Casares a Fase 2: lo anunci\u00f3 este mi\u00e9rcoles el intendente Walter Torchio"},"content":{"rendered":"\n<p class=\"wp-block-paragraph\"><strong>El Intendente Municipal de Carlos Casares, Walter Torchio<\/strong>, confirm\u00f3 de car\u00e1cter oficial el ingreso de Carlos Casares a fase 2.<\/p>\n\n\n\n<p class=\"wp-block-paragraph\">Son varias las nuevas medidas.&nbsp;<strong>\u201cDe lunes a lunes, los nuevos horarios para todas las actividades salvo las esenciales (Agropecuarias, estaciones de servicios, farmacias) van de 06 a 19 hs.\u201d<\/strong>. Por ende, la circulaci\u00f3n termina a las 20 hs. Deliverys hasta las 23 hs.<\/p>\n\n\n\n<div class=\"wp-block-image\"><figure class=\"aligncenter size-medium\"><img loading=\"lazy\" decoding=\"async\" width=\"460\" height=\"345\" src=\"http:\/\/infoecos.com.ar\/wp-content\/uploads\/2021\/01\/carloscasaresmunicipio-460x345.jpg\" alt=\"\" class=\"wp-image-73039\" srcset=\"https:\/\/infoecos.com.ar\/wp-content\/uploads\/2021\/01\/carloscasaresmunicipio-460x345.jpg 460w, https:\/\/infoecos.com.ar\/wp-content\/uploads\/2021\/01\/carloscasaresmunicipio.jpg 640w\" sizes=\"auto, (max-width: 460px) 100vw, 460px\" \/><\/figure><\/div>\n\n\n\n<p class=\"wp-block-paragraph\">A su vez, y por cuestiones organizativas, en cuanto a Educaci\u00f3n, Torchio dijo que comenzar\u00e1n a aplicarse desde la pr\u00f3xima semana.&nbsp;<strong>\u201cDesde el lunes no habr\u00e1 prespecialidad en ning\u00fan nivel de la educaci\u00f3n de Casares, pero si las escuelas estar\u00e1n abiertas porque muchas est\u00e1n en obras, SAE, y otras cuestiones propias de la actividad, si se mantiene lo vinculado a la educaci\u00f3n especial\u201d<\/strong>.<\/p>\n\n\n\n<p class=\"wp-block-paragraph\">Asimismo, y hasta nuevo aviso, a partir del viernes se cierran los espacios p\u00fablicos. Por ejemplo, en San Estaban y San Cayetano solamente se podr\u00e1 ir a caminar; tampoco se podr\u00e1 estar en las plazas, ni usar sus juegos como los de las plazas saludables. \u201c<strong>Esto est\u00e1 determinado porque hemos comprobado que en los espacios p\u00fablicos no se cumplen las medidas fijadas por los protocolos\u201d<\/strong>.<\/p>\n\n\n\n<p class=\"wp-block-paragraph\">Clara y \u00fanicamente lo expuesto por la ascendente suba de casos es que, deber\u00edan comenzar a descender desde la semana que viene, afirm\u00f3 el Jefe Comunal, quien cerr\u00f3 su comunicaci\u00f3n diciendo que&nbsp;<strong>\u201cla \u00fanica informaci\u00f3n v\u00e1lida es la comunicaci\u00f3n oficial que doy yo en esta comunicaci\u00f3n\u201d<\/strong>, ante trascendidos de circulaci\u00f3n err\u00f3nea en cadenas de WhatsApp.<\/p>\n\n\n\n<h3 class=\"wp-block-heading\"><strong>Medidas correspondientes para Carlos Casares<\/strong><\/h3>\n\n\n\n<p class=\"wp-block-paragraph\">Empezaran a regir a partir de las 00 hs del d\u00eda viernes 21 de mayo de 2021.<\/p>\n\n\n\n<p class=\"wp-block-paragraph\"><strong>&#x25aa;<\/strong><strong>&nbsp;Circulaci\u00f3n<\/strong><\/p>\n\n\n\n<p class=\"wp-block-paragraph\">Queda prohibida la circulaci\u00f3n entre las 20 y las 06 horas, excepto trabajadores esenciales.<\/p>\n\n\n\n<p class=\"wp-block-paragraph\"><strong>&#x25aa;<\/strong><strong>&nbsp;Comercios, bares y restaurantes<\/strong><\/p>\n\n\n\n<p class=\"wp-block-paragraph\">Deber\u00e1n cerrar sus puertas entre las 19 y las 06 horas.<\/p>\n\n\n\n<p class=\"wp-block-paragraph\">Quedan exceptuados de esta limitaci\u00f3n horaria las farmacias de turno, y expendio de combustibles que funcionar\u00e1n las 24 horas.<\/p>\n\n\n\n<p class=\"wp-block-paragraph\"><strong>&#x25aa;<\/strong><strong>Delivery&nbsp;<\/strong><\/p>\n\n\n\n<p class=\"wp-block-paragraph\">Permitida su circulaci\u00f3n hasta las 23hs.<\/p>\n\n\n\n<p class=\"wp-block-paragraph\"><strong>&#x25aa;<\/strong><strong>Quedan prohibidas las actividades y reuniones sociales en domicilios particulares.<\/strong><\/p>\n\n\n\n<p class=\"wp-block-paragraph\"><strong>&#x25aa;<\/strong><strong>&nbsp;Educaci\u00f3n formal y no formal<\/strong><\/p>\n\n\n\n<p class=\"wp-block-paragraph\">En todos los niveles y en todas sus modalidades ser\u00e1n \u00fanicamente virtuales. Salvo educaci\u00f3n especial que estar\u00e1 habilitada en todas las fases.<\/p>\n","protected":false},"excerpt":{"rendered":"<p>\u201cDe lunes a lunes, los nuevos horarios para todas las actividades salvo las esenciales (Agropecuarias, estaciones de servicios, farmacias) van de 06 a 19 hs.\u201d<\/p>\n","protected":false},"author":2,"featured_media":73039,"comment_status":"closed","ping_status":"open","sticky":false,"template":"","format":"standard","meta":{"footnotes":""},"categories":[197],"tags":[1785],"class_list":["post-78389","post","type-post","status-publish","format-standard","has-post-thumbnail","hentry","category-c3nota4","tag-coronavirus"],"featured_image_urls":{"full":["https:\/\/infoecos.com.ar\/wp-content\/uploads\/2021\/01\/carloscasaresmunicipio.jpg",640,480,false],"thumbnail":["https:\/\/infoecos.com.ar\/wp-content\/uploads\/2021\/01\/carloscasaresmunicipio-150x150.jpg",150,150,true],"medium":["https:\/\/infoecos.com.ar\/wp-content\/uploads\/2021\/01\/carloscasaresmunicipio-460x345.jpg",460,345,true],"medium_large":["https:\/\/infoecos.com.ar\/wp-content\/uploads\/2021\/01\/carloscasaresmunicipio.jpg",640,480,false],"large":["https:\/\/infoecos.com.ar\/wp-content\/uploads\/2021\/01\/carloscasaresmunicipio.jpg",640,480,false],"1536x1536":["https:\/\/infoecos.com.ar\/wp-content\/uploads\/2021\/01\/carloscasaresmunicipio.jpg",640,480,false],"2048x2048":["https:\/\/infoecos.com.ar\/wp-content\/uploads\/2021\/01\/carloscasaresmunicipio.jpg",640,480,false],"covernews-slider-full":["https:\/\/infoecos.com.ar\/wp-content\/uploads\/2021\/01\/carloscasaresmunicipio.jpg",640,480,false],"covernews-slider-center":["https:\/\/infoecos.com.ar\/wp-content\/uploads\/2021\/01\/carloscasaresmunicipio.jpg",640,480,false],"covernews-featured":["https:\/\/infoecos.com.ar\/wp-content\/uploads\/2021\/01\/carloscasaresmunicipio.jpg",640,480,false],"covernews-medium":["https:\/\/infoecos.com.ar\/wp-content\/uploads\/2021\/01\/carloscasaresmunicipio-640x380.jpg",540,321,true],"covernews-medium-square":["https:\/\/infoecos.com.ar\/wp-content\/uploads\/2021\/01\/carloscasaresmunicipio-640x450.jpg",356,250,true]},"author_info":{"info":["Jorge Matheus"]},"category_info":"<a href=\"https:\/\/infoecos.com.ar\/index.php\/category\/c3nota4\/\" rel=\"category tag\">C3 N4<\/a>","tag_info":"C3 N4","comment_count":"0","_links":{"self":[{"href":"https:\/\/infoecos.com.ar\/index.php\/wp-json\/wp\/v2\/posts\/78389","targetHints":{"allow":["GET"]}}],"collection":[{"href":"https:\/\/infoecos.com.ar\/index.php\/wp-json\/wp\/v2\/posts"}],"about":[{"href":"https:\/\/infoecos.com.ar\/index.php\/wp-json\/wp\/v2\/types\/post"}],"author":[{"embeddable":true,"href":"https:\/\/infoecos.com.ar\/index.php\/wp-json\/wp\/v2\/users\/2"}],"replies":[{"embeddable":true,"href":"https:\/\/infoecos.com.ar\/index.php\/wp-json\/wp\/v2\/comments?post=78389"}],"version-history":[{"count":1,"href":"https:\/\/infoecos.com.ar\/index.php\/wp-json\/wp\/v2\/posts\/78389\/revisions"}],"predecessor-version":[{"id":78390,"href":"https:\/\/infoecos.com.ar\/index.php\/wp-json\/wp\/v2\/posts\/78389\/revisions\/78390"}],"wp:featuredmedia":[{"embeddable":true,"href":"https:\/\/infoecos.com.ar\/index.php\/wp-json\/wp\/v2\/media\/73039"}],"wp:attachment":[{"href":"https:\/\/infoecos.com.ar\/index.php\/wp-json\/wp\/v2\/media?parent=78389"}],"wp:term":[{"taxonomy":"category","embeddable":true,"href":"https:\/\/infoecos.com.ar\/index.php\/wp-json\/wp\/v2\/categories?post=78389"},{"taxonomy":"post_tag","embeddable":true,"href":"https:\/\/infoecos.com.ar\/index.php\/wp-json\/wp\/v2\/tags?post=78389"}],"curies":[{"name":"wp","href":"https:\/\/api.w.org\/{rel}","templated":true}]}}