{"id":78391,"date":"2021-05-20T00:52:37","date_gmt":"2021-05-20T03:52:37","guid":{"rendered":"http:\/\/infoecos.com.ar\/?p=78391"},"modified":"2021-05-20T00:52:52","modified_gmt":"2021-05-20T03:52:52","slug":"crece-el-numero-de-casos-activos-en-el-distrito-de-pehuajo","status":"publish","type":"post","link":"https:\/\/infoecos.com.ar\/index.php\/crece-el-numero-de-casos-activos-en-el-distrito-de-pehuajo\/","title":{"rendered":"Crece el n\u00famero de casos activos en el distrito de Pehuaj\u00f3"},"content":{"rendered":"\n<p class=\"wp-block-paragraph\">Sigue creciendo el n\u00famero de personas con Covid activo en el distrito de Pehuaj\u00f3. El informe correspondiente al d\u00eda de ayer indica que son 276 los vecinos con coronavirus e las \u00faltimas 24 horas. Adem\u00e1s, son 672 las personas aisladas, y se espera el resultado de 91 hisopados.<\/p>\n\n\n\n<p class=\"wp-block-paragraph\">Lamentablemente para el partido de Pehuaj\u00f3, es el peor momento desde el inicio de la pandemia en marzo del a\u00f1o pasado. Con un nuevo r\u00e9cord de casos, que marca el punto m\u00e1s alto y un crecimiento de 79 positivos en cuatro d\u00edas.<\/p>\n\n\n\n<p class=\"wp-block-paragraph\">Mientras que solo en los informes correspondientes al mes de mayo se indic\u00f3 que fallecieron 26 personas, de las 69 que perdieron la vida como consecuencia del coronavirus.<\/p>\n\n\n\n<div class=\"wp-block-image\"><figure class=\"aligncenter size-large\"><img loading=\"lazy\" decoding=\"async\" width=\"293\" height=\"300\" src=\"http:\/\/infoecos.com.ar\/wp-content\/uploads\/2021\/05\/reportemiercoles-3.jpg\" alt=\"\" class=\"wp-image-78392\"\/><\/figure><\/div>\n\n\n\n<p class=\"wp-block-paragraph\"><strong>Fuente: 365pehuajo.com.ar<\/strong><\/p>\n","protected":false},"excerpt":{"rendered":"<p>Lamentablemente para el partido de Pehuaj\u00f3, es el peor momento desde el inicio de la pandemia en marzo del a\u00f1o pasado<\/p>\n","protected":false},"author":2,"featured_media":77887,"comment_status":"closed","ping_status":"open","sticky":false,"template":"","format":"standard","meta":{"footnotes":""},"categories":[1325],"tags":[1785],"class_list":["post-78391","post","type-post","status-publish","format-standard","has-post-thumbnail","hentry","category-c1nota6","tag-coronavirus"],"featured_image_urls":{"full":["https:\/\/infoecos.com.ar\/wp-content\/uploads\/2021\/05\/vacunacionpehuajo.jpg",640,426,false],"thumbnail":["https:\/\/infoecos.com.ar\/wp-content\/uploads\/2021\/05\/vacunacionpehuajo-150x150.jpg",150,150,true],"medium":["https:\/\/infoecos.com.ar\/wp-content\/uploads\/2021\/05\/vacunacionpehuajo-460x306.jpg",460,306,true],"medium_large":["https:\/\/infoecos.com.ar\/wp-content\/uploads\/2021\/05\/vacunacionpehuajo.jpg",640,426,false],"large":["https:\/\/infoecos.com.ar\/wp-content\/uploads\/2021\/05\/vacunacionpehuajo.jpg",640,426,false],"1536x1536":["https:\/\/infoecos.com.ar\/wp-content\/uploads\/2021\/05\/vacunacionpehuajo.jpg",640,426,false],"2048x2048":["https:\/\/infoecos.com.ar\/wp-content\/uploads\/2021\/05\/vacunacionpehuajo.jpg",640,426,false],"covernews-slider-full":["https:\/\/infoecos.com.ar\/wp-content\/uploads\/2021\/05\/vacunacionpehuajo.jpg",640,426,false],"covernews-slider-center":["https:\/\/infoecos.com.ar\/wp-content\/uploads\/2021\/05\/vacunacionpehuajo.jpg",640,426,false],"covernews-featured":["https:\/\/infoecos.com.ar\/wp-content\/uploads\/2021\/05\/vacunacionpehuajo.jpg",640,426,false],"covernews-medium":["https:\/\/infoecos.com.ar\/wp-content\/uploads\/2021\/05\/vacunacionpehuajo-640x380.jpg",540,321,true],"covernews-medium-square":["https:\/\/infoecos.com.ar\/wp-content\/uploads\/2021\/05\/vacunacionpehuajo.jpg",376,250,false]},"author_info":{"info":["Jorge Matheus"]},"category_info":"<a href=\"https:\/\/infoecos.com.ar\/index.php\/category\/c1nota6\/\" rel=\"category tag\">C1 nota 6<\/a>","tag_info":"C1 nota 6","comment_count":"0","_links":{"self":[{"href":"https:\/\/infoecos.com.ar\/index.php\/wp-json\/wp\/v2\/posts\/78391","targetHints":{"allow":["GET"]}}],"collection":[{"href":"https:\/\/infoecos.com.ar\/index.php\/wp-json\/wp\/v2\/posts"}],"about":[{"href":"https:\/\/infoecos.com.ar\/index.php\/wp-json\/wp\/v2\/types\/post"}],"author":[{"embeddable":true,"href":"https:\/\/infoecos.com.ar\/index.php\/wp-json\/wp\/v2\/users\/2"}],"replies":[{"embeddable":true,"href":"https:\/\/infoecos.com.ar\/index.php\/wp-json\/wp\/v2\/comments?post=78391"}],"version-history":[{"count":1,"href":"https:\/\/infoecos.com.ar\/index.php\/wp-json\/wp\/v2\/posts\/78391\/revisions"}],"predecessor-version":[{"id":78393,"href":"https:\/\/infoecos.com.ar\/index.php\/wp-json\/wp\/v2\/posts\/78391\/revisions\/78393"}],"wp:featuredmedia":[{"embeddable":true,"href":"https:\/\/infoecos.com.ar\/index.php\/wp-json\/wp\/v2\/media\/77887"}],"wp:attachment":[{"href":"https:\/\/infoecos.com.ar\/index.php\/wp-json\/wp\/v2\/media?parent=78391"}],"wp:term":[{"taxonomy":"category","embeddable":true,"href":"https:\/\/infoecos.com.ar\/index.php\/wp-json\/wp\/v2\/categories?post=78391"},{"taxonomy":"post_tag","embeddable":true,"href":"https:\/\/infoecos.com.ar\/index.php\/wp-json\/wp\/v2\/tags?post=78391"}],"curies":[{"name":"wp","href":"https:\/\/api.w.org\/{rel}","templated":true}]}}